{"id":17194,"date":"2013-03-02T14:30:49","date_gmt":"2013-03-02T17:30:49","guid":{"rendered":"http:\/\/www.24baires.com\/?p=17194"},"modified":"2013-03-02T13:55:37","modified_gmt":"2013-03-02T16:55:37","slug":"aliverti-pidio-que-no-se-agregue-dolor-que-se-haga-estricta-justicia","status":"publish","type":"post","link":"https:\/\/www.24baires.com\/?p=17194","title":{"rendered":"Aliverti pidi\u00f3 \u00abQue no se agregue dolor, que se haga estricta justicia\u00bb"},"content":{"rendered":"<p><img data-recalc-dims=\"1\" loading=\"lazy\" decoding=\"async\" class=\"aligncenter size-full wp-image-17195\" alt=\"aliverti garc\u00eda\" src=\"https:\/\/i0.wp.com\/www.24baires.com\/wp-content\/uploads\/2013\/03\/aliverti-garc%C3%ADa.jpg?resize=560%2C373\" width=\"560\" height=\"373\" srcset=\"https:\/\/i0.wp.com\/www.24baires.com\/wp-content\/uploads\/2013\/03\/aliverti-garc%C3%ADa.jpg?w=560&amp;ssl=1 560w, https:\/\/i0.wp.com\/www.24baires.com\/wp-content\/uploads\/2013\/03\/aliverti-garc%C3%ADa.jpg?resize=300%2C199&amp;ssl=1 300w\" sizes=\"auto, (max-width: 560px) 100vw, 560px\" \/>As\u00ed lo manifest\u00f3 el periodista Eduardo Aliverti, que volvi\u00f3 a conducir su programa radial, luego del accidente que protagoniz\u00f3 su hijo alcoholizado en la autopista Panamericana.<!--more--><br \/>\nEl periodista Eduardo Aliverti volvi\u00f3 a la radio, luego de que la semana pasada decidiera no salir al aire, sino dejar un comunicado grabado por la situaci\u00f3n que atraviesa.<\/p>\n<p>Este s\u00e1bado por la ma\u00f1ana, en vivo, expres\u00f3 su \u00abintento de volver a la normalidad profesional\u00bb y consider\u00f3 ya haber dicho \u00ablo que deb\u00eda decir p\u00fablicamente\u00bb sobre el accidente de tr\u00e1nsito por el que qued\u00f3 imputado su hijo, Pablo Garc\u00eda.<\/p>\n<p>\u00abDentro de una anormalidad supongo que imaginable, hoy encaro mediante la conducci\u00f3n del programa\u00bb, inici\u00f3 Aliverti en radio La Red. Adem\u00e1s asegur\u00f3 que realiza un \u00abintento de volver a la normalidad profesional\u00bb y pidi\u00f3 que se haga \u00abestricta justicia\u00bb.<\/p>\n<p>En cuanto a la muerte del ciclista, Aliverti enfatiz\u00f3: \u00abAcerca del hecho que involucra a mi hijo ya dije lo que sent\u00ed que deb\u00eda decir p\u00fablicamente, en dos oportunidades, m\u00e1s lo transmitido en estricta privacidad a la familia de Reinaldo Rodas\u00bb. \u00abDe mi parte, que no se cuente con agregarle dolor a tanto dolor, que se haga estricta justicia\u00bb, subray\u00f3 el periodista.<\/p>\n<p>&nbsp;<\/p>\n<p>&nbsp;<\/p>\n<p>&nbsp;<\/p>\n<p>&nbsp;<\/p>\n<p>&nbsp;<\/p>\n<p>&nbsp;<\/p>\n<p>&nbsp;<\/p>\n<p>&nbsp;<\/p>\n<p>&nbsp;<\/p>\n<p>&nbsp;<\/p>\n<p>&nbsp;<\/p>\n<p>&nbsp;<\/p>\n<p>&nbsp;<\/p>\n<p>&nbsp;<\/p>\n<p>&nbsp;<\/p>\n<p>&nbsp;<\/p>\n","protected":false},"excerpt":{"rendered":"<p>As\u00ed lo manifest\u00f3 el periodista Eduardo Aliverti, que volvi\u00f3 a conducir su programa radial, luego del accidente que protagoniz\u00f3 su hijo alcoholizado en la autopista Panamericana.<\/p>\n","protected":false},"author":4,"featured_media":0,"comment_status":"open","ping_status":"open","sticky":false,"template":"","format":"standard","meta":{"_jetpack_newsletter_access":"","_jetpack_dont_email_post_to_subs":false,"_jetpack_newsletter_tier_id":0,"_jetpack_memberships_contains_paywalled_content":false,"_jetpack_memberships_contains_paid_content":false,"footnotes":""},"categories":[1],"tags":[],"class_list":["post-17194","post","type-post","status-publish","format-standard","hentry","category-sociedad"],"jetpack_featured_media_url":"","jetpack_shortlink":"https:\/\/wp.me\/p2JWE0-4tk","jetpack-related-posts":[{"id":16211,"url":"https:\/\/www.24baires.com\/?p=16211","url_meta":{"origin":17194,"position":0},"title":"Aliverti reconoci\u00f3 que el conductor que mat\u00f3 y llev\u00f3 en su auto a un ciclista es su hijo","author":"AF","date":"20\/02\/2013","format":false,"excerpt":"El periodista radial Eduardo Aliverti reconoci\u00f3 que Pablo Garc\u00eda, el conductor que atropell\u00f3 y mat\u00f3 a un ciclista sobre la Panamericana y luego lo traslad\u00f3 durante 17 kil\u00f3metros sobre su autom\u00f3vil, es su hijo. En un escrito que public\u00f3 en la cuenta de Facebook de su programa \"Marca de Radio\"\u2026","rel":"","context":"En \u00abPoliciales\u00bb","block_context":{"text":"Policiales","link":"https:\/\/www.24baires.com\/?cat=49"},"img":{"alt_text":"","src":"","width":0,"height":0},"classes":[]},{"id":16506,"url":"https:\/\/www.24baires.com\/?p=16506","url_meta":{"origin":17194,"position":1},"title":"Aliverti no hizo hoy su programa y asegur\u00f3 grabado que \u00abes el peor momento de mi vida\u00bb","author":"Grupo Sierra","date":"23\/02\/2013","format":false,"excerpt":"El periodista y locutor Eduardo Aliverti, \u00a0no concurri\u00f3 hoy al programa que conduce los s\u00e1bados por radio La Red y, a trav\u00e9s de un mensaje grabado se refiri\u00f3 al accidente automovil\u00edstico que protagoniz\u00f3 su hijo, Pablo Garc\u00eda, el domingo pasado. \"Me ayudaron a pensar los que me quieren si deb\u00eda\u2026","rel":"","context":"En \u00abMedios\u00bb","block_context":{"text":"Medios","link":"https:\/\/www.24baires.com\/?cat=54"},"img":{"alt_text":"","src":"","width":0,"height":0},"classes":[]},{"id":16257,"url":"https:\/\/www.24baires.com\/?p=16257","url_meta":{"origin":17194,"position":2},"title":"Los compa\u00f1eros de trabajo del hijo de Aliverti se solidarizaron con la familia de la v\u00edctima","author":"Grupo Sierra","date":"21\/02\/2013","format":false,"excerpt":"El equipo del programa \"Uno Nunca Sabe\" de radio AM750, en el cual trabaja Pablo Garc\u00eda, el joven que atropell\u00f3 a un hombre al que llev\u00f3 17 kil\u00f3metros en su auto por la Panamericana, manifest\u00f3 estar \"conmocionado\" por el hecho. Como se sabe Garc\u00eda es hijo del\u00a0periodista radial Eduardo Aliverti.\u00a0\u2026","rel":"","context":"En \u00abMedios\u00bb","block_context":{"text":"Medios","link":"https:\/\/www.24baires.com\/?cat=54"},"img":{"alt_text":"aliverti peugeot","src":"https:\/\/i0.wp.com\/www.24baires.com\/wp-content\/uploads\/2013\/02\/aliverti-peugeot-300x200.jpg?resize=350%2C200","width":350,"height":200},"classes":[]},{"id":41468,"url":"https:\/\/www.24baires.com\/?p=41468","url_meta":{"origin":17194,"position":3},"title":"Recrean el pol\u00e9mico accidente de Pablo Garc\u00eda Aliverti","author":"Grupo Sierra","date":"03\/03\/2014","format":false,"excerpt":"Este viernes se realizar\u00e1 la reconstrucci\u00f3n del hecho por el que muri\u00f3 el vigilador Reinaldo Rodas. Tendr\u00e1 car\u00e1cter de indagatoria y es un paso previo a la elevaci\u00f3n a juicio de la causa. Para el proceso se cortar\u00e1n dos carriles en el kil\u00f3metro 52 de la autopista Panamericana, a la\u2026","rel":"","context":"En \u00abJUDICIALES\u00bb","block_context":{"text":"JUDICIALES","link":"https:\/\/www.24baires.com\/?cat=68"},"img":{"alt_text":"aliverti peugeot","src":"https:\/\/i0.wp.com\/www.24baires.com\/wp-content\/uploads\/2013\/02\/aliverti-peugeot-300x200.jpg?resize=350%2C200","width":350,"height":200},"classes":[]},{"id":22409,"url":"https:\/\/www.24baires.com\/?p=22409","url_meta":{"origin":17194,"position":4},"title":"Pablo Garc\u00eda asegur\u00f3 que se comunic\u00f3 en privado con la familia del vigilador","author":"AF","date":"02\/05\/2013","format":false,"excerpt":"El locutor asegur\u00f3 hoy que ya habl\u00f3 con la familia del vigilador privado Reinaldo Rodas, a quien atropell\u00f3 y mat\u00f3 cuando manejaba alcoholizado por la autopista Panamericana, a la altura de Pilar. Al salir de su casa esta ma\u00f1ana para dirigirse a declarar ante la fiscal de la causa, Mar\u00eda\u2026","rel":"","context":"En \u00abSociedad\u00bb","block_context":{"text":"Sociedad","link":"https:\/\/www.24baires.com\/?cat=1"},"img":{"alt_text":"504 p garcia","src":"https:\/\/i0.wp.com\/www.24baires.com\/wp-content\/uploads\/2013\/02\/504-p-garcia.jpg?resize=350%2C200","width":350,"height":200,"srcset":"https:\/\/i0.wp.com\/www.24baires.com\/wp-content\/uploads\/2013\/02\/504-p-garcia.jpg?resize=350%2C200 1x, https:\/\/i0.wp.com\/www.24baires.com\/wp-content\/uploads\/2013\/02\/504-p-garcia.jpg?resize=525%2C300 1.5x"},"classes":[]},{"id":21251,"url":"https:\/\/www.24baires.com\/?p=21251","url_meta":{"origin":17194,"position":5},"title":"Piden casi un mill\u00f3n y medio de pesos al hijo de Aliverti por la muerte del vigilador","author":"AF","date":"17\/04\/2013","format":false,"excerpt":"El pedido fue formalizado en una audiencia de mediaci\u00f3n realizada esta ma\u00f1ana, a la que no asisti\u00f3 Pablo Garc\u00eda Aliverti, quien est\u00e1 acusado de atropellar y matar a Reinaldo Rodas, el 17 de febrero pasado, cuando iba en bicicleta a su trabajo por la ruta Panamericana. El abogado de la\u2026","rel":"","context":"En \u00abPoliciales\u00bb","block_context":{"text":"Policiales","link":"https:\/\/www.24baires.com\/?cat=49"},"img":{"alt_text":"","src":"","width":0,"height":0},"classes":[]}],"jetpack_sharing_enabled":true,"jetpack_likes_enabled":true,"_links":{"self":[{"href":"https:\/\/www.24baires.com\/index.php?rest_route=\/wp\/v2\/posts\/17194","targetHints":{"allow":["GET"]}}],"collection":[{"href":"https:\/\/www.24baires.com\/index.php?rest_route=\/wp\/v2\/posts"}],"about":[{"href":"https:\/\/www.24baires.com\/index.php?rest_route=\/wp\/v2\/types\/post"}],"author":[{"embeddable":true,"href":"https:\/\/www.24baires.com\/index.php?rest_route=\/wp\/v2\/users\/4"}],"replies":[{"embeddable":true,"href":"https:\/\/www.24baires.com\/index.php?rest_route=%2Fwp%2Fv2%2Fcomments&post=17194"}],"version-history":[{"count":2,"href":"https:\/\/www.24baires.com\/index.php?rest_route=\/wp\/v2\/posts\/17194\/revisions"}],"predecessor-version":[{"id":17197,"href":"https:\/\/www.24baires.com\/index.php?rest_route=\/wp\/v2\/posts\/17194\/revisions\/17197"}],"wp:attachment":[{"href":"https:\/\/www.24baires.com\/index.php?rest_route=%2Fwp%2Fv2%2Fmedia&parent=17194"}],"wp:term":[{"taxonomy":"category","embeddable":true,"href":"https:\/\/www.24baires.com\/index.php?rest_route=%2Fwp%2Fv2%2Fcategories&post=17194"},{"taxonomy":"post_tag","embeddable":true,"href":"https:\/\/www.24baires.com\/index.php?rest_route=%2Fwp%2Fv2%2Ftags&post=17194"}],"curies":[{"name":"wp","href":"https:\/\/api.w.org\/{rel}","templated":true}]}}