{"id":17183,"date":"2013-01-02T12:00:30","date_gmt":"2013-01-02T15:00:30","guid":{"rendered":"http:\/\/www.24baires.com\/?p=17183"},"modified":"2013-03-02T12:38:40","modified_gmt":"2013-03-02T15:38:40","slug":"el-obispo-de-merlo-que-descubrieron-en-un-viaje-romantico-se-fue-a-espana","status":"publish","type":"post","link":"https:\/\/www.24baires.com\/?p=17183","title":{"rendered":"El obispo de Merlo que descubrieron en un viaje rom\u00e1ntico se fue a Espa\u00f1a"},"content":{"rendered":"<p><img data-recalc-dims=\"1\" loading=\"lazy\" decoding=\"async\" class=\"aligncenter size-full wp-image-17184\" alt=\"bargallo\" src=\"https:\/\/i0.wp.com\/www.24baires.com\/wp-content\/uploads\/2013\/03\/bargallo.png?resize=560%2C554\" width=\"560\" height=\"554\" srcset=\"https:\/\/i0.wp.com\/www.24baires.com\/wp-content\/uploads\/2013\/03\/bargallo.png?w=560&amp;ssl=1 560w, https:\/\/i0.wp.com\/www.24baires.com\/wp-content\/uploads\/2013\/03\/bargallo.png?resize=300%2C296&amp;ssl=1 300w, https:\/\/i0.wp.com\/www.24baires.com\/wp-content\/uploads\/2013\/03\/bargallo.png?resize=120%2C120&amp;ssl=1 120w\" sizes=\"auto, (max-width: 560px) 100vw, 560px\" \/>Fernando Bargall\u00f3, el ex obispo de la di\u00f3cesis Merlo-Moreno, finalmente tom\u00f3 distancia del apasionado romance que vivi\u00f3 con la empresaria Mar\u00eda de las Victorias Mart\u00ednez Bo, que en su momento fue un esc\u00e1ndalo medi\u00e1tico y deriv\u00f3 en su renuncia. Hace tiempo se recluy\u00f3 en un convento en Barcelona, Espa\u00f1a, donde estudia teolog\u00eda lejos de la prensa y las posibles tentaciones.<!--more--><\/p>\n<p>Desde que sali\u00f3 a la luz su prohibida historia de amor, en el mes de junio pasado, el tambi\u00e9n ex titular de C\u00e1ritas para Latinoam\u00e9rica se cuid\u00f3 de mantener un perfil muy bajo, al punto de que nadie sab\u00eda d\u00f3nde viv\u00eda. Los fot\u00f3grafos se cansaron de hacerle guardia y nunca lo encontraron.<\/p>\n<p>Seg\u00fan consigna la revista Democracia, al principio Bargall\u00f3 se qued\u00f3 viviendo en su casa de Merlo pero, como ten\u00eda constante guardia period\u00edstica, se fue cinco meses a un seminario en la localidad bonaerense de Mart\u00edn Coronado, hasta que la Santa Sede, a trav\u00e9s del nuncio apost\u00f3lico en Argentina, Emil Paul Tscherring, lo envi\u00f3 a Roma.<\/p>\n<p>Una vez en el Vaticano, el \u201cpacador\u201d debi\u00f3 dar explicaciones de lo sucedido. Pero su caso no fue alarmante para el ahora Papa Em\u00e9rito, Benedicto XVI, porque no hab\u00eda cometido ning\u00fan delito m\u00e1s que enamorarse. Incluso se comprob\u00f3 que &#8211; a diferencia de lo que se especul\u00f3 &#8211; no hab\u00eda usado dinero de C\u00e1ritas para hacer el pol\u00e9mico viaje con la mujer, sino que se vali\u00f3 de una herencia que hab\u00eda cobrado de su madre y, lo que le sobr\u00f3 \u2013 la mitad \u2013, lo termin\u00f3 donando para beneficencia.<\/p>\n<p>As\u00ed, el \u201ccastigo\u201d del ex Papa s\u00f3lo fue enviarlo a Espa\u00f1a a hacer un curso para reencontrarse con Dios. All\u00ed permanecer\u00e1 hasta que sea elegido el nuevo Sumo Pont\u00edfice y \u00e9ste \u201cle asigne una capilla en alg\u00fan lugar de Am\u00e9rica del Sur\u201d, explic\u00f3 uno de sus hermanos a la mencionada publicaci\u00f3n.<\/p>\n<p>La historia de Bargall\u00f3 y Mart\u00ednez Bo se conoci\u00f3 luego de que, en el verano de 2011, ambos decidieron hacer un viaje a las paradis\u00edacas playas mexicanas de Puerto \u00c1ngel, y fueron retratados juntos en fotos que se difundieron en los medios meses despu\u00e9s. En ese entonces, dieron explicaciones ins\u00f3litas para minimizar el caso, pero finalmente todo fue blanqueado y \u00e9l decidi\u00f3 alejarse de su cargo en la Iglesia.<\/p>\n<p>Sus conocidos ya no creen que vuelvan a estar juntos porque, en Barcelona, el religioso volvi\u00f3 a elegir los h\u00e1bitos por sobre el amor. Al parecer, la empresaria gastron\u00f3mica est\u00e1 muy triste por el final de la relaci\u00f3n. Acompa\u00f1ada de sus hijos, Jaime y Sof\u00eda, pasa los d\u00edas en su departamento de la calle Na\u00f3n, en Belgrano R. Su otro hijo, Andr\u00e9s &#8211; el menor \u2013 tambi\u00e9n se fue a vivir a Espa\u00f1a.<\/p>\n<p>Pero sus amigas descartan que haya un encuentro con Bargall\u00f3 cuando la mujer vaya a visitar al joven. Dicen que ya no quiere saber m\u00e1s nada con \u00e9l y que quiere \u201csuperarlo\u201d. Por la depresi\u00f3n, adem\u00e1s, dej\u00f3 de trabajar: vendi\u00f3 su parte del restaurante Jolie Bistr\u00f3 el a\u00f1o pasado y casi no se la ve por el barrio. El ex obispo tambi\u00e9n \u201cdesapareci\u00f3\u201d y no volvi\u00f3 al lugar a ver a su enamorada, como sol\u00eda hacer antes de que los descubrieran.<\/p>\n<p>El ex marido de Mart\u00ednez Bo, el m\u00e9dico y ex jugador de rugby de \u201cLos Pumas\u201d Ricardo C\u00e9sar Mastai, sali\u00f3 muy golpeado despu\u00e9s de que se conocieran las fotos. El mismo sacerdote hab\u00eda casado a la pareja y bautizado a sus tres hijos, y el mayor, Jaime, era su ahijado.<\/p>\n<p>Los t\u00f3rtolos frustrados se hab\u00edan conocido de chicos, durante unas vacaciones en La Cumbre, C\u00f3rdoba. Las dos familias eran muy amigas y cuando volv\u00edan a Buenos Aires segu\u00edan en contacto. Este a\u00f1o, la rubia casi no pas\u00f3 por el pueblo serrano. \u201cElla se hart\u00f3 de \u00e9l. \u00bfHasta cu\u00e1ndo lo va a esperar?\u201d, comentan por all\u00e1. Aunque la mujer tiene varios pretendientes, aseguran que no est\u00e1 interesada en tener otro novio por el momento.<\/p>\n<p>&nbsp;<\/p>\n<p>&nbsp;<\/p>\n<p>&nbsp;<\/p>\n<p>&nbsp;<\/p>\n<p>&nbsp;<\/p>\n<p>&nbsp;<\/p>\n<p>&nbsp;<\/p>\n<p>&nbsp;<\/p>\n<p>&nbsp;<\/p>\n<p>&nbsp;<\/p>\n<p>&nbsp;<\/p>\n<p>&nbsp;<\/p>\n<p>&nbsp;<\/p>\n<p>&nbsp;<\/p>\n<p>&nbsp;<\/p>\n<p>&nbsp;<\/p>\n<p>&nbsp;<\/p>\n<p>&nbsp;<\/p>\n<p>&nbsp;<\/p>\n","protected":false},"excerpt":{"rendered":"<p>Fernando Bargall\u00f3, el ex obispo de la di\u00f3cesis Merlo-Moreno, finalmente tom\u00f3 distancia del apasionado romance que vivi\u00f3 con la empresaria Mar\u00eda de las Victorias Mart\u00ednez Bo, que en su momento fue un esc\u00e1ndalo medi\u00e1tico y deriv\u00f3 en su renuncia. Hace tiempo se recluy\u00f3 en un convento en Barcelona, Espa\u00f1a, donde estudia teolog\u00eda lejos de la prensa y las posibles tentaciones.<\/p>\n","protected":false},"author":4,"featured_media":0,"comment_status":"open","ping_status":"open","sticky":false,"template":"","format":"standard","meta":{"_jetpack_newsletter_access":"","_jetpack_dont_email_post_to_subs":false,"_jetpack_newsletter_tier_id":0,"_jetpack_memberships_contains_paywalled_content":false,"_jetpack_memberships_contains_paid_content":false,"footnotes":""},"categories":[1],"tags":[],"class_list":["post-17183","post","type-post","status-publish","format-standard","hentry","category-sociedad"],"jetpack_featured_media_url":"","jetpack_shortlink":"https:\/\/wp.me\/p2JWE0-4t9","jetpack-related-posts":[{"id":106038,"url":"https:\/\/www.24baires.com\/?p=106038","url_meta":{"origin":17183,"position":0},"title":"Othaceh\u00e9 le apunt\u00f3 a Men\u00e9ndez por la entradera en su casa","author":"GB","date":"20\/12\/2018","format":false,"excerpt":"El ex intendente de Merlo responsabiliz\u00f3 al actual jefe comunal por el asalto que sufri\u00f3 su familia. \"No fue un robo al voleo sino un ataque pol\u00edtico\", denunci\u00f3. Tambi\u00e9n dijo que no es el primer hecho de inseguridad que sufre y critic\u00f3 a Ritondo. La familia del ex intendente de\u2026","rel":"","context":"En \u00abMunicipios\u00bb","block_context":{"text":"Municipios","link":"https:\/\/www.24baires.com\/?cat=44"},"img":{"alt_text":"","src":"https:\/\/i0.wp.com\/www.24baires.com\/wp-content\/uploads\/2015\/05\/othacehe-merlo.jpg?resize=350%2C200","width":350,"height":200,"srcset":"https:\/\/i0.wp.com\/www.24baires.com\/wp-content\/uploads\/2015\/05\/othacehe-merlo.jpg?resize=350%2C200 1x, https:\/\/i0.wp.com\/www.24baires.com\/wp-content\/uploads\/2015\/05\/othacehe-merlo.jpg?resize=525%2C300 1.5x"},"classes":[]},{"id":33441,"url":"https:\/\/www.24baires.com\/?p=33441","url_meta":{"origin":17183,"position":1},"title":"\u00abMostaza Merlo se burl\u00f3 de nosotros\u00bb, asegur\u00f3 Moscuzza, el presidente de Aldosivi","author":"AF","date":"12\/10\/2013","format":false,"excerpt":"Jos\u00e9 Moscuzza, presidente del club Aldosivi de Mar del Plarta y fuerte empresario pesquero, vivi\u00f3 el desencanto con el DT a 48 horas de haber firmado con el club del Puerto, hace diez d\u00edas. \"Nos tom\u00f3 el pelo, algo que a nadie le gusta\", dijo el titular del Tibur\u00f3n. Reinaldo\u2026","rel":"","context":"En \u00abLocales\u00bb","block_context":{"text":"Locales","link":"https:\/\/www.24baires.com\/?cat=38"},"img":{"alt_text":"moscuzza merlo","src":"https:\/\/i0.wp.com\/www.24baires.com\/wp-content\/uploads\/2013\/10\/moscuzza-merlo.jpg?resize=350%2C200","width":350,"height":200,"srcset":"https:\/\/i0.wp.com\/www.24baires.com\/wp-content\/uploads\/2013\/10\/moscuzza-merlo.jpg?resize=350%2C200 1x, https:\/\/i0.wp.com\/www.24baires.com\/wp-content\/uploads\/2013\/10\/moscuzza-merlo.jpg?resize=525%2C300 1.5x"},"classes":[]},{"id":45544,"url":"https:\/\/www.24baires.com\/?p=45544","url_meta":{"origin":17183,"position":2},"title":"Tragedia en Merlo: \u00abma\u00f1ana vas a tener noticias de tu amiga y a sus hijos muertos\u00bb","author":"GB","date":"08\/05\/2014","format":false,"excerpt":"Se lo dijo el ex de Karina Flamenco a una vecina de la mujer que muri\u00f3 este jueves en su vivienda de Merlo. El sujeto ya hab\u00eda sido denunciado por sus reiteradas agresiones. Todos los vecinos del matrimonio y los seis chicos, que murieron tras el incendio de su vivenda\u2026","rel":"","context":"En \u00abSociedad\u00bb","block_context":{"text":"Sociedad","link":"https:\/\/www.24baires.com\/?cat=1"},"img":{"alt_text":"bomberos-combatieron-incendio-fabrica-textil","src":"https:\/\/i0.wp.com\/www.24baires.com\/wp-content\/uploads\/2014\/03\/bomberos-combatieron-incendio-fabrica-textil.jpg?resize=350%2C200","width":350,"height":200,"srcset":"https:\/\/i0.wp.com\/www.24baires.com\/wp-content\/uploads\/2014\/03\/bomberos-combatieron-incendio-fabrica-textil.jpg?resize=350%2C200 1x, https:\/\/i0.wp.com\/www.24baires.com\/wp-content\/uploads\/2014\/03\/bomberos-combatieron-incendio-fabrica-textil.jpg?resize=525%2C300 1.5x"},"classes":[]},{"id":48089,"url":"https:\/\/www.24baires.com\/?p=48089","url_meta":{"origin":17183,"position":3},"title":"Piden ampliaci\u00f3n de indagatoria para acusado de \u00abLa Masacre de Merlo\u00bb","author":"AF","date":"16\/06\/2014","format":false,"excerpt":"Lo solicit\u00f3 el fiscal tras encontrarle otra causa en su contra. \"Memo\" M\u00e9ndez est\u00e1 detenido con prisi\u00f3n preventiva. El fiscal que investiga la \"Masacre de Merlo\", pidi\u00f3 que el acusado detenidos con prisi\u00f3n preventiva por la muerte de su ex pareja, los seis hijos de \u00e9sta -uno de ellos tambi\u00e9n\u2026","rel":"","context":"En \u00abJUDICIALES\u00bb","block_context":{"text":"JUDICIALES","link":"https:\/\/www.24baires.com\/?cat=68"},"img":{"alt_text":"familia de merlo","src":"https:\/\/i0.wp.com\/www.24baires.com\/wp-content\/uploads\/2014\/05\/familia-de-merlo.jpg?resize=350%2C200","width":350,"height":200,"srcset":"https:\/\/i0.wp.com\/www.24baires.com\/wp-content\/uploads\/2014\/05\/familia-de-merlo.jpg?resize=350%2C200 1x, https:\/\/i0.wp.com\/www.24baires.com\/wp-content\/uploads\/2014\/05\/familia-de-merlo.jpg?resize=525%2C300 1.5x"},"classes":[]},{"id":96107,"url":"https:\/\/www.24baires.com\/?p=96107","url_meta":{"origin":17183,"position":4},"title":"Merlo: dos muertos y 14 heridos en el choque entre un tren y un colectivo","author":"AF","date":"24\/07\/2017","format":false,"excerpt":"Dos personas murieron y otras 14 resultaron heridas esta madrugada cuando un colectivo de la l\u00ednea 503 fue embestido por una formaci\u00f3n del ferrocarril Sarmiento en la localidad bonaerense de Mariano Acosta, partido de Merlo, informaron fuentes sanitarias y de Bomberos. \u201cA las 3.50 recibimos varias llamadas que informaban sobre\u2026","rel":"","context":"En \u00abPoliciales\u00bb","block_context":{"text":"Policiales","link":"https:\/\/www.24baires.com\/?cat=49"},"img":{"alt_text":"","src":"https:\/\/i0.wp.com\/www.24baires.com\/wp-content\/uploads\/2017\/07\/5975f5591390c.jpg?resize=350%2C200","width":350,"height":200,"srcset":"https:\/\/i0.wp.com\/www.24baires.com\/wp-content\/uploads\/2017\/07\/5975f5591390c.jpg?resize=350%2C200 1x, https:\/\/i0.wp.com\/www.24baires.com\/wp-content\/uploads\/2017\/07\/5975f5591390c.jpg?resize=525%2C300 1.5x"},"classes":[]},{"id":108392,"url":"https:\/\/www.24baires.com\/?p=108392","url_meta":{"origin":17183,"position":5},"title":"Alberto y Cristina Fern\u00e1ndez presentaron su candidatura en Merlo","author":"AF","date":"26\/05\/2019","format":false,"excerpt":"El precandidato a presidente se present\u00f3 con su candidata a vice, la ex mandataria Cristina Kirchner: \"Yo estuve en el laberinto de la crisis y se c\u00f3mo salir\", enfatiz\u00f3 Alberto. Alberto Fern\u00e1ndez present\u00f3 su f\u00f3rmula junto a Cristina Kirchner de cara a las elecciones presidenciales de octubre en la que\u2026","rel":"","context":"En \u00abPol\u00edtica\u00bb","block_context":{"text":"Pol\u00edtica","link":"https:\/\/www.24baires.com\/?cat=51"},"img":{"alt_text":"","src":"https:\/\/i0.wp.com\/www.24baires.com\/wp-content\/uploads\/2019\/05\/alberto-cristina-fernandez-merlo.jpg?resize=350%2C200","width":350,"height":200,"srcset":"https:\/\/i0.wp.com\/www.24baires.com\/wp-content\/uploads\/2019\/05\/alberto-cristina-fernandez-merlo.jpg?resize=350%2C200 1x, https:\/\/i0.wp.com\/www.24baires.com\/wp-content\/uploads\/2019\/05\/alberto-cristina-fernandez-merlo.jpg?resize=525%2C300 1.5x"},"classes":[]}],"jetpack_sharing_enabled":true,"jetpack_likes_enabled":true,"_links":{"self":[{"href":"https:\/\/www.24baires.com\/index.php?rest_route=\/wp\/v2\/posts\/17183","targetHints":{"allow":["GET"]}}],"collection":[{"href":"https:\/\/www.24baires.com\/index.php?rest_route=\/wp\/v2\/posts"}],"about":[{"href":"https:\/\/www.24baires.com\/index.php?rest_route=\/wp\/v2\/types\/post"}],"author":[{"embeddable":true,"href":"https:\/\/www.24baires.com\/index.php?rest_route=\/wp\/v2\/users\/4"}],"replies":[{"embeddable":true,"href":"https:\/\/www.24baires.com\/index.php?rest_route=%2Fwp%2Fv2%2Fcomments&post=17183"}],"version-history":[{"count":3,"href":"https:\/\/www.24baires.com\/index.php?rest_route=\/wp\/v2\/posts\/17183\/revisions"}],"predecessor-version":[{"id":17187,"href":"https:\/\/www.24baires.com\/index.php?rest_route=\/wp\/v2\/posts\/17183\/revisions\/17187"}],"wp:attachment":[{"href":"https:\/\/www.24baires.com\/index.php?rest_route=%2Fwp%2Fv2%2Fmedia&parent=17183"}],"wp:term":[{"taxonomy":"category","embeddable":true,"href":"https:\/\/www.24baires.com\/index.php?rest_route=%2Fwp%2Fv2%2Fcategories&post=17183"},{"taxonomy":"post_tag","embeddable":true,"href":"https:\/\/www.24baires.com\/index.php?rest_route=%2Fwp%2Fv2%2Ftags&post=17183"}],"curies":[{"name":"wp","href":"https:\/\/api.w.org\/{rel}","templated":true}]}}