{"id":17176,"date":"2013-03-02T11:30:33","date_gmt":"2013-03-02T14:30:33","guid":{"rendered":"http:\/\/www.24baires.com\/?p=17176"},"modified":"2013-03-02T12:23:13","modified_gmt":"2013-03-02T15:23:13","slug":"tandil-un-camion-militar-sin-frenos-arrollo-a-un-auto-particular","status":"publish","type":"post","link":"https:\/\/www.24baires.com\/?p=17176","title":{"rendered":"Tandil: un cami\u00f3n militar sin frenos arroll\u00f3 a un auto particular"},"content":{"rendered":"<p>Un cami\u00f3n del ej\u00e9rcito se qued\u00f3 sin frenos y arroll\u00f3 a un autom\u00f3vil en la esquina de avenida Lunghi y calle Alighieri de Tandil. Dos de los cinco ocupantes del auto fueron trasladados al Hospital, afortunadamente, con heridas leves.<!--more--><br \/>\nUn dram\u00e1tico accidente se registr\u00f3 este viernes, alrededor de las 14,30, en la esquina de avenida Lunghi y calle dante Alighieri que tuvo como protagonista a un cami\u00f3n de la 1\u00ba Brigada Blindada del Ej\u00e9rcito y a un Peugeot 405, con cinco ocupantes.<\/p>\n<p><img data-recalc-dims=\"1\" loading=\"lazy\" decoding=\"async\" class=\"aligncenter size-full wp-image-17178\" alt=\"auto cami\u00f3n\" src=\"https:\/\/i0.wp.com\/www.24baires.com\/wp-content\/uploads\/2013\/03\/auto-cami%C3%B3n.jpg?resize=560%2C420\" width=\"560\" height=\"420\" srcset=\"https:\/\/i0.wp.com\/www.24baires.com\/wp-content\/uploads\/2013\/03\/auto-cami%C3%B3n.jpg?w=560&amp;ssl=1 560w, https:\/\/i0.wp.com\/www.24baires.com\/wp-content\/uploads\/2013\/03\/auto-cami%C3%B3n.jpg?resize=300%2C225&amp;ssl=1 300w\" sizes=\"auto, (max-width: 560px) 100vw, 560px\" \/><\/p>\n<p>&nbsp;<\/p>\n<p>El cami\u00f3n de gran porte, sin patente colocada, con n\u00famero de identificaci\u00f3n EA 21953 avanzaba por Lunghi en direcci\u00f3n a los cuarteles cuando metros antes de llegar a Alighieri, su conductor se percat\u00f3 de que no ten\u00eda frenos, intent\u00f3 esquivar al Peugeot que estaba detenido con el sem\u00e1foro en rojo, maniobrando hacia la derecha, pero choc\u00f3 contra un poste de tel\u00e9fono que lo devolvi\u00f3 hacia el centro de la calzada, donde termin\u00f3 arrollando al auto.<br \/>\nFue tal la violencia del impacto que el auto qued\u00f3 destrozado por las duales traseras del cami\u00f3n, que pudo detener su marcha varios metros m\u00e1s delante. El Peugeot estaba ocupado por cinco personas: Juan Herrera Bins al volante, su esposa, su cu\u00f1ada y dos hijas menores de edad. Las dos mujeres fueron trasladas en ambulancia al la Guardia del Hospital Municipal, desde dond ese inform\u00f3 que s\u00f3lo sufrieron heridas menores.<\/p>\n<p>\u201cEl cami\u00f3n ven\u00eda muy ligero, tengo testigos de lo que digo\u201d, relat\u00f3 Herrera Bins. \u201cEl auto lo hab\u00eda comprado ayer, yo ten\u00eda una moto y como hab\u00eda tenido un accidente grave, decidimos con mi esposa comprar un auto, y ahora me pasa esto\u201d se lament\u00f3 el hombre.<\/p>\n<p><img data-recalc-dims=\"1\" loading=\"lazy\" decoding=\"async\" class=\"aligncenter size-full wp-image-17180\" alt=\"cami\u00f3n\" src=\"https:\/\/i0.wp.com\/www.24baires.com\/wp-content\/uploads\/2013\/03\/cami%C3%B3n.jpg?resize=560%2C420\" width=\"560\" height=\"420\" srcset=\"https:\/\/i0.wp.com\/www.24baires.com\/wp-content\/uploads\/2013\/03\/cami%C3%B3n.jpg?w=560&amp;ssl=1 560w, https:\/\/i0.wp.com\/www.24baires.com\/wp-content\/uploads\/2013\/03\/cami%C3%B3n.jpg?resize=300%2C225&amp;ssl=1 300w\" sizes=\"auto, (max-width: 560px) 100vw, 560px\" \/><\/p>\n<p>&nbsp;<\/p>\n<p>&nbsp;<\/p>\n<p>&nbsp;<\/p>\n<p>&nbsp;<\/p>\n<p>&nbsp;<\/p>\n<p>&nbsp;<\/p>\n<p>&nbsp;<\/p>\n<p>&nbsp;<\/p>\n<p>&nbsp;<\/p>\n<p>&nbsp;<\/p>\n<p>&nbsp;<\/p>\n<p>&nbsp;<\/p>\n<p>&nbsp;<\/p>\n<p>&nbsp;<\/p>\n<p>&nbsp;<\/p>\n<p>&nbsp;<\/p>\n<p>&nbsp;<\/p>\n<p>&nbsp;<\/p>\n<p>&nbsp;<\/p>\n<p>&nbsp;<\/p>\n","protected":false},"excerpt":{"rendered":"<p>Un cami\u00f3n del ej\u00e9rcito se qued\u00f3 sin frenos y arroll\u00f3 a un autom\u00f3vil en la esquina de avenida Lunghi y calle Alighieri de Tandil. Dos de los cinco ocupantes del auto fueron trasladados al Hospital, afortunadamente, con heridas leves.<\/p>\n","protected":false},"author":4,"featured_media":0,"comment_status":"open","ping_status":"open","sticky":false,"template":"","format":"standard","meta":{"_jetpack_newsletter_access":"","_jetpack_dont_email_post_to_subs":false,"_jetpack_newsletter_tier_id":0,"_jetpack_memberships_contains_paywalled_content":false,"_jetpack_memberships_contains_paid_content":false,"footnotes":""},"categories":[1],"tags":[],"class_list":["post-17176","post","type-post","status-publish","format-standard","hentry","category-sociedad"],"jetpack_featured_media_url":"","jetpack_shortlink":"https:\/\/wp.me\/p2JWE0-4t2","jetpack-related-posts":[{"id":116229,"url":"https:\/\/www.24baires.com\/?p=116229","url_meta":{"origin":17176,"position":0},"title":"Confirman que Tandil duplic\u00f3 sus casos de Covid-19","author":"GB","date":"15\/09\/2020","format":false,"excerpt":"Tras rebelarse con la Provincia, el jefe comunal sufre un pico de contagios en su distrito. El resultado de autoexcluirse del sistema de fases que implement\u00f3 el Gobierno nacional y provincial de la provincia en el marco de la pandemia del COVID-19, le jug\u00f3 una mala pasada al intendente Migu\u00e9l\u2026","rel":"","context":"En \u00abMunicipios\u00bb","block_context":{"text":"Municipios","link":"https:\/\/www.24baires.com\/?cat=44"},"img":{"alt_text":"","src":"https:\/\/i0.wp.com\/www.24baires.com\/wp-content\/uploads\/2020\/09\/20200915103421_lunghi.jpg?resize=350%2C200","width":350,"height":200,"srcset":"https:\/\/i0.wp.com\/www.24baires.com\/wp-content\/uploads\/2020\/09\/20200915103421_lunghi.jpg?resize=350%2C200 1x, https:\/\/i0.wp.com\/www.24baires.com\/wp-content\/uploads\/2020\/09\/20200915103421_lunghi.jpg?resize=525%2C300 1.5x"},"classes":[]},{"id":104901,"url":"https:\/\/www.24baires.com\/?p=104901","url_meta":{"origin":17176,"position":1},"title":"Tandil: cerr\u00f3 la hist\u00f3rica metal\u00fargica y despidi\u00f3 a m\u00e1s de 100 trabajadores","author":"GB","date":"12\/10\/2018","format":false,"excerpt":"Con 70 a\u00f1os, era una de las f\u00e1bricas tradicionales de la ciudad. El cierre cal\u00f3 hondo en la sociedad tandilense. Un golpe duro para la gesti\u00f3n del intendente Miguel Lunghi. El 16 de octubre se espera una multitudinaria marcha. Cerr\u00f3 \u201cMetal\u00fargica Tandil\u201d, la hist\u00f3rica f\u00e1brica serrana de autopartes. La decisi\u00f3n\u2026","rel":"","context":"En \u00abMunicipios\u00bb","block_context":{"text":"Municipios","link":"https:\/\/www.24baires.com\/?cat=44"},"img":{"alt_text":"","src":"https:\/\/i0.wp.com\/www.24baires.com\/wp-content\/uploads\/2018\/10\/tandil-fabrica.jpg?resize=350%2C200","width":350,"height":200,"srcset":"https:\/\/i0.wp.com\/www.24baires.com\/wp-content\/uploads\/2018\/10\/tandil-fabrica.jpg?resize=350%2C200 1x, https:\/\/i0.wp.com\/www.24baires.com\/wp-content\/uploads\/2018\/10\/tandil-fabrica.jpg?resize=525%2C300 1.5x"},"classes":[]},{"id":19874,"url":"https:\/\/www.24baires.com\/?p=19874","url_meta":{"origin":17176,"position":2},"title":"Scioli visita Tandil este lunes","author":"AF","date":"01\/04\/2013","format":false,"excerpt":"El gobernador de la provincia de Buenos Aires llega este lunes por la tarde a Tandil donde realizar\u00e1 la firma de convenios y desplegar\u00e1 una nutrida agenda. Estar\u00e1 acompa\u00f1ado por el intendente Miguel Lunghi. Daniel Scioli estar\u00e1 llegando a Tandil este lunes alrededor de las 16. Como primera actividad visitar\u00e1\u2026","rel":"","context":"En \u00abLocales\u00bb","block_context":{"text":"Locales","link":"https:\/\/www.24baires.com\/?cat=38"},"img":{"alt_text":"","src":"","width":0,"height":0},"classes":[]},{"id":121228,"url":"https:\/\/www.24baires.com\/?p=121228","url_meta":{"origin":17176,"position":3},"title":"La UCR propone regular los precios de medicamentos","author":"GB","date":"15\/04\/2024","format":false,"excerpt":"Intendentes de la UCR liderados por Miguel Lunghi buscan reinstaurar una ley similar a la de Arturo Illia para congelar los precios de los medicamentos, en medio de la creciente dificultad de acceso a los mismos en Argentina. a Uni\u00f3n C\u00edvica Radical (UCR) liderada por Miguel Lunghi, intendente de Tandil,\u2026","rel":"","context":"En \u00abPol\u00edtica\u00bb","block_context":{"text":"Pol\u00edtica","link":"https:\/\/www.24baires.com\/?cat=51"},"img":{"alt_text":"","src":"https:\/\/i0.wp.com\/www.24baires.com\/wp-content\/uploads\/2024\/04\/ucr.webp?resize=350%2C200","width":350,"height":200,"srcset":"https:\/\/i0.wp.com\/www.24baires.com\/wp-content\/uploads\/2024\/04\/ucr.webp?resize=350%2C200 1x, https:\/\/i0.wp.com\/www.24baires.com\/wp-content\/uploads\/2024\/04\/ucr.webp?resize=525%2C300 1.5x, https:\/\/i0.wp.com\/www.24baires.com\/wp-content\/uploads\/2024\/04\/ucr.webp?resize=700%2C400 2x"},"classes":[]},{"id":36621,"url":"https:\/\/www.24baires.com\/?p=36621","url_meta":{"origin":17176,"position":4},"title":"Inauguran importantes obras de pavimentaci\u00f3n en Tandil","author":"Grupo Sierra","date":"11\/12\/2013","format":false,"excerpt":"Se licita la pavimentaci\u00f3n de la primera etapa de la calle Vigil y la repavimentaci\u00f3n integral de la avenida Del Valle. \"Es fundamental seguir fortaleciendo la inversi\u00f3n en infraestructura para la integraci\u00f3n social, para la calidad de vida de todos los vecinos\u201d , sostuvo el intendente Miguel Lunghi. El mi\u00e9rcoles\u2026","rel":"","context":"En \u00abLocales\u00bb","block_context":{"text":"Locales","link":"https:\/\/www.24baires.com\/?cat=38"},"img":{"alt_text":"","src":"","width":0,"height":0},"classes":[]},{"id":24852,"url":"https:\/\/www.24baires.com\/?p=24852","url_meta":{"origin":17176,"position":5},"title":"Expectativa por el discurso de Scioli en la inauguraci\u00f3n de una comisar\u00eda en Tandil","author":"AF","date":"01\/06\/2013","format":false,"excerpt":"El gobernador bonaerense Daniel Scioli estar\u00e1 este s\u00e1bado en Tandil para poner en marcha, junto al Intendente local, Miguel Lunghi, la Comisaria Cuarta de esa ciudad. Ser\u00e1 la primera aparici\u00f3n p\u00fablica luego de los dichos de la Presidenta que lo habr\u00eda tenido como principal receptor y se espera con expectativa\u2026","rel":"","context":"En \u00abPol\u00edtica\u00bb","block_context":{"text":"Pol\u00edtica","link":"https:\/\/www.24baires.com\/?cat=51"},"img":{"alt_text":"scioli tierras","src":"https:\/\/i0.wp.com\/www.24baires.com\/wp-content\/uploads\/2012\/10\/scioli-tierras-300x180.jpg?resize=350%2C200","width":350,"height":200},"classes":[]}],"jetpack_sharing_enabled":true,"jetpack_likes_enabled":true,"_links":{"self":[{"href":"https:\/\/www.24baires.com\/index.php?rest_route=\/wp\/v2\/posts\/17176","targetHints":{"allow":["GET"]}}],"collection":[{"href":"https:\/\/www.24baires.com\/index.php?rest_route=\/wp\/v2\/posts"}],"about":[{"href":"https:\/\/www.24baires.com\/index.php?rest_route=\/wp\/v2\/types\/post"}],"author":[{"embeddable":true,"href":"https:\/\/www.24baires.com\/index.php?rest_route=\/wp\/v2\/users\/4"}],"replies":[{"embeddable":true,"href":"https:\/\/www.24baires.com\/index.php?rest_route=%2Fwp%2Fv2%2Fcomments&post=17176"}],"version-history":[{"count":2,"href":"https:\/\/www.24baires.com\/index.php?rest_route=\/wp\/v2\/posts\/17176\/revisions"}],"predecessor-version":[{"id":17182,"href":"https:\/\/www.24baires.com\/index.php?rest_route=\/wp\/v2\/posts\/17176\/revisions\/17182"}],"wp:attachment":[{"href":"https:\/\/www.24baires.com\/index.php?rest_route=%2Fwp%2Fv2%2Fmedia&parent=17176"}],"wp:term":[{"taxonomy":"category","embeddable":true,"href":"https:\/\/www.24baires.com\/index.php?rest_route=%2Fwp%2Fv2%2Fcategories&post=17176"},{"taxonomy":"post_tag","embeddable":true,"href":"https:\/\/www.24baires.com\/index.php?rest_route=%2Fwp%2Fv2%2Ftags&post=17176"}],"curies":[{"name":"wp","href":"https:\/\/api.w.org\/{rel}","templated":true}]}}