{"id":17115,"date":"2013-03-01T17:30:14","date_gmt":"2013-03-01T20:30:14","guid":{"rendered":"http:\/\/www.24baires.com\/?p=17115"},"modified":"2013-03-01T15:04:09","modified_gmt":"2013-03-01T18:04:09","slug":"lucas-viatri-hablo-al-fin-del-robo-en-castelar-del-que-fue-acusado-en-2008","status":"publish","type":"post","link":"https:\/\/www.24baires.com\/?p=17115","title":{"rendered":"Lucas Viatri habl\u00f3 al fin del robo en Castelar del que fue acusado en 2008"},"content":{"rendered":"<p><img data-recalc-dims=\"1\" loading=\"lazy\" decoding=\"async\" class=\"alignleft size-medium wp-image-17117\" alt=\"viatri lucas\" src=\"https:\/\/i0.wp.com\/www.24baires.com\/wp-content\/uploads\/2013\/03\/viatri-lucas.jpg?resize=290%2C300\" width=\"290\" height=\"300\" srcset=\"https:\/\/i0.wp.com\/www.24baires.com\/wp-content\/uploads\/2013\/03\/viatri-lucas.jpg?resize=290%2C300&amp;ssl=1 290w, https:\/\/i0.wp.com\/www.24baires.com\/wp-content\/uploads\/2013\/03\/viatri-lucas.jpg?w=543&amp;ssl=1 543w\" sizes=\"auto, (max-width: 290px) 100vw, 290px\" \/>El delantero de Boca, Lucas Viatri, habl\u00f3 del supuesto robo a una peluquer\u00eda en el centro de Castelar del que fue acusado en 2008. \u00abCuando me vincularon con el robo los medios me culparon. Ya pas\u00f3, mi familia sufri\u00f3 mucho pero lo pudimos superar. Soy un chico muy fuerte de la cabeza. Si estoy bien mi familia tambi\u00e9n lo va estar, pero si estoy deca\u00eddo se van a poner mal. Yo s\u00e9 lo que soy y voy a seguir siendo lo que soy. Me chupa un huevo lo que digan los dem\u00e1s.\u00bb<!--more--><\/p>\n<p>Adem\u00e1s, reconoci\u00f3: \u00abEl pibe que por ah\u00ed no cometi\u00f3 ning\u00fan delito y no tiene para pagarse un abogado, chau. Eso lo sufrimos siempre. Hoy en d\u00eda, si yo me entero que un amigo est\u00e1 as\u00ed se lo voy a pagar. Yo lo sufr\u00ed, a nadie le gusta estar encerrado. Estar en la calle es lo m\u00e1s lindo que hay\u00bb.<\/p>\n<p>Tambi\u00e9n record\u00f3 su experiencia tras las rejas. \u00abMe sent\u00ed raro cuando estuve preso un mes. Primero porque no soy delincuente; segundo porque soy una persona igual a las que est\u00e1n en la c\u00e1rcel, y tercero porque yo sab\u00eda que la polic\u00eda sab\u00eda que no hab\u00eda hecho nada. Adentro ves cosas que la polic\u00eda, por ser polic\u00eda, no tendr\u00eda que hacer. A veces te da bronca, a veces los necesit\u00e1s, a veces los pute\u00e1s. No hac\u00eda falta tirar la puerta para entrar a mi casa, con tocar el timbre se la abr\u00edamos. Pero esa forma de actuar lleva a la sociedad que nos toca vivir hoy, a la mierda que tenemos en el pa\u00eds. Lamentablemente hay que vivir con todo eso\u00bb.<\/p>\n<p>El delantero de Boca opin\u00f3 sobre la pobreza en la Argentina. \u00abPara la gente que nunca vivi\u00f3 como un pobre, ser pobre es un delito. Es un tema instalado en la sociedad y que por ah\u00ed nosotros no lo podemos revertir. Los responsables de mejorar las cosas lo deben revertir, aunque cada vez se va a hacer m\u00e1s complicado\u00bb, asegur\u00f3.<\/p>\n<p>\u00abCre\u00eda en los medios, ahora no. Generan quilombo; por ejemplo, te cuentan que un famoso se pele\u00f3 con la mujer, a lo que yo me pregunto \u00bfqu\u00e9 carajo les importa si se pele\u00f3 con la mujer? A m\u00ed no me importa, aunque a mucha gente s\u00ed. Es lo que hoy en d\u00eda vende, de lo que el periodista necesita comer. Es la triste realidad que nos toca vivir. El periodismo argentino es complicado. Si quieren te tienen all\u00e1 arriba, pero si no quieren, te tienen all\u00e1 abajo\u00bb, declar\u00f3.<\/p>\n<p>Con respecto a su relaci\u00f3n con la droga, coment\u00f3: \u00abYo ten\u00eda un amigo que por ah\u00ed se estaba armando un faso o se estaba por tomar una l\u00ednea adelante m\u00edo, pero yo jam\u00e1s en mi vida toqu\u00e9 nada. Siempre segu\u00ed desde chico a mi viejo que jugaba mucho los campeonatos que se hac\u00edan en el fondo de casa. Empec\u00e9 a tomar alcohol reci\u00e9n a los diecinueve a\u00f1os. Todo parte de la educaci\u00f3n que a uno le pueden dar. Pero no alcanza s\u00f3lo con eso, el Estado siempre tiene que estar presente en los barrios apoy\u00e1ndonos en todo momento, no solamente cuando hay una campa\u00f1a pol\u00edtica. Porque lo que pasa siempre es que te arreglan una calle, o te llevan una leche cuando hay una campa\u00f1a pol\u00edtica, pero despu\u00e9s que pasa la campa\u00f1a, no los vemos m\u00e1s\u00bb, opin\u00f3.<\/p>\n<p>&nbsp;<\/p>\n<p>&nbsp;<\/p>\n<p>&nbsp;<\/p>\n<p>&nbsp;<\/p>\n<p>&nbsp;<\/p>\n<p>&nbsp;<\/p>\n<p>&nbsp;<\/p>\n<p>&nbsp;<\/p>\n<p>&nbsp;<\/p>\n<p>&nbsp;<\/p>\n<p>&nbsp;<\/p>\n<p>&nbsp;<\/p>\n<p>&nbsp;<\/p>\n<p>&nbsp;<\/p>\n<p>&nbsp;<\/p>\n<p>&nbsp;<\/p>\n","protected":false},"excerpt":{"rendered":"<p>El delantero de Boca, Lucas Viatri, habl\u00f3 del supuesto robo a una peluquer\u00eda en el centro de Castelar del que fue acusado en 2008. \u00abCuando me vincularon con el robo los medios me culparon. Ya pas\u00f3, mi familia sufri\u00f3 mucho pero lo pudimos superar. Soy un chico muy fuerte de la cabeza. Si estoy bien mi familia tambi\u00e9n lo va [&#8230;]<\/p>\n","protected":false},"author":4,"featured_media":0,"comment_status":"open","ping_status":"open","sticky":false,"template":"","format":"standard","meta":{"_jetpack_newsletter_access":"","_jetpack_dont_email_post_to_subs":false,"_jetpack_newsletter_tier_id":0,"_jetpack_memberships_contains_paywalled_content":false,"_jetpack_memberships_contains_paid_content":false,"footnotes":""},"categories":[1],"tags":[],"class_list":["post-17115","post","type-post","status-publish","format-standard","hentry","category-sociedad"],"jetpack_featured_media_url":"","jetpack_shortlink":"https:\/\/wp.me\/p2JWE0-4s3","jetpack-related-posts":[{"id":9179,"url":"https:\/\/www.24baires.com\/?p=9179","url_meta":{"origin":17115,"position":0},"title":"\u00abNo me voy de vacaciones hasta que no traigan refuerzos\u00bb dijo Gallego","author":"Grupo Sierra","date":"14\/12\/2012","format":false,"excerpt":"El entrenador de \"Rojo\" dijo que \"en este momento nadie quiere venir, pero no saben la instituci\u00f3n que se pierden\". Quiere a Montenegro y dijo que lo de Viatri \"se complic\u00f3\". El DT de Independiente, Am\u00e9rico Gallego, afirm\u00f3 que no se tomar\u00e1 licencia hasta que el club de Avellaneda no\u2026","rel":"","context":"En \u00abDeportes\u00bb","block_context":{"text":"Deportes","link":"https:\/\/www.24baires.com\/?cat=12"},"img":{"alt_text":"gallego tolo","src":"https:\/\/i0.wp.com\/www.24baires.com\/wp-content\/uploads\/2012\/12\/gallego-tolo.jpg?resize=350%2C200","width":350,"height":200,"srcset":"https:\/\/i0.wp.com\/www.24baires.com\/wp-content\/uploads\/2012\/12\/gallego-tolo.jpg?resize=350%2C200 1x, https:\/\/i0.wp.com\/www.24baires.com\/wp-content\/uploads\/2012\/12\/gallego-tolo.jpg?resize=525%2C300 1.5x"},"classes":[]},{"id":63924,"url":"https:\/\/www.24baires.com\/?p=63924","url_meta":{"origin":17115,"position":1},"title":"Banfield sigue de racha y gan\u00f3 ante Chicago","author":"GB","date":"06\/04\/2015","format":false,"excerpt":"El equipo de Mat\u00edas Almeyda fue superior en Mataderos y se impuso por 2 a 1. Ricardo Noir y Lucas Viatri marcaron los goles del Taladro, mientras que el del local lo hizo Pablo Ruiz. Banfield venci\u00f3 como visitante a Nueva Chicago por 2-1 en el partido v\u00e1lido por la\u2026","rel":"","context":"En \u00abDeportes\u00bb","block_context":{"text":"Deportes","link":"https:\/\/www.24baires.com\/?cat=12"},"img":{"alt_text":"banfield","src":"https:\/\/i0.wp.com\/www.24baires.com\/wp-content\/uploads\/2012\/11\/banfield.jpg?resize=350%2C200","width":350,"height":200,"srcset":"https:\/\/i0.wp.com\/www.24baires.com\/wp-content\/uploads\/2012\/11\/banfield.jpg?resize=350%2C200 1x, https:\/\/i0.wp.com\/www.24baires.com\/wp-content\/uploads\/2012\/11\/banfield.jpg?resize=525%2C300 1.5x"},"classes":[]},{"id":20443,"url":"https:\/\/www.24baires.com\/?p=20443","url_meta":{"origin":17115,"position":2},"title":"Asaltaron al Intendente de Mor\u00f3n","author":"Grupo Sierra","date":"07\/04\/2013","format":false,"excerpt":"Lucas Ghi fue asaltado por tres delincuentes armados que lo interceptaron cuando llegaba junto a su familia a la casa de sus suegros en Castelar. Le sustrajeron dinero en efectivo que ten\u00eda encima y objetos de valor de la vivienda. \u201cSe trat\u00f3 de un hecho delictivo al azar que afortunadamente\u2026","rel":"","context":"En \u00abPoliciales\u00bb","block_context":{"text":"Policiales","link":"https:\/\/www.24baires.com\/?cat=49"},"img":{"alt_text":"","src":"","width":0,"height":0},"classes":[]},{"id":13996,"url":"https:\/\/www.24baires.com\/?p=13996","url_meta":{"origin":17115,"position":3},"title":"Por penales esta vez Boca le gan\u00f3 a River","author":"Grupo Sierra","date":"29\/01\/2013","format":false,"excerpt":"Luego de empatar 0 a 0 en los 90 minutos, el \u201cXeneize\u201d se qued\u00f3 con la ronda de penales y le gan\u00f3 al \u201cMillonario\u201d en Mendoza. La ventaja en el equipo de Bianchi fue los dos penales atajados por Oscar Ustari. FORMACIONES Boca: Oscar Ustari; Alan Aguirre, Christian Cellay, Guillermo\u2026","rel":"","context":"En \u00abDeportes\u00bb","block_context":{"text":"Deportes","link":"https:\/\/www.24baires.com\/?cat=12"},"img":{"alt_text":"boca river mdz","src":"https:\/\/i0.wp.com\/www.24baires.com\/wp-content\/uploads\/2013\/01\/boca-river-mdz.jpg?resize=350%2C200","width":350,"height":200,"srcset":"https:\/\/i0.wp.com\/www.24baires.com\/wp-content\/uploads\/2013\/01\/boca-river-mdz.jpg?resize=350%2C200 1x, https:\/\/i0.wp.com\/www.24baires.com\/wp-content\/uploads\/2013\/01\/boca-river-mdz.jpg?resize=525%2C300 1.5x"},"classes":[]},{"id":12091,"url":"https:\/\/www.24baires.com\/?p=12091","url_meta":{"origin":17115,"position":4},"title":"Y el Virrey llor\u00f3&#8230;","author":"Grupo Sierra","date":"13\/01\/2013","format":false,"excerpt":"En el debut de la Copa Centenario, Boca perdi\u00f3 con Racing 2 a 1, que anot\u00f3 con goles de Hauche y Saja, de penal. Boca marc\u00f3 con gol de Viatri y jug\u00f3 con un equipo formado por suplentes, mientras Racing tuvo mayor\u00eda de titulares. El partido comenz\u00f3 a las 22.10,\u2026","rel":"","context":"En \u00abDeportes\u00bb","block_context":{"text":"Deportes","link":"https:\/\/www.24baires.com\/?cat=12"},"img":{"alt_text":"boca rac_santacruz_67534","src":"https:\/\/i0.wp.com\/www.24baires.com\/wp-content\/uploads\/2013\/01\/boca-rac_santacruz_67534.jpg?resize=350%2C200","width":350,"height":200,"srcset":"https:\/\/i0.wp.com\/www.24baires.com\/wp-content\/uploads\/2013\/01\/boca-rac_santacruz_67534.jpg?resize=350%2C200 1x, https:\/\/i0.wp.com\/www.24baires.com\/wp-content\/uploads\/2013\/01\/boca-rac_santacruz_67534.jpg?resize=525%2C300 1.5x"},"classes":[]},{"id":65483,"url":"https:\/\/www.24baires.com\/?p=65483","url_meta":{"origin":17115,"position":5},"title":"Juicio por Luciano Arruga: declaran polic\u00edas investigados por la desaparici\u00f3n","author":"AF","date":"07\/05\/2015","format":false,"excerpt":"En la tercera jornada del juicio por las torturas que sufri\u00f3 el chico en el destacamento Indart 106 de Lomas del Mirador, declaran como testigos los seis efectivos que estuvieron en ese momento. Tres de ellos son investigados por la desaparici\u00f3n del joven, cuatro meses despu\u00e9s. Tanto el fiscal como\u2026","rel":"","context":"En \u00abJUDICIALES\u00bb","block_context":{"text":"JUDICIALES","link":"https:\/\/www.24baires.com\/?cat=68"},"img":{"alt_text":"ARRUGA MADRE","src":"https:\/\/i0.wp.com\/www.24baires.com\/wp-content\/uploads\/2015\/05\/ARRUGA-MADRE.jpg?resize=350%2C200","width":350,"height":200,"srcset":"https:\/\/i0.wp.com\/www.24baires.com\/wp-content\/uploads\/2015\/05\/ARRUGA-MADRE.jpg?resize=350%2C200 1x, https:\/\/i0.wp.com\/www.24baires.com\/wp-content\/uploads\/2015\/05\/ARRUGA-MADRE.jpg?resize=525%2C300 1.5x"},"classes":[]}],"jetpack_sharing_enabled":true,"jetpack_likes_enabled":true,"_links":{"self":[{"href":"https:\/\/www.24baires.com\/index.php?rest_route=\/wp\/v2\/posts\/17115","targetHints":{"allow":["GET"]}}],"collection":[{"href":"https:\/\/www.24baires.com\/index.php?rest_route=\/wp\/v2\/posts"}],"about":[{"href":"https:\/\/www.24baires.com\/index.php?rest_route=\/wp\/v2\/types\/post"}],"author":[{"embeddable":true,"href":"https:\/\/www.24baires.com\/index.php?rest_route=\/wp\/v2\/users\/4"}],"replies":[{"embeddable":true,"href":"https:\/\/www.24baires.com\/index.php?rest_route=%2Fwp%2Fv2%2Fcomments&post=17115"}],"version-history":[{"count":2,"href":"https:\/\/www.24baires.com\/index.php?rest_route=\/wp\/v2\/posts\/17115\/revisions"}],"predecessor-version":[{"id":17119,"href":"https:\/\/www.24baires.com\/index.php?rest_route=\/wp\/v2\/posts\/17115\/revisions\/17119"}],"wp:attachment":[{"href":"https:\/\/www.24baires.com\/index.php?rest_route=%2Fwp%2Fv2%2Fmedia&parent=17115"}],"wp:term":[{"taxonomy":"category","embeddable":true,"href":"https:\/\/www.24baires.com\/index.php?rest_route=%2Fwp%2Fv2%2Fcategories&post=17115"},{"taxonomy":"post_tag","embeddable":true,"href":"https:\/\/www.24baires.com\/index.php?rest_route=%2Fwp%2Fv2%2Ftags&post=17115"}],"curies":[{"name":"wp","href":"https:\/\/api.w.org\/{rel}","templated":true}]}}