{"id":17112,"date":"2013-03-01T16:30:07","date_gmt":"2013-03-01T19:30:07","guid":{"rendered":"http:\/\/www.24baires.com\/?p=17112"},"modified":"2013-03-01T14:39:31","modified_gmt":"2013-03-01T17:39:31","slug":"los-seminarios-de-debate-de-servicios-publicos-tienden-a-evitar-que-se-extienda-la-marginalidad","status":"publish","type":"post","link":"https:\/\/www.24baires.com\/?p=17112","title":{"rendered":"Los seminarios de debate de servicios p\u00fablicos tienden a \u201cevitar que se extienda la marginalidad\u201d"},"content":{"rendered":"<p>El Defensor del Pueblo provincial, Carlos Bonicatto, form\u00f3 parte del Segundo Plenario de Pol\u00edticas P\u00fablicas que se realiz\u00f3 en Luis Guill\u00f3n y manifest\u00f3 que \u201cse han podido discutir todos los temas, acordando en la necesidad de profundizar las posibilidades que tiene el Estado para evitar que se extiendan los manchones de marginalidad que todav\u00eda existen en nuestro pa\u00eds\u201d.<!--more--><br \/>\nEn ese sentido, el defensor explic\u00f3\u00a0en di\u00e1logo con Radio La Plata: \u201cHemos sido invitados a participar en todos los paneles en este encuentro de estudio y de reflexi\u00f3n. Han participado varios legisladores, personas de organizaciones civiles y gente en general que ha venido\u201d.<br \/>\n\u201cSe han podido discutir todos los temas y nosotros estuvimos con el tema de Derechos Humanos y Justicia con una charla de lo m\u00e1s activa con los presentes\u201d, relat\u00f3 Bonicatto.<br \/>\nAsimismo, sostuvo: \u201cNuestra funci\u00f3n es cubrir todos aquellos baches que todav\u00eda la democracia tiene en cuanto a la protecci\u00f3n de derechos, por eso le agradecemos al Vicegobernador (Mariotto) esta invitaci\u00f3n\u201d.<br \/>\nFinalmente, sobre las tareas de la Defensor\u00eda indic\u00f3 que \u201chay much\u00edsimos casos de trabajo que tienen que ver con el funcionamiento de los servicios p\u00fablicos y temas derivados de las afectaciones al medio ambiente\u201d.<br \/>\n\u201cTambi\u00e9n hay much\u00edsimos problemas derivados de la violencia de g\u00e9nero y otros temas como las situaciones de calle\u201d, concluy\u00f3.<\/p>\n","protected":false},"excerpt":{"rendered":"<p>El Defensor del Pueblo provincial, Carlos Bonicatto, form\u00f3 parte del Segundo Plenario de Pol\u00edticas P\u00fablicas que se realiz\u00f3 en Luis Guill\u00f3n y manifest\u00f3 que \u201cse han podido discutir todos los temas, acordando en la necesidad de profundizar las posibilidades que tiene el Estado para evitar que se extiendan los manchones de marginalidad que todav\u00eda existen en nuestro pa\u00eds\u201d.<\/p>\n","protected":false},"author":4,"featured_media":0,"comment_status":"open","ping_status":"open","sticky":false,"template":"","format":"standard","meta":{"_jetpack_newsletter_access":"","_jetpack_dont_email_post_to_subs":false,"_jetpack_newsletter_tier_id":0,"_jetpack_memberships_contains_paywalled_content":false,"_jetpack_memberships_contains_paid_content":false,"footnotes":""},"categories":[1],"tags":[],"class_list":["post-17112","post","type-post","status-publish","format-standard","hentry","category-sociedad"],"jetpack_featured_media_url":"","jetpack_shortlink":"https:\/\/wp.me\/p2JWE0-4s0","jetpack-related-posts":[{"id":52374,"url":"https:\/\/www.24baires.com\/?p=52374","url_meta":{"origin":17112,"position":0},"title":"Lorenzetti: \u00abLa droga est\u00e1 causando un fuerte impacto en todos los \u00e1mbitos\u00bb","author":"AF","date":"24\/08\/2014","format":false,"excerpt":"El presidente de la Corte Suprema de Justicia, Ricardo Lorenzetti, advirti\u00f3 este domingo que \"el crecimiento de la droga est\u00e1 causando un fuerte impacto en todos los \u00e1mbitos\" y advirti\u00f3 que hace \"falta mucho m\u00e1s trabajo\" para combatir el narcotr\u00e1fico. Asimismo, explic\u00f3 que \"la despenalizaci\u00f3n de la droga no es\u2026","rel":"","context":"En \u00abGeneral\u00bb","block_context":{"text":"General","link":"https:\/\/www.24baires.com\/?cat=67"},"img":{"alt_text":"lorenzetti","src":"https:\/\/i0.wp.com\/www.24baires.com\/wp-content\/uploads\/2012\/11\/lorenzetti.jpg?resize=350%2C200","width":350,"height":200,"srcset":"https:\/\/i0.wp.com\/www.24baires.com\/wp-content\/uploads\/2012\/11\/lorenzetti.jpg?resize=350%2C200 1x, https:\/\/i0.wp.com\/www.24baires.com\/wp-content\/uploads\/2012\/11\/lorenzetti.jpg?resize=525%2C300 1.5x"},"classes":[]},{"id":27249,"url":"https:\/\/www.24baires.com\/?p=27249","url_meta":{"origin":17112,"position":1},"title":"Forman a promotores barriales en Periodismo contra la violencia institucional","author":"Grupo Sierra","date":"30\/06\/2013","format":false,"excerpt":"LA PLATA.- La capacitaci\u00f3n comenz\u00f3 este fin de semana con una charla de Rosa Bru, Alejandro Mosquera y el defensor Mario Coriolano para dar lugar a los talleres. Hablaron sobre seguridad democr\u00e1tica, abusos policiales, criminolog\u00eda medi\u00e1tica y derechos humanos. En el marco de la Campa\u00f1a Nacional contra la Violencia Institucional\u2026","rel":"","context":"En \u00abSociedad\u00bb","block_context":{"text":"Sociedad","link":"https:\/\/www.24baires.com\/?cat=1"},"img":{"alt_text":"","src":"","width":0,"height":0},"classes":[]},{"id":105853,"url":"https:\/\/www.24baires.com\/?p=105853","url_meta":{"origin":17112,"position":2},"title":"Macri extiende sus vacaciones y no ir\u00e1 a la asunci\u00f3n de Bolsonaro","author":"AF","date":"10\/12\/2018","format":false,"excerpt":"Aunque el canciller Jorge Faurie hab\u00eda asegurado que el Presidente entend\u00eda que \"ten\u00eda que estar como lo har\u00e1n otros mandatarios\", el mandatario decidi\u00f3 no participar y alargar su descanso con la familia. El presidente Mauricio Macri decidi\u00f3 extender las vacaciones que se tomar\u00e1 junto a su familia en el sur\u2026","rel":"","context":"En \u00abPol\u00edtica\u00bb","block_context":{"text":"Pol\u00edtica","link":"https:\/\/www.24baires.com\/?cat=51"},"img":{"alt_text":"","src":"https:\/\/i0.wp.com\/www.24baires.com\/wp-content\/uploads\/2017\/02\/macri-antonia-awada.jpg?resize=350%2C200","width":350,"height":200,"srcset":"https:\/\/i0.wp.com\/www.24baires.com\/wp-content\/uploads\/2017\/02\/macri-antonia-awada.jpg?resize=350%2C200 1x, https:\/\/i0.wp.com\/www.24baires.com\/wp-content\/uploads\/2017\/02\/macri-antonia-awada.jpg?resize=525%2C300 1.5x"},"classes":[]},{"id":113942,"url":"https:\/\/www.24baires.com\/?p=113942","url_meta":{"origin":17112,"position":3},"title":"Ministerio de Trabajo dict\u00f3 conciliaci\u00f3n obligatoria y el paro de guardavidas qued\u00f3 sin efecto","author":"GB","date":"29\/01\/2020","format":false,"excerpt":"NECOCHEA-La Municipalidad de la ciudad balnearia y la Asociaci\u00f3n de Guardavidas de Necochea y Quequ\u00e9n (AGNQ) no llegan a un acuerdo y el reclamo se extiende en el tiempo. El Ministerio de Trabajo bonaerense intervino nuevamente en el conflicto entre la municipalidad de Necochea y los guardavidas. Ante un nuevo\u2026","rel":"","context":"En \u00abMunicipios\u00bb","block_context":{"text":"Municipios","link":"https:\/\/www.24baires.com\/?cat=44"},"img":{"alt_text":"","src":"https:\/\/i0.wp.com\/www.24baires.com\/wp-content\/uploads\/2016\/01\/guardavidas.jpg?resize=350%2C200","width":350,"height":200,"srcset":"https:\/\/i0.wp.com\/www.24baires.com\/wp-content\/uploads\/2016\/01\/guardavidas.jpg?resize=350%2C200 1x, https:\/\/i0.wp.com\/www.24baires.com\/wp-content\/uploads\/2016\/01\/guardavidas.jpg?resize=525%2C300 1.5x"},"classes":[]},{"id":25724,"url":"https:\/\/www.24baires.com\/?p=25724","url_meta":{"origin":17112,"position":4},"title":"Axat orden\u00f3 a la Procuraci\u00f3n un informe sobre muerte de menores en temporal platense","author":"AF","date":"12\/06\/2013","format":false,"excerpt":"El Defensor Juvenil hab\u00eda realizado una presentaci\u00f3n para que el Ministerio p\u00fablico se pronuncie frente a \"la seguidilla de homicidios de ni\u00f1os y adolescentes de sectores vulnerables con alg\u00fan grado de participaci\u00f3n o relaci\u00f3n policial\". El m\u00e1ximo Tribunal resolvi\u00f3 requerir informaci\u00f3n sobre las alternativas y el resultado de las medidas\u2026","rel":"","context":"En \u00abLocales\u00bb","block_context":{"text":"Locales","link":"https:\/\/www.24baires.com\/?cat=38"},"img":{"alt_text":"","src":"","width":0,"height":0},"classes":[]},{"id":18612,"url":"https:\/\/www.24baires.com\/?p=18612","url_meta":{"origin":17112,"position":5},"title":"La Defensora General cree que \u00abdemocratizar la justicia es que est\u00e9 mas cerca de la gente\u00bb","author":"Grupo Sierra","date":"16\/03\/2013","format":false,"excerpt":"La Defensora General de la Naci\u00f3n, Stella Maris Mart\u00ednez, consider\u00f3 hoy que democratizar la justicia \"es estar al servicio de la ciudadan\u00eda\" y sostuvo que es la Corte Suprema de Justicia (CSJ) la que \"tiene que resolver el pago de impuestos\" por parte de los jueces, en el marco de\u2026","rel":"","context":"En \u00abPol\u00edtica\u00bb","block_context":{"text":"Pol\u00edtica","link":"https:\/\/www.24baires.com\/?cat=51"},"img":{"alt_text":"","src":"","width":0,"height":0},"classes":[]}],"jetpack_sharing_enabled":true,"jetpack_likes_enabled":true,"_links":{"self":[{"href":"https:\/\/www.24baires.com\/index.php?rest_route=\/wp\/v2\/posts\/17112","targetHints":{"allow":["GET"]}}],"collection":[{"href":"https:\/\/www.24baires.com\/index.php?rest_route=\/wp\/v2\/posts"}],"about":[{"href":"https:\/\/www.24baires.com\/index.php?rest_route=\/wp\/v2\/types\/post"}],"author":[{"embeddable":true,"href":"https:\/\/www.24baires.com\/index.php?rest_route=\/wp\/v2\/users\/4"}],"replies":[{"embeddable":true,"href":"https:\/\/www.24baires.com\/index.php?rest_route=%2Fwp%2Fv2%2Fcomments&post=17112"}],"version-history":[{"count":2,"href":"https:\/\/www.24baires.com\/index.php?rest_route=\/wp\/v2\/posts\/17112\/revisions"}],"predecessor-version":[{"id":17114,"href":"https:\/\/www.24baires.com\/index.php?rest_route=\/wp\/v2\/posts\/17112\/revisions\/17114"}],"wp:attachment":[{"href":"https:\/\/www.24baires.com\/index.php?rest_route=%2Fwp%2Fv2%2Fmedia&parent=17112"}],"wp:term":[{"taxonomy":"category","embeddable":true,"href":"https:\/\/www.24baires.com\/index.php?rest_route=%2Fwp%2Fv2%2Fcategories&post=17112"},{"taxonomy":"post_tag","embeddable":true,"href":"https:\/\/www.24baires.com\/index.php?rest_route=%2Fwp%2Fv2%2Ftags&post=17112"}],"curies":[{"name":"wp","href":"https:\/\/api.w.org\/{rel}","templated":true}]}}