{"id":17108,"date":"2013-03-01T15:30:48","date_gmt":"2013-03-01T18:30:48","guid":{"rendered":"http:\/\/www.24baires.com\/?p=17108"},"modified":"2013-03-01T14:16:23","modified_gmt":"2013-03-01T17:16:23","slug":"si-yo-estuviese-hoy-no-creo-que-estaria-en-un-panorama-muy-distinto-aseguro-oporto","status":"publish","type":"post","link":"https:\/\/www.24baires.com\/?p=17108","title":{"rendered":"\u201cSi yo estuviese hoy, no creo que estar\u00eda en un panorama muy distinto\u201d, asegur\u00f3 Oporto"},"content":{"rendered":"<p><img data-recalc-dims=\"1\" loading=\"lazy\" decoding=\"async\" class=\"alignleft size-full wp-image-17109\" alt=\"oporto mario2\" src=\"https:\/\/i0.wp.com\/www.24baires.com\/wp-content\/uploads\/2013\/03\/oporto-mario2.jpg?resize=190%2C266\" width=\"190\" height=\"266\" \/>Mario Oporto, ex ministro de Educaci\u00f3n bonaerense y actual Diputado Nacional, habl\u00f3 sobre la Directora Provincial de Cultura y Educaci\u00f3n, Nora De Luc\u00eda, de la cual dijo que \u201cme parece excelente su voluntad de di\u00e1logo\u201d. A su vez, reconoci\u00f3 \u201cyo era mucho m\u00e1s d\u00e9bil, si estuviese hoy en la misma situaci\u00f3n, no creo que estar\u00eda en un panorama muy distinto\u201d.<!--more--><br \/>\nEn di\u00e1logo con Radio La Plata, el ex Ministro de Educaci\u00f3n, pidi\u00f3 por nuevo di\u00e1logos y sostuvo que \u201cno queda otra que sentarse y buscar nuevos caminos, hay que ser realistas de los dos lados\u201d.<br \/>\nPor otro lado, admiti\u00f3 que \u201cella (De Luc\u00eda) es producto de una gran crisis, cuando se desdobl\u00f3 el aguinaldo. Cuando uno asume en medio de una crisis, se llega muy d\u00e9bil. Trabajar en medio de una crisis es muy dificultoso, hasta no obtener un resultado es muy jugado\u201d.<br \/>\nAsimismo, expres\u00f3 que \u201cno son buenos los prejuicios\u201d y cuando se resuelva el conflicto, \u201clo importante es ver c\u00f3mo crece el proyecto educativo\u201d.<\/p>\n","protected":false},"excerpt":{"rendered":"<p>Mario Oporto, ex ministro de Educaci\u00f3n bonaerense y actual Diputado Nacional, habl\u00f3 sobre la Directora Provincial de Cultura y Educaci\u00f3n, Nora De Luc\u00eda, de la cual dijo que \u201cme parece excelente su voluntad de di\u00e1logo\u201d. A su vez, reconoci\u00f3 \u201cyo era mucho m\u00e1s d\u00e9bil, si estuviese hoy en la misma situaci\u00f3n, no creo que estar\u00eda en un panorama muy distinto\u201d.<\/p>\n","protected":false},"author":4,"featured_media":0,"comment_status":"open","ping_status":"open","sticky":false,"template":"","format":"standard","meta":{"_jetpack_newsletter_access":"","_jetpack_dont_email_post_to_subs":false,"_jetpack_newsletter_tier_id":0,"_jetpack_memberships_contains_paywalled_content":false,"_jetpack_memberships_contains_paid_content":false,"footnotes":""},"categories":[1],"tags":[],"class_list":["post-17108","post","type-post","status-publish","format-standard","hentry","category-sociedad"],"jetpack_featured_media_url":"","jetpack_shortlink":"https:\/\/wp.me\/p2JWE0-4rW","jetpack-related-posts":[{"id":14806,"url":"https:\/\/www.24baires.com\/?p=14806","url_meta":{"origin":17108,"position":0},"title":"Mario Oporto: \u201cHabr\u00eda que reabrir la discusi\u00f3n de la Constituci\u00f3n del 94\u201d","author":"AF","date":"06\/02\/2013","format":false,"excerpt":"El diputado nacional del Frente para la Victoria, Mario Oporto, habl\u00f3 de la coparticipaci\u00f3n al se\u00f1alar que \u201chabr\u00eda que reabrir la discusi\u00f3n de la Constituci\u00f3n del 94\u2032 y que ah\u00ed se rediscuta la coparticipaci\u00f3n federal\u201d. Asimismo, destac\u00f3 en contacto con Radio La Plata\u00a0que \u201cla Constituci\u00f3n de 1994 cierra mucho la\u2026","rel":"","context":"En \u00abPol\u00edtica\u00bb","block_context":{"text":"Pol\u00edtica","link":"https:\/\/www.24baires.com\/?cat=51"},"img":{"alt_text":"oporto mario","src":"https:\/\/i0.wp.com\/www.24baires.com\/wp-content\/uploads\/2013\/02\/oporto-mario-300x217.jpg?resize=350%2C200","width":350,"height":200},"classes":[]},{"id":97551,"url":"https:\/\/www.24baires.com\/?p=97551","url_meta":{"origin":17108,"position":1},"title":"Ex ministro de Educaci\u00f3n dijo que las pr\u00e1cticas de estudiantes en empresas \u00abvan a terminar mal\u00bb","author":"GB","date":"20\/09\/2017","format":false,"excerpt":"El ex ministro de Educaci\u00f3n bonaerense Mario Oporto se refiri\u00f3 hoy a la iniciativa porte\u00f1a de llevar adelante pr\u00e1cticas en empresas en el \u00faltimo a\u00f1o de colegio al asegurar que \"es una utop\u00eda que va a terminar mal\". El ex ministro de Educaci\u00f3n de la provincia de Buenos Aires Mario\u2026","rel":"","context":"En \u00abPol\u00edtica\u00bb","block_context":{"text":"Pol\u00edtica","link":"https:\/\/www.24baires.com\/?cat=51"},"img":{"alt_text":"","src":"https:\/\/i0.wp.com\/www.24baires.com\/wp-content\/uploads\/2017\/09\/colegios-tomados.jpg?resize=350%2C200","width":350,"height":200,"srcset":"https:\/\/i0.wp.com\/www.24baires.com\/wp-content\/uploads\/2017\/09\/colegios-tomados.jpg?resize=350%2C200 1x, https:\/\/i0.wp.com\/www.24baires.com\/wp-content\/uploads\/2017\/09\/colegios-tomados.jpg?resize=525%2C300 1.5x"},"classes":[]},{"id":47035,"url":"https:\/\/www.24baires.com\/?p=47035","url_meta":{"origin":17108,"position":2},"title":"Mario Oporto: \u201cLa oposici\u00f3n pide cosas que cuando ocurren, critica\u201d","author":"AF","date":"30\/05\/2014","format":false,"excerpt":"El Diputado Nacional por el Frente para la Victoria, Mario Oporto, dialog\u00f3 sobre el acuerdo con el Club de Par\u00eds: \u201chac\u00eda falta acordar con el Club de Par\u00eds para poder recibir las inversiones que necesitamos en el \u00e1rea productiva y, por lo tanto, es un paso adelante el pagar una\u2026","rel":"","context":"En \u00abPol\u00edtica\u00bb","block_context":{"text":"Pol\u00edtica","link":"https:\/\/www.24baires.com\/?cat=51"},"img":{"alt_text":"mario oporto","src":"https:\/\/i0.wp.com\/www.24baires.com\/wp-content\/uploads\/2014\/05\/mario-oporto.jpg?resize=350%2C200","width":350,"height":200,"srcset":"https:\/\/i0.wp.com\/www.24baires.com\/wp-content\/uploads\/2014\/05\/mario-oporto.jpg?resize=350%2C200 1x, https:\/\/i0.wp.com\/www.24baires.com\/wp-content\/uploads\/2014\/05\/mario-oporto.jpg?resize=525%2C300 1.5x"},"classes":[]},{"id":633,"url":"https:\/\/www.24baires.com\/?p=633","url_meta":{"origin":17108,"position":3},"title":"Tuvo que mediar Cuartango para que De Luc\u00eda se sentara a dialogar con los gremios","author":"Grupo Sierra","date":"28\/09\/2012","format":false,"excerpt":"El ministro de Trabajo convenci\u00f3 a la directora general de Educaci\u00f3n para retomar las negociaciones con los trabajadores de ATE, en medio de las duras negativas que planteaba la funcionaria. Tras las gestiones, ambas partes volvieron a reunirse. Fuentes gremiales adelantaron a AgePeBA que de continuar el conflicto \u201cel lunes\u2026","rel":"","context":"En \u00abProvincia\u00bb","block_context":{"text":"Provincia","link":"https:\/\/www.24baires.com\/?cat=40"},"img":{"alt_text":"","src":"","width":0,"height":0},"classes":[]},{"id":2977,"url":"https:\/\/www.24baires.com\/?p=2977","url_meta":{"origin":17108,"position":4},"title":"De Luc\u00eda, firme ante el paro Docente de hoy y ma\u00f1ana: \u00abNo hay posibilidades de abrir paritarias\u00bb","author":"AF","date":"23\/10\/2012","format":false,"excerpt":"La directora de Cultura y Educaci\u00f3n de la provincia de Buenos Aires, Nora de Luc\u00eda, cuestion\u00f3 con fiereza la decisi\u00f3n de los gremios bonaerenses de llevar adelante un paro por 48 horas: \"No hay posibilidades de abrir paritarias\u201d, enfatiz\u00f3. En tanto, Roberto Baradel de Suteba, adelant\u00f3 que marchar\u00e1n a la\u2026","rel":"","context":"En \u00abPol\u00edtica\u00bb","block_context":{"text":"Pol\u00edtica","link":"https:\/\/www.24baires.com\/?cat=51"},"img":{"alt_text":"","src":"https:\/\/i0.wp.com\/www.24baires.com\/wp-content\/uploads\/2012\/10\/de-luc%C3%ADa-mesa-300x198.jpg?resize=350%2C200","width":350,"height":200},"classes":[]},{"id":7386,"url":"https:\/\/www.24baires.com\/?p=7386","url_meta":{"origin":17108,"position":5},"title":"Sigue el culebr\u00f3n: Ahora De Luc\u00eda le pide a Baradel \u00abque deje de extorsionar\u00bb","author":"Grupo Sierra","date":"30\/11\/2012","format":false,"excerpt":"El secretario general del SUTEBA hab\u00eda anticipado que en las actuales condiciones de di\u00e1logo con el Gobierno bonaerense \"no comenzar\u00e1 el ciclo lectivo\". Tras reiterar que este a\u00f1o \"no habr\u00e1n negociaciones salariales\", la ministra consider\u00f3 que el sindicalista \"quiere intimidarnos\", y destac\u00f3 \"la disposici\u00f3n constante al di\u00e1logo del gobernador y\u2026","rel":"","context":"En \u00abProvincia\u00bb","block_context":{"text":"Provincia","link":"https:\/\/www.24baires.com\/?cat=40"},"img":{"alt_text":"","src":"https:\/\/i0.wp.com\/www.24baires.com\/wp-content\/uploads\/2012\/11\/de-luc%C3%ADa-300x200.jpg?resize=350%2C200","width":350,"height":200},"classes":[]}],"jetpack_sharing_enabled":true,"jetpack_likes_enabled":true,"_links":{"self":[{"href":"https:\/\/www.24baires.com\/index.php?rest_route=\/wp\/v2\/posts\/17108","targetHints":{"allow":["GET"]}}],"collection":[{"href":"https:\/\/www.24baires.com\/index.php?rest_route=\/wp\/v2\/posts"}],"about":[{"href":"https:\/\/www.24baires.com\/index.php?rest_route=\/wp\/v2\/types\/post"}],"author":[{"embeddable":true,"href":"https:\/\/www.24baires.com\/index.php?rest_route=\/wp\/v2\/users\/4"}],"replies":[{"embeddable":true,"href":"https:\/\/www.24baires.com\/index.php?rest_route=%2Fwp%2Fv2%2Fcomments&post=17108"}],"version-history":[{"count":2,"href":"https:\/\/www.24baires.com\/index.php?rest_route=\/wp\/v2\/posts\/17108\/revisions"}],"predecessor-version":[{"id":17111,"href":"https:\/\/www.24baires.com\/index.php?rest_route=\/wp\/v2\/posts\/17108\/revisions\/17111"}],"wp:attachment":[{"href":"https:\/\/www.24baires.com\/index.php?rest_route=%2Fwp%2Fv2%2Fmedia&parent=17108"}],"wp:term":[{"taxonomy":"category","embeddable":true,"href":"https:\/\/www.24baires.com\/index.php?rest_route=%2Fwp%2Fv2%2Fcategories&post=17108"},{"taxonomy":"post_tag","embeddable":true,"href":"https:\/\/www.24baires.com\/index.php?rest_route=%2Fwp%2Fv2%2Ftags&post=17108"}],"curies":[{"name":"wp","href":"https:\/\/api.w.org\/{rel}","templated":true}]}}