{"id":17104,"date":"2013-03-01T14:30:19","date_gmt":"2013-03-01T17:30:19","guid":{"rendered":"http:\/\/www.24baires.com\/?p=17104"},"modified":"2013-03-01T14:43:42","modified_gmt":"2013-03-01T17:43:42","slug":"continuan-reclamando-que-scioli-reglamente-la-ley-de-emergencia-por-violencia-de-genero","status":"publish","type":"post","link":"https:\/\/www.24baires.com\/?p=17104","title":{"rendered":"Contin\u00faan reclamando que Scioli reglamente la Ley de Emergencia por Violencia de G\u00e9nero"},"content":{"rendered":"<p>La diputada Karina Naz\u00e1bal consider\u00f3 que la aplicaci\u00f3n de la norma aprobada el a\u00f1o pasado \u201ces fundamental\u201d para enfrentar \u201cla situaci\u00f3n de la provincia de Buenos Aires, que es muy sensible\u201d.\u00a0<!--more--><br \/>\nEl II Plenario de Pol\u00edticas P\u00fablicas para la Provincia de Buenos Aires, tambi\u00e9n cont\u00f3 con la participaci\u00f3n de expertos en materia de g\u00e9nero que expresaron y debatieron sus posiciones y propuestas en comisiones.<\/p>\n<p>Una de las panelistas invitadas fue la diputada bonaerense Karina Naz\u00e1bal, autora de la ley de emergencia por violencia de g\u00e9nero que sancion\u00f3 la Legislatura el 18 de octubre pasado.<\/p>\n<p>La norma espera la reglamentaci\u00f3n del gobernador Daniel Scioli para que pueda aplicarse en todo el territorio de la Provincia, permitiendo un abordaje m\u00e1s integral de la problem\u00e1tica y mayores recursos. Por eso, Naz\u00e1bal reiter\u00f3 el reclamo que viene haciendo desde fines del 2012.<\/p>\n<p>\u201cEs fundamental que el Ejecutivo provincial reglamente la ley de emergencia porque la situaci\u00f3n de la provincia de Buenos Aires es muy sensible. El saldo del a\u00f1o pasado indica que hay casi una v\u00edctima de violencia de g\u00e9nero por d\u00eda\u201d, precis\u00f3 la legisladora.<\/p>\n<p>La comisi\u00f3n que se ocup\u00f3 del tema gir\u00f3 en torno a dos ejes centrales: \u201cEl acceso a la justicia, que tiene que ser m\u00e1s eficaz y democr\u00e1tico, y la comunicaci\u00f3n y la construcci\u00f3n del debate sobre las mujeres\u201d, explic\u00f3 Naz\u00e1bal.<\/p>\n<p>\u201cCreemos que este plenario es un indicio de que se empieza a visibilizar la problem\u00e1tica y a incorporarla para que definitivamente sea pol\u00edtica p\u00fablica\u201d, consider\u00f3.<\/p>\n<p>Naz\u00e1bal asegur\u00f3 que \u201cel desaf\u00edo es actuar r\u00e1pido antes de que la muerte pase, porque hasta ahora estamos llegando tarde. Tenemos que trabajar para que se reduzcan estos \u00edndices con una pol\u00edtica constante y permanente de todas las \u00e1reas de Gobierno para que el cambio se vea\u201d.<\/p>\n<p>Por su parte, el juez de Garant\u00edas de Lomas de Zamora, Gabriel Vitale, remarc\u00f3 \u201cla importancia de cuestionar lo que es la justicia hoy en d\u00eda y democratizarla\u201d.<\/p>\n<p>\u201cTenemos que pensar en estos espacios y planificar a mediano plazo c\u00f3mo hacer para evitar la violencia de g\u00e9nero y elaborar mejores respuestas para disminuir los casos. Es fundamental el acceso a la justicia y que las v\u00edctimas conozcan cu\u00e1les son sus derechos\u201d, explic\u00f3.<\/p>\n<p>Para Vitale, \u201cel cambio tiene que ser social y dentro de este cambio est\u00e1 incluida la justicia. Poner en juego otras miradas, como ocurri\u00f3 en este plenario, es crucial para analizar los casos de violencia de g\u00e9nero y garantizar los derechos de las mujeres\u201d.<\/p>\n<p>&nbsp;<\/p>\n<p>&nbsp;<\/p>\n<p>&nbsp;<\/p>\n<p>&nbsp;<\/p>\n<p>&nbsp;<\/p>\n<p>&nbsp;<\/p>\n<p>&nbsp;<\/p>\n<p>&nbsp;<\/p>\n<p>&nbsp;<\/p>\n<p>&nbsp;<\/p>\n<p>&nbsp;<\/p>\n<p>&nbsp;<\/p>\n<p>&nbsp;<\/p>\n<p>&nbsp;<\/p>\n<p>&nbsp;<\/p>\n<p>&nbsp;<\/p>\n","protected":false},"excerpt":{"rendered":"<p>La diputada Karina Naz\u00e1bal consider\u00f3 que la aplicaci\u00f3n de la norma aprobada el a\u00f1o pasado \u201ces fundamental\u201d para enfrentar \u201cla situaci\u00f3n de la provincia de Buenos Aires, que es muy sensible\u201d.\u00a0<\/p>\n","protected":false},"author":4,"featured_media":0,"comment_status":"open","ping_status":"open","sticky":false,"template":"","format":"standard","meta":{"_jetpack_newsletter_access":"","_jetpack_dont_email_post_to_subs":false,"_jetpack_newsletter_tier_id":0,"_jetpack_memberships_contains_paywalled_content":false,"_jetpack_memberships_contains_paid_content":false,"footnotes":""},"categories":[1],"tags":[],"class_list":["post-17104","post","type-post","status-publish","format-standard","hentry","category-sociedad"],"jetpack_featured_media_url":"","jetpack_shortlink":"https:\/\/wp.me\/p2JWE0-4rS","jetpack-related-posts":[{"id":2907,"url":"https:\/\/www.24baires.com\/?p=2907","url_meta":{"origin":17104,"position":0},"title":"Para Nazabal, es \u00abescaso\u00bb el presupuesto actual para tratar la Violencia de G\u00e9nero","author":"AF","date":"22\/10\/2012","format":false,"excerpt":"La diputada provincial oficialista, Karina Nazabal, justific\u00f3 la declaraci\u00f3n de la emergencia en la violencia de g\u00e9nero porque sostuvo que el presupuesto actual para combatir el problema es \u201cescaso\u201d y \u201cse esta usando de manera poco creativa\u201d. Destac\u00f3 el consenso con la oposici\u00f3n. La diputada provincial por el Frente para\u2026","rel":"","context":"En \u00abProvincia\u00bb","block_context":{"text":"Provincia","link":"https:\/\/www.24baires.com\/?cat=40"},"img":{"alt_text":"","src":"https:\/\/i0.wp.com\/www.24baires.com\/wp-content\/uploads\/2012\/10\/nazabal-300x225.jpg?resize=350%2C200","width":350,"height":200},"classes":[]},{"id":35560,"url":"https:\/\/www.24baires.com\/?p=35560","url_meta":{"origin":17104,"position":1},"title":"Aprobaron la implementaci\u00f3n del bot\u00f3n antip\u00e1nico en la Provincia","author":"AF","date":"22\/11\/2013","format":false,"excerpt":"La C\u00e1mara de Diputados bonaerense sancion\u00f3 la aplicaci\u00f3n del \u201cBot\u00f3n Antip\u00e1nico\u201d que permite a la mujer que est\u00e1 en emergencia ante una situaci\u00f3n de violencia, la localizaci\u00f3n y alerta a autoridades de la fuerza de seguridad para su pronta intervenci\u00f3n. Al respecto, la diputada Karina Nazabal , autora del proyecto,\u2026","rel":"","context":"En \u00abProvincia\u00bb","block_context":{"text":"Provincia","link":"https:\/\/www.24baires.com\/?cat=40"},"img":{"alt_text":"","src":"","width":0,"height":0},"classes":[]},{"id":70829,"url":"https:\/\/www.24baires.com\/?p=70829","url_meta":{"origin":17104,"position":2},"title":"Provincia prorrog\u00f3 por dos a\u00f1os m\u00e1s la emergencia por violencia de g\u00e9nero","author":"GB","date":"19\/08\/2015","format":false,"excerpt":"La provincia de Buenos Aires prorrog\u00f3 por dos a\u00f1os m\u00e1s la vigencia de la ley que declara la emergencia p\u00fablica en materia social por violencia de g\u00e9nero. As\u00ed se estableci\u00f3 por ley 14.731, que entr\u00f3 en vigencia hoy con su publicaci\u00f3n en el Bolet\u00edn Oficial, que prorroga la ley 14.407\u2026","rel":"","context":"En \u00abProvincia\u00bb","block_context":{"text":"Provincia","link":"https:\/\/www.24baires.com\/?cat=40"},"img":{"alt_text":"contra la violencia","src":"https:\/\/i0.wp.com\/www.24baires.com\/wp-content\/uploads\/2014\/08\/contra-la-violencia.jpg?resize=350%2C200","width":350,"height":200,"srcset":"https:\/\/i0.wp.com\/www.24baires.com\/wp-content\/uploads\/2014\/08\/contra-la-violencia.jpg?resize=350%2C200 1x, https:\/\/i0.wp.com\/www.24baires.com\/wp-content\/uploads\/2014\/08\/contra-la-violencia.jpg?resize=525%2C300 1.5x"},"classes":[]},{"id":70967,"url":"https:\/\/www.24baires.com\/?p=70967","url_meta":{"origin":17104,"position":3},"title":"Provincia promulg\u00f3 la ley de Boleto Educativo Gratuito","author":"GB","date":"21\/08\/2015","format":false,"excerpt":"El gobernador Daniel Scioli promulg\u00f3 la ley 14.735 que establece la creaci\u00f3n de un Boleto Especial Educativo de car\u00e1cter gratuito para los alumnos de todos los niveles que concurran a establecimientos ubicados dentro del territorio de la provincia de Buenos Aires. La flamante ley es producto de una iniciativa presentada\u2026","rel":"","context":"En \u00abProvincia\u00bb","block_context":{"text":"Provincia","link":"https:\/\/www.24baires.com\/?cat=40"},"img":{"alt_text":"colectivos micro bah\u00eda blanca","src":"https:\/\/i0.wp.com\/www.24baires.com\/wp-content\/uploads\/2015\/01\/colectivos-micro-bah%C3%ADa-blanca.jpg?resize=350%2C200","width":350,"height":200,"srcset":"https:\/\/i0.wp.com\/www.24baires.com\/wp-content\/uploads\/2015\/01\/colectivos-micro-bah%C3%ADa-blanca.jpg?resize=350%2C200 1x, https:\/\/i0.wp.com\/www.24baires.com\/wp-content\/uploads\/2015\/01\/colectivos-micro-bah%C3%ADa-blanca.jpg?resize=525%2C300 1.5x"},"classes":[]},{"id":2536,"url":"https:\/\/www.24baires.com\/?p=2536","url_meta":{"origin":17104,"position":4},"title":"Ya es Ley la emergencia p\u00fablica por violencia de g\u00e9nero","author":"AF","date":"18\/10\/2012","format":false,"excerpt":"La C\u00e1mara alta aprob\u00f3 el proyecto que adhiere a la Ley Nacional 26.485 contra la violencia hacia las mujeres y faculta al Ejecutivo a reasignar las partidas presupuestarias necesarias. La emergencia se declara por el t\u00e9rmino de dos a\u00f1os con el objetivo de revertir el n\u00famero de v\u00edctimas en territorio\u2026","rel":"","context":"En \u00abSociedad\u00bb","block_context":{"text":"Sociedad","link":"https:\/\/www.24baires.com\/?cat=1"},"img":{"alt_text":"","src":"","width":0,"height":0},"classes":[]},{"id":11281,"url":"https:\/\/www.24baires.com\/?p=11281","url_meta":{"origin":17104,"position":5},"title":"Siguen reclam\u00e1ndole a Scioli que aplique la ley de emergencia por violencia de g\u00e9nero","author":"AF","date":"05\/01\/2013","format":false,"excerpt":"Fue en el marco de una radio abierta llevada a cabo para repudiar la excarcelaci\u00f3n de Daniel Lagostena, acusado de asesinar y hacer desaparecer el cuerpo de su ex pareja, \u00c9rica Soriano. Su madre, Mar\u00eda Esther Romero, dijo que es necesario que \u201cse escuche a las v\u00edctimas, que se erradique\u2026","rel":"","context":"En \u00abSociedad\u00bb","block_context":{"text":"Sociedad","link":"https:\/\/www.24baires.com\/?cat=1"},"img":{"alt_text":"soriano","src":"https:\/\/i0.wp.com\/www.24baires.com\/wp-content\/uploads\/2012\/12\/soriano.jpg?resize=350%2C200","width":350,"height":200},"classes":[]}],"jetpack_sharing_enabled":true,"jetpack_likes_enabled":true,"_links":{"self":[{"href":"https:\/\/www.24baires.com\/index.php?rest_route=\/wp\/v2\/posts\/17104","targetHints":{"allow":["GET"]}}],"collection":[{"href":"https:\/\/www.24baires.com\/index.php?rest_route=\/wp\/v2\/posts"}],"about":[{"href":"https:\/\/www.24baires.com\/index.php?rest_route=\/wp\/v2\/types\/post"}],"author":[{"embeddable":true,"href":"https:\/\/www.24baires.com\/index.php?rest_route=\/wp\/v2\/users\/4"}],"replies":[{"embeddable":true,"href":"https:\/\/www.24baires.com\/index.php?rest_route=%2Fwp%2Fv2%2Fcomments&post=17104"}],"version-history":[{"count":3,"href":"https:\/\/www.24baires.com\/index.php?rest_route=\/wp\/v2\/posts\/17104\/revisions"}],"predecessor-version":[{"id":17107,"href":"https:\/\/www.24baires.com\/index.php?rest_route=\/wp\/v2\/posts\/17104\/revisions\/17107"}],"wp:attachment":[{"href":"https:\/\/www.24baires.com\/index.php?rest_route=%2Fwp%2Fv2%2Fmedia&parent=17104"}],"wp:term":[{"taxonomy":"category","embeddable":true,"href":"https:\/\/www.24baires.com\/index.php?rest_route=%2Fwp%2Fv2%2Fcategories&post=17104"},{"taxonomy":"post_tag","embeddable":true,"href":"https:\/\/www.24baires.com\/index.php?rest_route=%2Fwp%2Fv2%2Ftags&post=17104"}],"curies":[{"name":"wp","href":"https:\/\/api.w.org\/{rel}","templated":true}]}}