{"id":17100,"date":"2013-03-01T13:30:57","date_gmt":"2013-03-01T16:30:57","guid":{"rendered":"http:\/\/www.24baires.com\/?p=17100"},"modified":"2013-03-01T13:26:22","modified_gmt":"2013-03-01T16:26:22","slug":"judiciales-se-declararon-en-estado-de-alerta-y-movilizacion","status":"publish","type":"post","link":"https:\/\/www.24baires.com\/?p=17100","title":{"rendered":"Judiciales se declararon en estado de \u00abalerta y movilizaci\u00f3n\u00bb"},"content":{"rendered":"<p><img data-recalc-dims=\"1\" loading=\"lazy\" decoding=\"async\" class=\"aligncenter size-full wp-image-17101\" alt=\"judiciales\" src=\"https:\/\/i0.wp.com\/www.24baires.com\/wp-content\/uploads\/2013\/03\/judiciales.jpg?resize=560%2C372\" width=\"560\" height=\"372\" srcset=\"https:\/\/i0.wp.com\/www.24baires.com\/wp-content\/uploads\/2013\/03\/judiciales.jpg?w=560&amp;ssl=1 560w, https:\/\/i0.wp.com\/www.24baires.com\/wp-content\/uploads\/2013\/03\/judiciales.jpg?resize=300%2C199&amp;ssl=1 300w\" sizes=\"auto, (max-width: 560px) 100vw, 560px\" \/>La Asociaci\u00f3n de Judiciales Bonaerenses (AJB), ante la ausencia de una propuesta salarial satisfactoria por parte del gobierno de Daniel Scioli, se declar\u00f3 en estado de \u201calerta\u201d. El gremio convoc\u00f3 a asambleas departamentales para la semana pr\u00f3xima donde evaluar\u00e1 la definici\u00f3n de posibles medidas de fuerza.<!--more--><br \/>\nLa Comisi\u00f3n Directiva Provincial de la AJB determin\u00f3 el estado de alerta a la vez que se advirti\u00f3 sobre medidas de fuerza analizando, como tema principal, la falta de convocatoria del Ejecutivo bonaerense al sector a paritarias salariales.<\/p>\n<p>\u00abSe decret\u00f3 el estado de alerta y movilizaci\u00f3n frente a la falta de respuesta del Gobierno a los pedidos de convocatoria para negociar salarios\u00bb, se\u00f1alaron desde el sindicato y anticiparon que se llam\u00f3 a asambleas entre el lunes 4 y el mi\u00e9rcoles 6 de marzo -que incluir\u00e1n recorridas, volanteadas y distribuci\u00f3n de afiches- para analizar futuras medidas.<\/p>\n<p>Asimismo -agregaron- se resolvi\u00f3 apoyar \u00ablas acciones que llevan adelante docentes, estatales y profesionales de la salud articulando y\/o acompa\u00f1ando las medidas que realizan\u00bb.<\/p>\n<p>&nbsp;<\/p>\n<p>&nbsp;<\/p>\n<p>&nbsp;<\/p>\n<p>&nbsp;<\/p>\n<p>&nbsp;<\/p>\n<p>&nbsp;<\/p>\n<p>&nbsp;<\/p>\n<p>&nbsp;<\/p>\n<p>&nbsp;<\/p>\n<p>&nbsp;<\/p>\n<p>&nbsp;<\/p>\n<p>&nbsp;<\/p>\n<p>&nbsp;<\/p>\n<p>&nbsp;<\/p>\n<p>&nbsp;<\/p>\n","protected":false},"excerpt":{"rendered":"<p>La Asociaci\u00f3n de Judiciales Bonaerenses (AJB), ante la ausencia de una propuesta salarial satisfactoria por parte del gobierno de Daniel Scioli, se declar\u00f3 en estado de \u201calerta\u201d. El gremio convoc\u00f3 a asambleas departamentales para la semana pr\u00f3xima donde evaluar\u00e1 la definici\u00f3n de posibles medidas de fuerza.<\/p>\n","protected":false},"author":4,"featured_media":0,"comment_status":"open","ping_status":"open","sticky":false,"template":"","format":"standard","meta":{"_jetpack_newsletter_access":"","_jetpack_dont_email_post_to_subs":false,"_jetpack_newsletter_tier_id":0,"_jetpack_memberships_contains_paywalled_content":false,"_jetpack_memberships_contains_paid_content":false,"footnotes":""},"categories":[1],"tags":[],"class_list":["post-17100","post","type-post","status-publish","format-standard","hentry","category-sociedad"],"jetpack_featured_media_url":"","jetpack_shortlink":"https:\/\/wp.me\/p2JWE0-4rO","jetpack-related-posts":[{"id":116375,"url":"https:\/\/www.24baires.com\/?p=116375","url_meta":{"origin":17100,"position":0},"title":"Paritarias: judiciales esperan una oferta de la Provincia","author":"GB","date":"02\/10\/2020","format":false,"excerpt":"El Gobierno bonaerense recibir\u00e1 a los judiciales en el marco de las paritarias salariales y se espera que realice una propuesta de aumento. Este viernes los judiciales bonaerenses se sentar\u00e1n a negociar sus salarios con el Gobierno en el marco de las paritarias. Se espera que la Provincia oficialice una\u2026","rel":"","context":"En \u00abProvincia\u00bb","block_context":{"text":"Provincia","link":"https:\/\/www.24baires.com\/?cat=40"},"img":{"alt_text":"","src":"https:\/\/i0.wp.com\/www.24baires.com\/wp-content\/uploads\/2019\/09\/gobernacion.jpg?resize=350%2C200","width":350,"height":200,"srcset":"https:\/\/i0.wp.com\/www.24baires.com\/wp-content\/uploads\/2019\/09\/gobernacion.jpg?resize=350%2C200 1x, https:\/\/i0.wp.com\/www.24baires.com\/wp-content\/uploads\/2019\/09\/gobernacion.jpg?resize=525%2C300 1.5x"},"classes":[]},{"id":90726,"url":"https:\/\/www.24baires.com\/?p=90726","url_meta":{"origin":17100,"position":1},"title":"Judiciales parar\u00e1n por 72 horas por reclamo salarial","author":"AF","date":"13\/12\/2016","format":false,"excerpt":"Los judiciales de la AJB resolvieron en asambleas retomar los paros por 72 horas a partir del mi\u00e9rcoles en los tribunales bonaerenses en reclamo de una recomposici\u00f3n salarial. Tras el mandato de las 19 asambleas departamentales realizadas se decidi\u00f3 incrementar de 48 a 72 horas las medidas de fuerza a\u2026","rel":"","context":"En \u00abSociedad\u00bb","block_context":{"text":"Sociedad","link":"https:\/\/www.24baires.com\/?cat=1"},"img":{"alt_text":"","src":"https:\/\/i0.wp.com\/www.24baires.com\/wp-content\/uploads\/2014\/03\/judicial.gif?resize=350%2C200","width":350,"height":200,"srcset":"https:\/\/i0.wp.com\/www.24baires.com\/wp-content\/uploads\/2014\/03\/judicial.gif?resize=350%2C200 1x, https:\/\/i0.wp.com\/www.24baires.com\/wp-content\/uploads\/2014\/03\/judicial.gif?resize=525%2C300 1.5x"},"classes":[]},{"id":111483,"url":"https:\/\/www.24baires.com\/?p=111483","url_meta":{"origin":17100,"position":2},"title":"Judiciales anunciaron un nuevo paro","author":"GB","date":"07\/08\/2019","format":false,"excerpt":"Desde la AJB resolvieron llevar a cabo una nueva medida de fuerza para este jueves y apuntaron sus cr\u00edticas hacia el titular de la cartera de Justicia bonaerense. Los judiciales bonaerenses atraviesan un conflicto salarial con el gobierno de Mar\u00eda Eugenia Vidal y profundizaron las medidas de fuerza. Tras el\u2026","rel":"","context":"En \u00abProvincia\u00bb","block_context":{"text":"Provincia","link":"https:\/\/www.24baires.com\/?cat=40"},"img":{"alt_text":"","src":"https:\/\/i0.wp.com\/www.24baires.com\/wp-content\/uploads\/2014\/04\/judiciales.jpg?resize=350%2C200","width":350,"height":200,"srcset":"https:\/\/i0.wp.com\/www.24baires.com\/wp-content\/uploads\/2014\/04\/judiciales.jpg?resize=350%2C200 1x, https:\/\/i0.wp.com\/www.24baires.com\/wp-content\/uploads\/2014\/04\/judiciales.jpg?resize=525%2C300 1.5x"},"classes":[]},{"id":61146,"url":"https:\/\/www.24baires.com\/?p=61146","url_meta":{"origin":17100,"position":3},"title":"Los judiciales bonaerenses volvieron al paro y amenazan con mayores medidas de fuerza","author":"Grupo Sierra","date":"02\/02\/2015","format":false,"excerpt":"Los trabajadores enrolados en la Asociaci\u00f3n Judicial Bonaerense (AJB) realizan este lunes una huelga por 24 horas con asambleas en reclamo de una \"propuesta superadora\" a nivel salarial por parte del Gobierno de Daniel Scioli para destrabar el conflicto laboral. \"Las asambleas realizadas a fines de diciembre reclamaron un aumento\u2026","rel":"","context":"En \u00abProvincia\u00bb","block_context":{"text":"Provincia","link":"https:\/\/www.24baires.com\/?cat=40"},"img":{"alt_text":"ajb","src":"https:\/\/i0.wp.com\/www.24baires.com\/wp-content\/uploads\/2014\/12\/ajb.jpg?resize=350%2C200","width":350,"height":200,"srcset":"https:\/\/i0.wp.com\/www.24baires.com\/wp-content\/uploads\/2014\/12\/ajb.jpg?resize=350%2C200 1x, https:\/\/i0.wp.com\/www.24baires.com\/wp-content\/uploads\/2014\/12\/ajb.jpg?resize=525%2C300 1.5x"},"classes":[]},{"id":18899,"url":"https:\/\/www.24baires.com\/?p=18899","url_meta":{"origin":17100,"position":4},"title":"Sin oferta salarial para Judiciales bonaerenses: parar\u00e1n ma\u00f1ana jueves","author":"AF","date":"20\/03\/2013","format":false,"excerpt":"La Asociaci\u00f3n Judicial Bonaerense (AJB) dispuso realizar este jueves un nuevo cese de actividades en los tribunales de la provincia. Adem\u00e1s defini\u00f3 realizar asambleas en las 18 departamentales bonaerenses ma\u00f1ana y pasado. Exigen que el Ejecutivo los convoque a paritarias. Seg\u00fan lo defini\u00f3 la comisi\u00f3n directiva del gremio ma\u00f1ana jueves\u2026","rel":"","context":"En \u00abSociedad\u00bb","block_context":{"text":"Sociedad","link":"https:\/\/www.24baires.com\/?cat=1"},"img":{"alt_text":"","src":"","width":0,"height":0},"classes":[]},{"id":60985,"url":"https:\/\/www.24baires.com\/?p=60985","url_meta":{"origin":17100,"position":5},"title":"Judiciales bonaerenses convocaron a un paro para el lunes","author":"GB","date":"30\/01\/2015","format":false,"excerpt":"La Asociaci\u00f3n Judicial Bonaerense (AJB) pidi\u00f3 al gobierno provincial \"una propuesta superadora que destrabe el conflicto salarial\u201d. \"Las asambleas realizadas a fines de diciembre reclamaron un aumento salarial para los empleados y funcionarios similar al otorgado a los magistrados a partir del 1\u00b0 de diciembre de 2014\", reza el comunicado\u2026","rel":"","context":"En \u00abPol\u00edtica\u00bb","block_context":{"text":"Pol\u00edtica","link":"https:\/\/www.24baires.com\/?cat=51"},"img":{"alt_text":"judiciales","src":"https:\/\/i0.wp.com\/www.24baires.com\/wp-content\/uploads\/2014\/04\/judiciales.jpg?resize=350%2C200","width":350,"height":200,"srcset":"https:\/\/i0.wp.com\/www.24baires.com\/wp-content\/uploads\/2014\/04\/judiciales.jpg?resize=350%2C200 1x, https:\/\/i0.wp.com\/www.24baires.com\/wp-content\/uploads\/2014\/04\/judiciales.jpg?resize=525%2C300 1.5x"},"classes":[]}],"jetpack_sharing_enabled":true,"jetpack_likes_enabled":true,"_links":{"self":[{"href":"https:\/\/www.24baires.com\/index.php?rest_route=\/wp\/v2\/posts\/17100","targetHints":{"allow":["GET"]}}],"collection":[{"href":"https:\/\/www.24baires.com\/index.php?rest_route=\/wp\/v2\/posts"}],"about":[{"href":"https:\/\/www.24baires.com\/index.php?rest_route=\/wp\/v2\/types\/post"}],"author":[{"embeddable":true,"href":"https:\/\/www.24baires.com\/index.php?rest_route=\/wp\/v2\/users\/4"}],"replies":[{"embeddable":true,"href":"https:\/\/www.24baires.com\/index.php?rest_route=%2Fwp%2Fv2%2Fcomments&post=17100"}],"version-history":[{"count":2,"href":"https:\/\/www.24baires.com\/index.php?rest_route=\/wp\/v2\/posts\/17100\/revisions"}],"predecessor-version":[{"id":17103,"href":"https:\/\/www.24baires.com\/index.php?rest_route=\/wp\/v2\/posts\/17100\/revisions\/17103"}],"wp:attachment":[{"href":"https:\/\/www.24baires.com\/index.php?rest_route=%2Fwp%2Fv2%2Fmedia&parent=17100"}],"wp:term":[{"taxonomy":"category","embeddable":true,"href":"https:\/\/www.24baires.com\/index.php?rest_route=%2Fwp%2Fv2%2Fcategories&post=17100"},{"taxonomy":"post_tag","embeddable":true,"href":"https:\/\/www.24baires.com\/index.php?rest_route=%2Fwp%2Fv2%2Ftags&post=17100"}],"curies":[{"name":"wp","href":"https:\/\/api.w.org\/{rel}","templated":true}]}}