{"id":17094,"date":"2013-03-01T09:00:05","date_gmt":"2013-03-01T12:00:05","guid":{"rendered":"http:\/\/www.24baires.com\/?p=17094"},"modified":"2013-03-01T12:47:53","modified_gmt":"2013-03-01T15:47:53","slug":"docentes-bonaerenses-ratificaron-el-paro-para-lunes-y-martes-proximos","status":"publish","type":"post","link":"https:\/\/www.24baires.com\/?p=17094","title":{"rendered":"Docentes bonaerenses ratificaron el paro para lunes y martes pr\u00f3ximos"},"content":{"rendered":"<p>Si bien estaba anticipado, el Frente Gremial Docente hizo hoy oficial el llamado a un paro de 48 horas para el pr\u00f3ximo lunes y martes, en el marco de la tensa negociaci\u00f3n con el gobierno provincial por la suba salarial de este a\u00f1o.<!--more--><\/p>\n<p>Tras el rechazo de una oferta oficial de aumento del 17,8% en tres cuotas que hizo el gobierno de Daniel Scioli, y una masiva movilizaci\u00f3n frente a la Casa de la Provincia, en capital federal, el Frente Gremial -Suteba, FEB, UDA, Sadop y AMET- hicieron oficial la medida de fuerza, a la que le seguir\u00e1 el mi\u00e9rcoles una jornada de protesta y un congreso el jueves para definir c\u00f3mo contin\u00faa el plan de lucha en medio del conflicto.<\/p>\n<p>En declaraciones al m\u00f3vil de La Redonda, la presidenta de la FEB, Mirta Petrocini, reiter\u00f3 sus quejas a la Provincia y la Naci\u00f3n, al reclamar que \u201cno hay comprensi\u00f3n por parte de los gobiernos para de apuntalar la educaci\u00f3 p\u00fablica\u201d y subray\u00f3 que el problema \u201cpasa por los salarios, por la infraestructura, y los comedores escolares, por falta del pago a los proveedores\u201d.<\/p>\n<p>En tanto, el titular de Suteba, Roberto Baradel, sostuvo que \u00aben la Provincia hay irresponsabilidad y desidia por parte del Gobierno, que no hace una propuesta integral que resuelva la crisis educativa\u00bb, se quej\u00f3 el sindicalista, en conferencia de prensa<\/p>\n<p>Adem\u00e1s, Baradel confirm\u00f3 que el mi\u00e9rcoles pr\u00f3ximo los maestros realizar\u00e1n \u00abuna jornada de movilizaciones, que incluir\u00e1 la marcha al Ministerio de Educaci\u00f3n de la Naci\u00f3n convocada por Ctera\u00bb.<\/p>\n<p>\u00abVamos a apoyar el pedido de que se reabran las paritarias a nivel nacional, pero reclamando una reforma de la ley de Financiamiento Educativo\u00bb, enfatiz\u00f3.<\/p>\n<p>&nbsp;<\/p>\n<p>&nbsp;<\/p>\n<p>&nbsp;<\/p>\n<p>&nbsp;<\/p>\n<p>&nbsp;<\/p>\n<p>&nbsp;<\/p>\n<p>&nbsp;<\/p>\n<p>&nbsp;<\/p>\n<p>&nbsp;<\/p>\n<p>&nbsp;<\/p>\n<p>&nbsp;<\/p>\n<p>&nbsp;<\/p>\n<p>&nbsp;<\/p>\n<p>&nbsp;<\/p>\n<p>&nbsp;<\/p>\n","protected":false},"excerpt":{"rendered":"<p>Si bien estaba anticipado, el Frente Gremial Docente hizo hoy oficial el llamado a un paro de 48 horas para el pr\u00f3ximo lunes y martes, en el marco de la tensa negociaci\u00f3n con el gobierno provincial por la suba salarial de este a\u00f1o.<\/p>\n","protected":false},"author":4,"featured_media":0,"comment_status":"open","ping_status":"open","sticky":false,"template":"","format":"standard","meta":{"_jetpack_newsletter_access":"","_jetpack_dont_email_post_to_subs":false,"_jetpack_newsletter_tier_id":0,"_jetpack_memberships_contains_paywalled_content":false,"_jetpack_memberships_contains_paid_content":false,"footnotes":""},"categories":[1],"tags":[],"class_list":["post-17094","post","type-post","status-publish","format-standard","hentry","category-sociedad"],"jetpack_featured_media_url":"","jetpack_shortlink":"https:\/\/wp.me\/p2JWE0-4rI","jetpack-related-posts":[{"id":8530,"url":"https:\/\/www.24baires.com\/?p=8530","url_meta":{"origin":17094,"position":0},"title":"Scioli se re\u00fane con el frente gremial docente","author":"AF","date":"10\/12\/2012","format":false,"excerpt":"El encuentro est\u00e1 previsto para la ma\u00f1ana de este lunes en el marco de un clima de tensi\u00f3n por los descuentos que efectiviz\u00f3 la Direcci\u00f3n de Cultura y Educaci\u00f3n que conduce Nora de Luc\u00eda. Se espera que adem\u00e1s se traten las demandas del Frente en lo que respecta a las\u2026","rel":"","context":"En \u00abSociedad\u00bb","block_context":{"text":"Sociedad","link":"https:\/\/www.24baires.com\/?cat=1"},"img":{"alt_text":"","src":"","width":0,"height":0},"classes":[]},{"id":51176,"url":"https:\/\/www.24baires.com\/?p=51176","url_meta":{"origin":17094,"position":1},"title":"Segundo d\u00eda de paro docente en la Provincia","author":"AF","date":"05\/08\/2014","format":false,"excerpt":"Los docentes nucleados en el Frente Gremial y el moyanista de Udocba llevan adelante este martes la segunda jornada de paro mientras se espera la reuni\u00f3n de ma\u00f1ana con el Gobierno que buscar\u00e1 acercar las partes para evitar una nueva medida de fuerza. Con una masiva adhesi\u00f3n, los gremios docentes\u2026","rel":"","context":"En \u00abSociedad\u00bb","block_context":{"text":"Sociedad","link":"https:\/\/www.24baires.com\/?cat=1"},"img":{"alt_text":"aula vac\u00eda","src":"https:\/\/i0.wp.com\/www.24baires.com\/wp-content\/uploads\/2014\/03\/aula-vac%C3%ADa.jpg?resize=350%2C200","width":350,"height":200,"srcset":"https:\/\/i0.wp.com\/www.24baires.com\/wp-content\/uploads\/2014\/03\/aula-vac%C3%ADa.jpg?resize=350%2C200 1x, https:\/\/i0.wp.com\/www.24baires.com\/wp-content\/uploads\/2014\/03\/aula-vac%C3%ADa.jpg?resize=525%2C300 1.5x"},"classes":[]},{"id":122289,"url":"https:\/\/www.24baires.com\/?p=122289","url_meta":{"origin":17094,"position":2},"title":"Docentes bonaeresenes paran pese a la concicliaci\u00f3n obligatoria","author":"GB","date":"20\/05\/2025","format":false,"excerpt":"Las clases en las escuelas p\u00fablicas de toda la provincia de Buenos Aires se ver\u00e1n opacadas hoy por el paro convocado por un gremio docente. Aunque el gobierno bonaerense dict\u00f3 la conciliaci\u00f3n obligatoria, la Federaci\u00f3n de Educadores Bonaerenses (FEB) ratific\u00f3 el paro de docentes convocado para este martes. Las clases\u2026","rel":"","context":"En \u00abProvincia\u00bb","block_context":{"text":"Provincia","link":"https:\/\/www.24baires.com\/?cat=40"},"img":{"alt_text":"","src":"https:\/\/i0.wp.com\/www.24baires.com\/wp-content\/uploads\/2013\/02\/aula-vac%C3%ADa.jpg?resize=350%2C200","width":350,"height":200,"srcset":"https:\/\/i0.wp.com\/www.24baires.com\/wp-content\/uploads\/2013\/02\/aula-vac%C3%ADa.jpg?resize=350%2C200 1x, https:\/\/i0.wp.com\/www.24baires.com\/wp-content\/uploads\/2013\/02\/aula-vac%C3%ADa.jpg?resize=525%2C300 1.5x, https:\/\/i0.wp.com\/www.24baires.com\/wp-content\/uploads\/2013\/02\/aula-vac%C3%ADa.jpg?resize=700%2C400 2x"},"classes":[]},{"id":4404,"url":"https:\/\/www.24baires.com\/?p=4404","url_meta":{"origin":17094,"position":3},"title":"Esta semana Scioli retoma las negociaciones con el gremio docente","author":"Grupo Sierra","date":"04\/11\/2012","format":false,"excerpt":"El Ejecutivo provincial y los gremios docentes retoman las negociaciones el pr\u00f3ximo martes. La Federaci\u00f3n de Educadores Bonaerenses defini\u00f3 un nuevo paro y lo at\u00f3 al resultado de la reuni\u00f3n. Amenaza con votar el no inicio de clases para el a\u00f1o pr\u00f3ximo. En medio de amenazas de nuevos paros en\u2026","rel":"","context":"En \u00abProvincia\u00bb","block_context":{"text":"Provincia","link":"https:\/\/www.24baires.com\/?cat=40"},"img":{"alt_text":"","src":"https:\/\/i0.wp.com\/www.24baires.com\/wp-content\/uploads\/2012\/11\/Scioli-clima-politico-300x214.jpg?resize=350%2C200","width":350,"height":200},"classes":[]},{"id":62918,"url":"https:\/\/www.24baires.com\/?p=62918","url_meta":{"origin":17094,"position":4},"title":"FEB lleva a cabo su segundo d\u00eda de paro docente","author":"AF","date":"10\/03\/2015","format":false,"excerpt":"La Federaci\u00f3n de Educadores Bonaerenses (FEB) realizar\u00e1 este martes la segunda de las jornadas del paro de 72 horas que comez\u00f3 ayer, mientras que el Gobierno provincial reiter\u00f3 que las negociaciones salariales est\u00e1n cerradas.\u00a0 La FEB, uno de los gremios fuertes del sector, ya hab\u00eda parado la semana pasada durante\u2026","rel":"","context":"En \u00abSociedad\u00bb","block_context":{"text":"Sociedad","link":"https:\/\/www.24baires.com\/?cat=1"},"img":{"alt_text":"","src":"","width":0,"height":0},"classes":[]},{"id":16680,"url":"https:\/\/www.24baires.com\/?p=16680","url_meta":{"origin":17094,"position":5},"title":"Docentes, m\u00e9dicos y estatales paran hoy en la Provincia","author":"AF","date":"25\/02\/2013","format":false,"excerpt":"En el marco de sus reclamos por aumentos salariales, los docentes, los estatales de ATE y los m\u00e9dicos de Cicop realizan una medida de fuerza que mantiene sin actividad a las escuelas, organismos p\u00fablicos y hospitales. El Frente Gremial Docente bonaerense que comandan FEB y Suteba realiza un paro de\u2026","rel":"","context":"En \u00abSociedad\u00bb","block_context":{"text":"Sociedad","link":"https:\/\/www.24baires.com\/?cat=1"},"img":{"alt_text":"","src":"","width":0,"height":0},"classes":[]}],"jetpack_sharing_enabled":true,"jetpack_likes_enabled":true,"_links":{"self":[{"href":"https:\/\/www.24baires.com\/index.php?rest_route=\/wp\/v2\/posts\/17094","targetHints":{"allow":["GET"]}}],"collection":[{"href":"https:\/\/www.24baires.com\/index.php?rest_route=\/wp\/v2\/posts"}],"about":[{"href":"https:\/\/www.24baires.com\/index.php?rest_route=\/wp\/v2\/types\/post"}],"author":[{"embeddable":true,"href":"https:\/\/www.24baires.com\/index.php?rest_route=\/wp\/v2\/users\/4"}],"replies":[{"embeddable":true,"href":"https:\/\/www.24baires.com\/index.php?rest_route=%2Fwp%2Fv2%2Fcomments&post=17094"}],"version-history":[{"count":2,"href":"https:\/\/www.24baires.com\/index.php?rest_route=\/wp\/v2\/posts\/17094\/revisions"}],"predecessor-version":[{"id":17096,"href":"https:\/\/www.24baires.com\/index.php?rest_route=\/wp\/v2\/posts\/17094\/revisions\/17096"}],"wp:attachment":[{"href":"https:\/\/www.24baires.com\/index.php?rest_route=%2Fwp%2Fv2%2Fmedia&parent=17094"}],"wp:term":[{"taxonomy":"category","embeddable":true,"href":"https:\/\/www.24baires.com\/index.php?rest_route=%2Fwp%2Fv2%2Fcategories&post=17094"},{"taxonomy":"post_tag","embeddable":true,"href":"https:\/\/www.24baires.com\/index.php?rest_route=%2Fwp%2Fv2%2Ftags&post=17094"}],"curies":[{"name":"wp","href":"https:\/\/api.w.org\/{rel}","templated":true}]}}