{"id":1708,"date":"2012-10-11T21:32:22","date_gmt":"2012-10-12T00:32:22","guid":{"rendered":"http:\/\/www.24baires.com\/?p=1708"},"modified":"2012-10-11T21:32:22","modified_gmt":"2012-10-12T00:32:22","slug":"el-tratamiento-de-las-noticias-en-tiempos-de-colera","status":"publish","type":"post","link":"https:\/\/www.24baires.com\/?p=1708","title":{"rendered":"El tratamiento de las noticias en tiempos de &#8216;c\u00f3lera&#8217;"},"content":{"rendered":"<p>El vicegobernador valor\u00f3 positivamente el pago en pesos de papeles emitidos por Chaco y dijo que apoyar\u00eda una medida de ese tipo en caso de que Scioli la propusiera. Los medios dominantes le adjudicaron intenciones ocultas e incluso la baja de la cotizaci\u00f3n de t\u00edtulos de deuda.<!--more--><\/p>\n<p>\u00abMe parece muy bien lo que pas\u00f3 con Chaco. Daniel lo tendr\u00e1 que coordinar con su ministra de Econom\u00eda. Pero el antecedente del Chaco es muy importante y valorable. Si el gobernador me consulta y necesita de la Legislatura, va a contar con todo nuestro apoyo. La Legislatura lo va a respaldar\u00bb, dijo el vicegobernador de la Provincia, Gabriel Mariotto, a radio La Red. Sus declaraciones fueron reinterpretadas por los medios dominantes, que inducen a ver en ellas intenciones y consecuencias negativas.<\/p>\n<p>\u201cCaen m\u00e1s los bonos: Mariotto habl\u00f3 de pesificar la deuda de la Provincia\u201d, titula Clar\u00edn. \u201cEl vicegobernador dijo que apoyar\u00eda una medida de ese tipo. Cerca de Scioli aclararon que pagar\u00e1n en d\u00f3lares\u201d, agrega el \u201cgran diario argentino\u201d.<\/p>\n<p>Sin firma y sin citar a fuente alguna, la nota parece pensada para atacar al presidente el Senado a partir de reinterpretaciones de sus dichos. \u201cTrat\u00e1ndose del vicegobernador Gabriel Mariotto, es dif\u00edcil afirmar de inmediato si fue un apoyo al gobernador Daniel Scioli, una sutil zancadilla o un aviso a todo el mercado\u201d, especula Clar\u00edn.<\/p>\n<p>\u201cLo concreto es que el n\u00famero dos de la Provincia sali\u00f3 a avalar una eventual pesificaci\u00f3n de la deuda en d\u00f3lares emitida por Buenos Aires, para sumarse as\u00ed al default de la provincia del Chaco, que sacudi\u00f3 y sigue sacudiendo al mercado de t\u00edtulos p\u00fablicos\u201d, dice el diario, utilizando la palabra \u201cdefault\u201d (cesaci\u00f3n de pagos) cuando no se incumpli\u00f3 el vencimiento, aunque s\u00ed se modific\u00f3 la moneda de pago.<\/p>\n<p>Clar\u00edn reproduce de forma fragmentaria los dichos de Mariotto y luego lo culpa de una baja de t\u00edtulos p\u00fablicos, que en rigor fue parte de un retroceso de casi todos los mercados burs\u00e1tiles mundial: \u201cEscuchado esto, en los mercados pas\u00f3 lo que ten\u00eda que pasar. Los bonos bonaerenses, emitidos en d\u00f3lares bajo ley de Nueva York, profundizaron la ca\u00edda del 4% del martes con otro 3% ayer\u201d, acusa el matutino.<\/p>\n<p>\u201cLos funcionarios que est\u00e1n al tanto y son responsables de las finanzas de la Provincia dejaron trascender, aunque no p\u00fablicamente, que la provincia pagar\u00e1 en d\u00f3lares el pr\u00f3ximo vencimiento, en noviembre, y lo seguir\u00e1 haciendo. Se aferraron al oportuno, pero demorado, comunicado del Banco Central que ayer explic\u00f3 qui\u00e9nes podr\u00e1n acceder a comprar d\u00f3lares en el mercado \u00fanico y libre de cambio\u201d, aclara el diario para dejar a Scioli afuera.<\/p>\n<p>Luego retoma los ataques contra el gobernador: \u201cLas palabras de Mariotto circularon con velocidad entre los analistas financieros e incluso fueron material para bancos de Wall Street, sigue de cerca el mercado argentino. Hubo varias interpretaciones: que le jug\u00f3 una zancadilla a Scioli para complicarle el frente financiero y por extensi\u00f3n, pol\u00edtico; que le quiso dar una se\u00f1al de que podr\u00e1 pesificar sin problemas o que fue un mensaje anticipatorio de lo que podr\u00eda venirse\u201d. Y luego sostiene la tesis de que el gobierno nacional busca forzar el pago en pesos de deudas provinciales para quedarse con los d\u00f3lares que necesita para pagar sus propios compromisos.<\/p>\n<p>En nota aparte, firmada por Rodolfo Lara, el diario busca mostrar contradictorios los criterios del mandatario provincial y su vice. \u201cEl martes, la Provincia intent\u00f3 calmar a los mercados garantizando que pagar\u00e1 en d\u00f3lares y en menos de 24 horas el vice puso a disposici\u00f3n la Legislatura para afrontar esos compromisos en pesos. Entre ambos criterios de gesti\u00f3n transita la necesidad del gobierno de endeudarse a trav\u00e9s de bonos que esquiven la depreciaci\u00f3n de la moneda nacional\u201d, dice. Y describe un panorama financiero complicado con necesidades financieras elevadas.<\/p>\n<p>Luego cita a fuentes no identificadas del Ejecutivo y concluye en que \u201cEl Ejecutivo provincial no tiene otra opci\u00f3n que emitir bonos. Luego se pregunta: \u201c\u00bfpor qu\u00e9 Mariotto incorpor\u00f3 la eventualidad de la \u201cpesificaci\u00f3n\u201d como ya practica Chaco?\u201d. Seg\u00fan Lara, \u201cAnoche, parte del gabinete provincial dudaba en atribuir al vice s\u00f3lo \u0384incontinencia verbal\u0384. Hab\u00eda una presunci\u00f3n de contacto con alguna estrategia de la Casa Rosada\u201d.<\/p>\n<p>El diario La Naci\u00f3n ahonda en esa hip\u00f3tesis conspirativa en un art\u00edculo firmado por Mar\u00eda Jos\u00e9 Lucesole que se titula: \u201cLa pesificaci\u00f3n de bonos abri\u00f3 otra pol\u00e9mica en el gobierno bonaerense\u201d. El art\u00edculo comienza forzando los dichos del vicegobernador. Seg\u00fan Lucesole, \u201cconsider\u00f3 ayer \u0384valorable e importante\u0384 que la provincia de Buenos Aires tenga la posibilidad de cancelar en pesos los vencimientos de deuda emitidos originalmente en d\u00f3lares, como hizo Chaco\u201d, aunque en rigor utiliz\u00f3 esos dos calificativos para referirse a la decisi\u00f3n del gobierno chaque\u00f1o, no del bonaerense.<\/p>\n<p>La periodista considera la opini\u00f3n de Mariotto \u201cuna iniciativa\u201d, aunque fue s\u00f3lo un compromiso de apoyar al gobernador si tomara una decisi\u00f3n de ese tipo. Por las dudas, Lucesole aclara que esa presunta iniciativa \u201cno cuenta con el aval del gobernador\u201d y \u201csum\u00f3 m\u00e1s tensi\u00f3n a un mercado a\u00fan sacudido por la reciente pesificaci\u00f3n compulsiva de dos bonos chaque\u00f1os\u201d.<\/p>\n<p>Lucesole cita al diputado Iv\u00e1n Budassi, quien particip\u00f3 de una reuni\u00f3n donde la Ministra de Econom\u00eda, Silvina Batakis \u201cdijo que no se preve\u00e9 pesificar la deuda tomada en moneda extranjera\u201d. No obstante, para la periodista \u201cen los mercados y en \u00e1mbitos pol\u00edticos se interpret\u00f3 la declaraci\u00f3n de Mariotto como un intento de condicionar un posible nuevo acceso al mercado de deuda por parte de la provincia\u201d, con lo cual adhiere a la tesis seg\u00fan la cual el vicegobernador busca perjudicar al mandatario provincial. \u201cEsa jugada procurar\u00eda, como fin \u00faltimo, que la administraci\u00f3n de Scioli negocie auxilio financiero con el gobierno nacional. Y tiene como trasfondo pol\u00edtico la pelea por la conformaci\u00f3n de las listas de legisladores para las elecciones de 2013, en las que el oficialismo nacional podr\u00eda empezar a jugar la posibilidad de una nueva reelecci\u00f3n de Cristina Kirchner\u201d, especula Lucesole, con lo cual enlaza sucesivas suposiciones, cada una de ellas dependiendo de otra, y ninguna de ellas avalada por testimonios de los protagonistas.<\/p>\n","protected":false},"excerpt":{"rendered":"<p>El vicegobernador valor\u00f3 positivamente el pago en pesos de papeles emitidos por Chaco y dijo que apoyar\u00eda una medida de ese tipo en caso de que Scioli la propusiera. Los medios dominantes le adjudicaron intenciones ocultas e incluso la baja de la cotizaci\u00f3n de t\u00edtulos de deuda.<\/p>\n","protected":false},"author":4,"featured_media":0,"comment_status":"open","ping_status":"open","sticky":false,"template":"","format":"standard","meta":{"_jetpack_newsletter_access":"","_jetpack_dont_email_post_to_subs":false,"_jetpack_newsletter_tier_id":0,"_jetpack_memberships_contains_paywalled_content":false,"_jetpack_memberships_contains_paid_content":false,"footnotes":""},"categories":[54],"tags":[],"class_list":["post-1708","post","type-post","status-publish","format-standard","hentry","category-medios"],"jetpack_featured_media_url":"","jetpack_shortlink":"https:\/\/wp.me\/p2JWE0-ry","jetpack-related-posts":[{"id":41944,"url":"https:\/\/www.24baires.com\/?p=41944","url_meta":{"origin":1708,"position":0},"title":"Mariotto: \u00abPongo las manos en el fuego por Boudou\u00bb","author":"Grupo Sierra","date":"11\/03\/2014","format":false,"excerpt":"El Vicegobernador bonaerense defendi\u00f3 su relaci\u00f3n con Scioli. \"Nos acusaban de querer destituirlo, pero el tiempo fue acomodando los melones\", dijo. El extitular del AFSCA habl\u00f3 de la Ley de Medios y de la causa Boudou: \"Pongo las manos en el fuego\", aunque en tono de broma aclar\u00f3: \"Para eso\u2026","rel":"","context":"En \u00abPol\u00edtica\u00bb","block_context":{"text":"Pol\u00edtica","link":"https:\/\/www.24baires.com\/?cat=51"},"img":{"alt_text":"mariotto","src":"https:\/\/i0.wp.com\/www.24baires.com\/wp-content\/uploads\/2014\/03\/mariotto.jpg?resize=350%2C200","width":350,"height":200,"srcset":"https:\/\/i0.wp.com\/www.24baires.com\/wp-content\/uploads\/2014\/03\/mariotto.jpg?resize=350%2C200 1x, https:\/\/i0.wp.com\/www.24baires.com\/wp-content\/uploads\/2014\/03\/mariotto.jpg?resize=525%2C300 1.5x"},"classes":[]},{"id":30483,"url":"https:\/\/www.24baires.com\/?p=30483","url_meta":{"origin":1708,"position":1},"title":"Para Alberto P\u00e9rez, \u00abH\u00e9ctor Magnetto cuida a Sergio Massa\u00bb","author":"AF","date":"20\/08\/2013","format":false,"excerpt":"El jefe de Gabinete bonaerense dijo que ambos \"tienen la clara intenci\u00f3n de socavar la gobernabilidad de este Gobierno\u201d. \"Daniel est\u00e1 donde est\u00e1 hace 10 a\u00f1os\", afirm\u00f3. Antes el gobernador Scioli calific\u00f3 de \"inquietante\" la pol\u00edtica econ\u00f3mica de Massa. El jefe de Gabinete bonaerense, Alberto P\u00e9rez, asegur\u00f3 hoy que el\u2026","rel":"","context":"En \u00abPol\u00edtica\u00bb","block_context":{"text":"Pol\u00edtica","link":"https:\/\/www.24baires.com\/?cat=51"},"img":{"alt_text":"p\u00e9rez alberto","src":"https:\/\/i0.wp.com\/www.24baires.com\/wp-content\/uploads\/2013\/03\/p%C3%A9rez-alberto.jpg?resize=350%2C200","width":350,"height":200,"srcset":"https:\/\/i0.wp.com\/www.24baires.com\/wp-content\/uploads\/2013\/03\/p%C3%A9rez-alberto.jpg?resize=350%2C200 1x, https:\/\/i0.wp.com\/www.24baires.com\/wp-content\/uploads\/2013\/03\/p%C3%A9rez-alberto.jpg?resize=525%2C300 1.5x"},"classes":[]},{"id":3795,"url":"https:\/\/www.24baires.com\/?p=3795","url_meta":{"origin":1708,"position":2},"title":"Una reuni\u00f3n de Scioli con Mariotto fue un fest\u00edn para los medios hegem\u00f3nicos","author":"Grupo Sierra","date":"30\/10\/2012","format":false,"excerpt":"El Gobernador y el Vice repasaron la agenda parlamentaria y dieron lugar a m\u00faltiples lecturas pol\u00edticas. De alguna manera, rompieron con la inercia de un an\u00e1lisis medi\u00e1tico predominante que los muestra como parte de grupos enfrentados por el poder, casi como adversarios irreconciliables. Con \u201cmensajes\u201d y \u201csuspicacias\u201d reales o imaginadas\u2026","rel":"","context":"En \u00abMedios\u00bb","block_context":{"text":"Medios","link":"https:\/\/www.24baires.com\/?cat=54"},"img":{"alt_text":"","src":"https:\/\/i0.wp.com\/www.24baires.com\/wp-content\/uploads\/2012\/10\/scioli-mariotto.jpg?resize=350%2C200","width":350,"height":200,"srcset":"https:\/\/i0.wp.com\/www.24baires.com\/wp-content\/uploads\/2012\/10\/scioli-mariotto.jpg?resize=350%2C200 1x, https:\/\/i0.wp.com\/www.24baires.com\/wp-content\/uploads\/2012\/10\/scioli-mariotto.jpg?resize=525%2C300 1.5x"},"classes":[]},{"id":50685,"url":"https:\/\/www.24baires.com\/?p=50685","url_meta":{"origin":1708,"position":3},"title":"Francisco le expres\u00f3 a Mariotto su apoyo a la gesti\u00f3n de Argentina frente a los fondos buitre","author":"GB","date":"28\/07\/2014","format":false,"excerpt":"El vicegobernador bonaerense revel\u00f3 que el Papa le transmiti\u00f3 su postura durante el encuentro que mantuvieron ayer en el Vaticano. \"Francisco dijo que este sector atenta tambi\u00e9n contra el propio sistema financiero y afecta a los pa\u00edses que han reestructurado su deuda\". \"Dijo que por supuesto respalda la posici\u00f3n de\u2026","rel":"","context":"En \u00abPol\u00edtica\u00bb","block_context":{"text":"Pol\u00edtica","link":"https:\/\/www.24baires.com\/?cat=51"},"img":{"alt_text":"papa francisco","src":"https:\/\/i0.wp.com\/www.24baires.com\/wp-content\/uploads\/2013\/10\/papa-francisco.jpg?resize=350%2C200","width":350,"height":200,"srcset":"https:\/\/i0.wp.com\/www.24baires.com\/wp-content\/uploads\/2013\/10\/papa-francisco.jpg?resize=350%2C200 1x, https:\/\/i0.wp.com\/www.24baires.com\/wp-content\/uploads\/2013\/10\/papa-francisco.jpg?resize=525%2C300 1.5x"},"classes":[]},{"id":41187,"url":"https:\/\/www.24baires.com\/?p=41187","url_meta":{"origin":1708,"position":4},"title":"Mariotto encabez\u00f3 el tercer Plenario de Pol\u00edticas P\u00fablicas","author":"GB","date":"26\/02\/2014","format":false,"excerpt":"Encabezado por el vicegobernador Gabriel Mariotto, el encuentro reuni\u00f3 a legisladores, intendentes, integrantes de los gabinetes nacionales y provinciales y dirigentes pol\u00edticos y sociales. \u201cLas comisiones est\u00e1n a pleno con los disparadores que dan los referentes de cada \u00e1rea, sirven como motor para que los ciudadanos ayuden a construir el\u2026","rel":"","context":"En \u00abPol\u00edtica\u00bb","block_context":{"text":"Pol\u00edtica","link":"https:\/\/www.24baires.com\/?cat=51"},"img":{"alt_text":"plenario de mariotto","src":"https:\/\/i0.wp.com\/www.24baires.com\/wp-content\/uploads\/2014\/02\/plenario-de-mariotto-300x190.jpg?resize=350%2C200","width":350,"height":200},"classes":[]},{"id":5175,"url":"https:\/\/www.24baires.com\/?p=5175","url_meta":{"origin":1708,"position":5},"title":"Concejales platenses pidieron a Mariotto la creaci\u00f3n de Fiscal\u00eda de Antidrogas","author":"AF","date":"12\/11\/2012","format":false,"excerpt":"El vicegobernador bonaerense, Gabriel Mariotto, se reuni\u00f3 con ediles de diferentes fuerzas pol\u00edticas del Concejo Deliberante platense que pidieron el tratamiento en la Legislatura de la creaci\u00f3n de una Fiscal\u00eda de Drogas Il\u00edcitas y Estupefacientes en La Plata. Estuvieron presentes la presidenta de la Comisi\u00f3n de Seguridad, Valeria Amendolara (FpV),\u2026","rel":"","context":"En \u00abPol\u00edtica\u00bb","block_context":{"text":"Pol\u00edtica","link":"https:\/\/www.24baires.com\/?cat=51"},"img":{"alt_text":"","src":"","width":0,"height":0},"classes":[]}],"jetpack_sharing_enabled":true,"jetpack_likes_enabled":true,"_links":{"self":[{"href":"https:\/\/www.24baires.com\/index.php?rest_route=\/wp\/v2\/posts\/1708","targetHints":{"allow":["GET"]}}],"collection":[{"href":"https:\/\/www.24baires.com\/index.php?rest_route=\/wp\/v2\/posts"}],"about":[{"href":"https:\/\/www.24baires.com\/index.php?rest_route=\/wp\/v2\/types\/post"}],"author":[{"embeddable":true,"href":"https:\/\/www.24baires.com\/index.php?rest_route=\/wp\/v2\/users\/4"}],"replies":[{"embeddable":true,"href":"https:\/\/www.24baires.com\/index.php?rest_route=%2Fwp%2Fv2%2Fcomments&post=1708"}],"version-history":[{"count":0,"href":"https:\/\/www.24baires.com\/index.php?rest_route=\/wp\/v2\/posts\/1708\/revisions"}],"wp:attachment":[{"href":"https:\/\/www.24baires.com\/index.php?rest_route=%2Fwp%2Fv2%2Fmedia&parent=1708"}],"wp:term":[{"taxonomy":"category","embeddable":true,"href":"https:\/\/www.24baires.com\/index.php?rest_route=%2Fwp%2Fv2%2Fcategories&post=1708"},{"taxonomy":"post_tag","embeddable":true,"href":"https:\/\/www.24baires.com\/index.php?rest_route=%2Fwp%2Fv2%2Ftags&post=1708"}],"curies":[{"name":"wp","href":"https:\/\/api.w.org\/{rel}","templated":true}]}}