{"id":17074,"date":"2013-03-01T08:45:47","date_gmt":"2013-03-01T11:45:47","guid":{"rendered":"http:\/\/www.24baires.com\/?p=17074"},"modified":"2013-03-01T20:45:20","modified_gmt":"2013-03-01T23:45:20","slug":"gran-cantidad-de-gente-espera-oir-a-la-presidenta-en-la-plaza-de-los-dos-congresos","status":"publish","type":"post","link":"https:\/\/www.24baires.com\/?p=17074","title":{"rendered":"Gran cantidad de gente espera o\u00edr a la Presidenta en la Plaza de los Dos Congresos"},"content":{"rendered":"<p><img data-recalc-dims=\"1\" loading=\"lazy\" decoding=\"async\" class=\"aligncenter size-full wp-image-8511\" alt=\"cristina fiesta popular\" src=\"https:\/\/i0.wp.com\/www.24baires.com\/wp-content\/uploads\/2012\/12\/cristina-fiesta-popular.jpg?resize=560%2C263\" width=\"560\" height=\"263\" srcset=\"https:\/\/i0.wp.com\/www.24baires.com\/wp-content\/uploads\/2012\/12\/cristina-fiesta-popular.jpg?w=560&amp;ssl=1 560w, https:\/\/i0.wp.com\/www.24baires.com\/wp-content\/uploads\/2012\/12\/cristina-fiesta-popular.jpg?resize=300%2C140&amp;ssl=1 300w\" sizes=\"auto, (max-width: 560px) 100vw, 560px\" \/>Diversas organizaciones kirchneristas y sindicatos comenzaron a llegar a la plaza para escuchar este mediod\u00eda a la Presidenta durante la apertura del 131 per\u00edodo de sesiones ordinarias del Congreso.<!--more--><br \/>\nDesde la ma\u00f1ana temprano las calles aleda\u00f1as al Congreso Nacional fueron cortadas al tr\u00e1nsito y por Avenida Entre R\u00edos pod\u00edan verse manifestantes con bandera que optaron por arribar a la Plaza caminando.<\/p>\n<p>De acuerdo al cronograma oficial, la Presidenta llegar\u00e1 a las 11.45 a la explanada de la calle Entre R\u00edos y all\u00ed ser\u00e1 recibida por legisladores de las comisiones de interior y de exterior, integrada por diputados y senadores de diferentes extracciones pol\u00edticas, que ser\u00e1n designados previamente.<\/p>\n<p>Una vez en el Palacio, la Presidenta firmar\u00e1 el Libro de Honor del Congreso, tras lo cual atravesar\u00e1 el sal\u00f3n de los Pasos Perdidos hasta llegar al recinto de la c\u00e1mara baja, desde donde dirigir\u00e1 su sexto mensaje de apertura de sesiones ordinarias del Congreso.<\/p>\n<p>Antes, la mandataria se detendr\u00e1 a dejar inaugurado una vitrina ubicada en Pasos Perdidos que contiene una de las siete banderas que flamearon en las Islas Malvinas en el marco del Operativo C\u00f3ndor, en septiembre de 1966.<\/p>\n<p>&nbsp;<\/p>\n<p>&nbsp;<\/p>\n<p>&nbsp;<\/p>\n<p>&nbsp;<\/p>\n<p>&nbsp;<\/p>\n<p>&nbsp;<\/p>\n<p>&nbsp;<\/p>\n<p>&nbsp;<\/p>\n<p>&nbsp;<\/p>\n<p>&nbsp;<\/p>\n<p>&nbsp;<\/p>\n<p>&nbsp;<\/p>\n<p>&nbsp;<\/p>\n<p>&nbsp;<\/p>\n<p>&nbsp;<\/p>\n<p>&nbsp;<\/p>\n<p>&nbsp;<\/p>\n<p>&nbsp;<\/p>\n","protected":false},"excerpt":{"rendered":"<p>Diversas organizaciones kirchneristas y sindicatos comenzaron a llegar a la plaza para escuchar este mediod\u00eda a la Presidenta durante la apertura del 131 per\u00edodo de sesiones ordinarias del Congreso.<\/p>\n","protected":false},"author":4,"featured_media":0,"comment_status":"open","ping_status":"open","sticky":false,"template":"","format":"standard","meta":{"_jetpack_newsletter_access":"","_jetpack_dont_email_post_to_subs":false,"_jetpack_newsletter_tier_id":0,"_jetpack_memberships_contains_paywalled_content":false,"_jetpack_memberships_contains_paid_content":false,"footnotes":""},"categories":[1],"tags":[],"class_list":["post-17074","post","type-post","status-publish","format-standard","hentry","category-sociedad"],"jetpack_featured_media_url":"","jetpack_shortlink":"https:\/\/wp.me\/p2JWE0-4ro","jetpack-related-posts":[{"id":41327,"url":"https:\/\/www.24baires.com\/?p=41327","url_meta":{"origin":17074,"position":0},"title":"Miles de militantes esperan la palabra de Cristina frente al Congreso","author":"Grupo Sierra","date":"01\/03\/2014","format":false,"excerpt":"Los manifestantes de organizaciones sociales y pol\u00edticas se dan cita frente al Parlamento para escuchar el mensaje de la Presidenta en la inauguraci\u00f3n del 132 per\u00edodo de sesiones ordinarias. Las columnas marchan por la avenida Entre R\u00edos con bombos, pancartas y banderas que identifican a las organizaciones y llevan inscripciones\u2026","rel":"","context":"En \u00abPol\u00edtica\u00bb","block_context":{"text":"Pol\u00edtica","link":"https:\/\/www.24baires.com\/?cat=51"},"img":{"alt_text":"c\u00e1mpora","src":"https:\/\/i0.wp.com\/www.24baires.com\/wp-content\/uploads\/2014\/03\/c%C3%A1mpora.jpg?resize=350%2C200","width":350,"height":200,"srcset":"https:\/\/i0.wp.com\/www.24baires.com\/wp-content\/uploads\/2014\/03\/c%C3%A1mpora.jpg?resize=350%2C200 1x, https:\/\/i0.wp.com\/www.24baires.com\/wp-content\/uploads\/2014\/03\/c%C3%A1mpora.jpg?resize=525%2C300 1.5x"},"classes":[]},{"id":114168,"url":"https:\/\/www.24baires.com\/?p=114168","url_meta":{"origin":17074,"position":1},"title":"Se realizaron m\u00faltiples pa\u00f1uelazos por el aborto legal, seguro y gratuito","author":"AF","date":"19\/02\/2020","format":false,"excerpt":"A las 20 ser\u00e1 el acto central. La intenci\u00f3n es que el 1\u00ba de marzo, con la apertura de sesiones ordinarias del Congreso, se env\u00ede el proyecto al Parlamento. El presidente Alberto Fern\u00e1ndez anticip\u00f3 que lo impulsar\u00e1. Miles de feministas se concentran esta tarde en la Plaza del Congreso en\u2026","rel":"","context":"En \u00abSociedad\u00bb","block_context":{"text":"Sociedad","link":"https:\/\/www.24baires.com\/?cat=1"},"img":{"alt_text":"","src":"https:\/\/i0.wp.com\/www.24baires.com\/wp-content\/uploads\/2020\/02\/pa%C3%B1uelazo.jpeg?resize=350%2C200","width":350,"height":200,"srcset":"https:\/\/i0.wp.com\/www.24baires.com\/wp-content\/uploads\/2020\/02\/pa%C3%B1uelazo.jpeg?resize=350%2C200 1x, https:\/\/i0.wp.com\/www.24baires.com\/wp-content\/uploads\/2020\/02\/pa%C3%B1uelazo.jpeg?resize=525%2C300 1.5x"},"classes":[]},{"id":76561,"url":"https:\/\/www.24baires.com\/?p=76561","url_meta":{"origin":17074,"position":2},"title":"Miles de personas de movilizaron en favor de la  Ley de Medios","author":"GB","date":"17\/12\/2015","format":false,"excerpt":"Miles de personas se concentraban desde antes de las 18 frente al Congreso, en una movilizaci\u00f3n convocada en defensa a esa ley, consigna inicial a la que se sumaron cuestionamientos sobre las designaciones para la Corte Suprema. Bajo la consigna \u201cLa ley de Medios no se toca\u201d, los protesta opositora\u2026","rel":"","context":"En \u00abMedios\u00bb","block_context":{"text":"Medios","link":"https:\/\/www.24baires.com\/?cat=54"},"img":{"alt_text":"congreso ley medios","src":"https:\/\/i0.wp.com\/www.24baires.com\/wp-content\/uploads\/2015\/12\/congreso-ley-medios.jpg?resize=350%2C200","width":350,"height":200,"srcset":"https:\/\/i0.wp.com\/www.24baires.com\/wp-content\/uploads\/2015\/12\/congreso-ley-medios.jpg?resize=350%2C200 1x, https:\/\/i0.wp.com\/www.24baires.com\/wp-content\/uploads\/2015\/12\/congreso-ley-medios.jpg?resize=525%2C300 1.5x"},"classes":[]},{"id":16523,"url":"https:\/\/www.24baires.com\/?p=16523","url_meta":{"origin":17074,"position":3},"title":"Este viernes Cristina inaugura el 131\u00b0 per\u00edodo de sesiones del Congreso de la Naci\u00f3n","author":"Grupo Sierra","date":"23\/02\/2013","format":false,"excerpt":"La presidenta brindar\u00e1 un discurso en el que har\u00e1 un balance de su gesti\u00f3n y realizar\u00e1 una fuerte defensa del modelo econ\u00f3mico con inclusi\u00f3n que instrumenta desde hace diez a\u00f1os el gobierno nacional. Por sexta vez consecutiva, Cristina concurrir\u00e1 al Congreso Nacional para pronunciar al mediod\u00eda un discurso ante la\u2026","rel":"","context":"En \u00abPol\u00edtica\u00bb","block_context":{"text":"Pol\u00edtica","link":"https:\/\/www.24baires.com\/?cat=51"},"img":{"alt_text":"","src":"","width":0,"height":0},"classes":[]},{"id":17047,"url":"https:\/\/www.24baires.com\/?p=17047","url_meta":{"origin":17074,"position":4},"title":"Expectativa por el discurso de Cristina inaugurando las Sesiones Ordinarias","author":"Grupo Sierra","date":"28\/02\/2013","format":false,"excerpt":"La Presidenta inaugurar\u00e1 la Asamblea Legislativa, con un discurso en el que realizar\u00e1 un balance de su gesti\u00f3n y ratificar\u00e1 el rumbo del modelo econ\u00f3mico que lleva adelante desde hace diez a\u00f1os el Gobierno. Ser\u00e1 ma\u00f1ana, viernes, a las 12. De esta manera, la Presidenta cumplir\u00e1 con la disposici\u00f3n constitucional\u2026","rel":"","context":"En \u00abPol\u00edtica\u00bb","block_context":{"text":"Pol\u00edtica","link":"https:\/\/www.24baires.com\/?cat=51"},"img":{"alt_text":"","src":"","width":0,"height":0},"classes":[]},{"id":99064,"url":"https:\/\/www.24baires.com\/?p=99064","url_meta":{"origin":17074,"position":5},"title":"Marcha y acto en Congreso para rechazar las reformas del Gobierno","author":"GB","date":"29\/11\/2017","format":false,"excerpt":"Los camioneros de Pablo Moyano, la Corrientes Federal de Sergio Palazzo y las dos CTA se movilizar\u00e1n al Congreso nacional para repudiar las reformas laboral y previsional que busca implementar el Poder Ejecutivo. Cortes, movolizaci\u00f3n y oradores de un acto que marcar\u00e1 el inicio de la segunda parte del mandato\u2026","rel":"","context":"En \u00abPol\u00edtica\u00bb","block_context":{"text":"Pol\u00edtica","link":"https:\/\/www.24baires.com\/?cat=51"},"img":{"alt_text":"","src":"https:\/\/i0.wp.com\/www.24baires.com\/wp-content\/uploads\/2017\/11\/movilizacion.jpg?resize=350%2C200","width":350,"height":200,"srcset":"https:\/\/i0.wp.com\/www.24baires.com\/wp-content\/uploads\/2017\/11\/movilizacion.jpg?resize=350%2C200 1x, https:\/\/i0.wp.com\/www.24baires.com\/wp-content\/uploads\/2017\/11\/movilizacion.jpg?resize=525%2C300 1.5x"},"classes":[]}],"jetpack_sharing_enabled":true,"jetpack_likes_enabled":true,"_links":{"self":[{"href":"https:\/\/www.24baires.com\/index.php?rest_route=\/wp\/v2\/posts\/17074","targetHints":{"allow":["GET"]}}],"collection":[{"href":"https:\/\/www.24baires.com\/index.php?rest_route=\/wp\/v2\/posts"}],"about":[{"href":"https:\/\/www.24baires.com\/index.php?rest_route=\/wp\/v2\/types\/post"}],"author":[{"embeddable":true,"href":"https:\/\/www.24baires.com\/index.php?rest_route=\/wp\/v2\/users\/4"}],"replies":[{"embeddable":true,"href":"https:\/\/www.24baires.com\/index.php?rest_route=%2Fwp%2Fv2%2Fcomments&post=17074"}],"version-history":[{"count":3,"href":"https:\/\/www.24baires.com\/index.php?rest_route=\/wp\/v2\/posts\/17074\/revisions"}],"predecessor-version":[{"id":17140,"href":"https:\/\/www.24baires.com\/index.php?rest_route=\/wp\/v2\/posts\/17074\/revisions\/17140"}],"wp:attachment":[{"href":"https:\/\/www.24baires.com\/index.php?rest_route=%2Fwp%2Fv2%2Fmedia&parent=17074"}],"wp:term":[{"taxonomy":"category","embeddable":true,"href":"https:\/\/www.24baires.com\/index.php?rest_route=%2Fwp%2Fv2%2Fcategories&post=17074"},{"taxonomy":"post_tag","embeddable":true,"href":"https:\/\/www.24baires.com\/index.php?rest_route=%2Fwp%2Fv2%2Ftags&post=17074"}],"curies":[{"name":"wp","href":"https:\/\/api.w.org\/{rel}","templated":true}]}}