{"id":1704,"date":"2012-10-11T20:44:19","date_gmt":"2012-10-11T23:44:19","guid":{"rendered":"http:\/\/www.24baires.com\/?p=1704"},"modified":"2012-10-11T20:44:19","modified_gmt":"2012-10-11T23:44:19","slug":"micheli-volo-de-plaza-de-mayo-a-miami-sin-escalas","status":"publish","type":"post","link":"https:\/\/www.24baires.com\/?p=1704","title":{"rendered":"Micheli vol\u00f3 de Plaza de Mayo a Miami sin escalas"},"content":{"rendered":"<p><img data-recalc-dims=\"1\" loading=\"lazy\" decoding=\"async\" class=\"aligncenter size-full wp-image-1705\" title=\"micheli\" src=\"https:\/\/i0.wp.com\/www.24baires.com\/wp-content\/uploads\/2012\/10\/micheli.jpg?resize=560%2C361\" alt=\"\" width=\"560\" height=\"361\" srcset=\"https:\/\/i0.wp.com\/www.24baires.com\/wp-content\/uploads\/2012\/10\/micheli.jpg?w=560&amp;ssl=1 560w, https:\/\/i0.wp.com\/www.24baires.com\/wp-content\/uploads\/2012\/10\/micheli.jpg?resize=300%2C193&amp;ssl=1 300w\" sizes=\"auto, (max-width: 560px) 100vw, 560px\" \/><\/p>\n<p>El dirigente sindical viaj\u00f3 anoche hacia Miami a pocas horas de anunciar un paro nacional del sector opositor de la CTA, ante 10 mil personas en Plaza de Mayo. El vuelo 908 de Americans Airlines parti\u00f3 a las 22.45 y lleg\u00f3 hoy a las 7.24 con el dirigente opositor a bordo.<!--more--><\/p>\n<p>En su discurso de ayer, el sindicalista defendi\u00f3 la protesta de los caceroleros y de los efectivos de la Gendarmer\u00eda Nacional y Prefectura Naval. Desde el escenario ubicado en el centro de la Plaza, el titular de la CTA opositora tambi\u00e9n anunci\u00f3 una movilizaci\u00f3n al Congreso nacional contra la ley de ART, y advirti\u00f3 que junto con la central obrera que conduce Hugo Moyano realizar\u00e1n un \u201cparo nacional\u201d antes de fin de a\u00f1o.<\/p>\n<p>\u00abNo va a terminar este a\u00f1o sin que hagamos ese paro nacional, sin que se mueva una sola pluma\u00bb, sentenci\u00f3 Micheli. La movilizaci\u00f3n cont\u00f3 con el apoyo del Sindicato de Camioneros y otros gremios afines a la CGT Azopardo, la Federaci\u00f3n Agraria y organizaciones sociales.<\/p>\n","protected":false},"excerpt":{"rendered":"<p>El dirigente sindical viaj\u00f3 anoche hacia Miami a pocas horas de anunciar un paro nacional del sector opositor de la CTA, ante 10 mil personas en Plaza de Mayo. El vuelo 908 de Americans Airlines parti\u00f3 a las 22.45 y lleg\u00f3 hoy a las 7.24 con el dirigente opositor a bordo.<\/p>\n","protected":false},"author":11,"featured_media":0,"comment_status":"open","ping_status":"open","sticky":false,"template":"","format":"standard","meta":{"_jetpack_newsletter_access":"","_jetpack_dont_email_post_to_subs":false,"_jetpack_newsletter_tier_id":0,"_jetpack_memberships_contains_paywalled_content":false,"_jetpack_memberships_contains_paid_content":false,"footnotes":""},"categories":[51],"tags":[],"class_list":["post-1704","post","type-post","status-publish","format-standard","hentry","category-politica"],"jetpack_featured_media_url":"","jetpack_shortlink":"https:\/\/wp.me\/p2JWE0-ru","jetpack-related-posts":[{"id":107509,"url":"https:\/\/www.24baires.com\/?p=107509","url_meta":{"origin":1704,"position":0},"title":"Sin huelga, las principales centrales de trabajadores se movilizar\u00e1n este jueves","author":"AF","date":"03\/04\/2019","format":false,"excerpt":"La CGT, el Frente Sindical, las CTA y los movimientos sociales se manifestar\u00e1n en rechazo a las pol\u00edticas del gobierno de Mauricio Macri. \"Tenemos las mejores expectativas para la movilizaci\u00f3n, que creo ser\u00e1 important\u00edsima y va a poner el acento en la discusi\u00f3n de un modelo de pa\u00eds distinto al\u2026","rel":"","context":"En \u00abSociedad\u00bb","block_context":{"text":"Sociedad","link":"https:\/\/www.24baires.com\/?cat=1"},"img":{"alt_text":"","src":"https:\/\/i0.wp.com\/www.24baires.com\/wp-content\/uploads\/2019\/04\/cgt.jpg?resize=350%2C200","width":350,"height":200,"srcset":"https:\/\/i0.wp.com\/www.24baires.com\/wp-content\/uploads\/2019\/04\/cgt.jpg?resize=350%2C200 1x, https:\/\/i0.wp.com\/www.24baires.com\/wp-content\/uploads\/2019\/04\/cgt.jpg?resize=525%2C300 1.5x"},"classes":[]},{"id":107903,"url":"https:\/\/www.24baires.com\/?p=107903","url_meta":{"origin":1704,"position":1},"title":"Las CTA y el Frente Sindical dan inicio a un nuevo paro nacional contra las pol\u00edticas de Macri","author":"GB","date":"30\/04\/2019","format":false,"excerpt":"Las organizaciones conducidas por Micheli y Yasky se suman a Camioneros y la Bancaria como los principales gremios que se adhieren a una nueva jornada de protestas en todo el pa\u00eds producto de la crisis generada por el Gobierno de Cambiemos. Fuerte acatamiento de las l\u00edneas de colectivos pese a\u2026","rel":"","context":"En \u00abPol\u00edtica\u00bb","block_context":{"text":"Pol\u00edtica","link":"https:\/\/www.24baires.com\/?cat=51"},"img":{"alt_text":"","src":"https:\/\/i0.wp.com\/www.24baires.com\/wp-content\/uploads\/2019\/04\/frente-sindical.jpg?resize=350%2C200","width":350,"height":200,"srcset":"https:\/\/i0.wp.com\/www.24baires.com\/wp-content\/uploads\/2019\/04\/frente-sindical.jpg?resize=350%2C200 1x, https:\/\/i0.wp.com\/www.24baires.com\/wp-content\/uploads\/2019\/04\/frente-sindical.jpg?resize=525%2C300 1.5x"},"classes":[]},{"id":104629,"url":"https:\/\/www.24baires.com\/?p=104629","url_meta":{"origin":1704,"position":2},"title":"Con una masiva movilizaci\u00f3n, arranc\u00f3 el paro de las CTA","author":"AF","date":"24\/09\/2018","format":false,"excerpt":"Durante el acto de cierre de la primera jornada de protesta organizada por las dos CTA, Camioneros y otros gremios adheridos a la CGT, que ma\u00f1ana concretar\u00e1 el cuarto paro general contra las pol\u00edticas econ\u00f3micas sociales de la alianza gobernante, Yasky sostuvo que \"como lo hicimos despu\u00e9s del golpe del\u2026","rel":"","context":"En \u00abSociedad\u00bb","block_context":{"text":"Sociedad","link":"https:\/\/www.24baires.com\/?cat=1"},"img":{"alt_text":"","src":"https:\/\/i0.wp.com\/www.24baires.com\/wp-content\/uploads\/2018\/09\/marcha.jpeg?resize=350%2C200","width":350,"height":200,"srcset":"https:\/\/i0.wp.com\/www.24baires.com\/wp-content\/uploads\/2018\/09\/marcha.jpeg?resize=350%2C200 1x, https:\/\/i0.wp.com\/www.24baires.com\/wp-content\/uploads\/2018\/09\/marcha.jpeg?resize=525%2C300 1.5x"},"classes":[]},{"id":52033,"url":"https:\/\/www.24baires.com\/?p=52033","url_meta":{"origin":1704,"position":3},"title":"A Micheli no le alcanza con el paro y amenaza con extender la medida","author":"Grupo Sierra","date":"18\/08\/2014","format":false,"excerpt":"El titular de la CTA opositora asegur\u00f3 que la central tiene planeado un paro con movilizaci\u00f3n el pr\u00f3ximo 26 de agosto y amenaza con modificar las fechas. \"Nosotros resolvimos una jornada nacional de protesta con paro y movilizaci\u00f3n para el d\u00eda 26 a partir del mediod\u00eda y con movilizaci\u00f3n desde\u2026","rel":"","context":"En \u00abPol\u00edtica\u00bb","block_context":{"text":"Pol\u00edtica","link":"https:\/\/www.24baires.com\/?cat=51"},"img":{"alt_text":"micheli-moyano","src":"https:\/\/i0.wp.com\/www.24baires.com\/wp-content\/uploads\/2012\/12\/micheli-moyano.jpg?resize=350%2C200","width":350,"height":200,"srcset":"https:\/\/i0.wp.com\/www.24baires.com\/wp-content\/uploads\/2012\/12\/micheli-moyano.jpg?resize=350%2C200 1x, https:\/\/i0.wp.com\/www.24baires.com\/wp-content\/uploads\/2012\/12\/micheli-moyano.jpg?resize=525%2C300 1.5x"},"classes":[]},{"id":57414,"url":"https:\/\/www.24baires.com\/?p=57414","url_meta":{"origin":1704,"position":4},"title":"Varios gremios bonaerenses paran y marchan a Plaza de Mayo","author":"AF","date":"20\/11\/2014","format":false,"excerpt":"Estatales, judiciales y m\u00e9dicos bonaerenses realizar\u00e1n este jueves un nuevo paro en reclamo por un bono de fin de a\u00f1o de 4 mil pesos y el adelantamiento de la discusi\u00f3n salarial, en el marco de una jornada nacional de lucha de la CTA opositora que conduce Pablo Micheli, que har\u00e1\u2026","rel":"","context":"En \u00abSociedad\u00bb","block_context":{"text":"Sociedad","link":"https:\/\/www.24baires.com\/?cat=1"},"img":{"alt_text":"cicop paro","src":"https:\/\/i0.wp.com\/www.24baires.com\/wp-content\/uploads\/2014\/11\/cicop-paro.jpg?resize=350%2C200","width":350,"height":200,"srcset":"https:\/\/i0.wp.com\/www.24baires.com\/wp-content\/uploads\/2014\/11\/cicop-paro.jpg?resize=350%2C200 1x, https:\/\/i0.wp.com\/www.24baires.com\/wp-content\/uploads\/2014\/11\/cicop-paro.jpg?resize=525%2C300 1.5x"},"classes":[]},{"id":107517,"url":"https:\/\/www.24baires.com\/?p=107517","url_meta":{"origin":1704,"position":5},"title":"D\u00eda de cortes y movilizaciones a la espera de un paro nacional","author":"GB","date":"04\/04\/2019","format":false,"excerpt":"Diversos gremios nucleados en la CGT, organizaciones populares y las dos CTA se movilizar\u00e1n en las calles de todo el pa\u00eds para apurar a la c\u00fapula de la dirigencia gremial a que se convoque un plan de lucha que incluya una jornada de paro total a nivel nacional. Mir\u00e1 como\u2026","rel":"","context":"En \u00abPol\u00edtica\u00bb","block_context":{"text":"Pol\u00edtica","link":"https:\/\/www.24baires.com\/?cat=51"},"img":{"alt_text":"","src":"https:\/\/i0.wp.com\/www.24baires.com\/wp-content\/uploads\/2019\/04\/movilizacion.jpg?resize=350%2C200","width":350,"height":200,"srcset":"https:\/\/i0.wp.com\/www.24baires.com\/wp-content\/uploads\/2019\/04\/movilizacion.jpg?resize=350%2C200 1x, https:\/\/i0.wp.com\/www.24baires.com\/wp-content\/uploads\/2019\/04\/movilizacion.jpg?resize=525%2C300 1.5x"},"classes":[]}],"jetpack_sharing_enabled":true,"jetpack_likes_enabled":true,"_links":{"self":[{"href":"https:\/\/www.24baires.com\/index.php?rest_route=\/wp\/v2\/posts\/1704","targetHints":{"allow":["GET"]}}],"collection":[{"href":"https:\/\/www.24baires.com\/index.php?rest_route=\/wp\/v2\/posts"}],"about":[{"href":"https:\/\/www.24baires.com\/index.php?rest_route=\/wp\/v2\/types\/post"}],"author":[{"embeddable":true,"href":"https:\/\/www.24baires.com\/index.php?rest_route=\/wp\/v2\/users\/11"}],"replies":[{"embeddable":true,"href":"https:\/\/www.24baires.com\/index.php?rest_route=%2Fwp%2Fv2%2Fcomments&post=1704"}],"version-history":[{"count":0,"href":"https:\/\/www.24baires.com\/index.php?rest_route=\/wp\/v2\/posts\/1704\/revisions"}],"wp:attachment":[{"href":"https:\/\/www.24baires.com\/index.php?rest_route=%2Fwp%2Fv2%2Fmedia&parent=1704"}],"wp:term":[{"taxonomy":"category","embeddable":true,"href":"https:\/\/www.24baires.com\/index.php?rest_route=%2Fwp%2Fv2%2Fcategories&post=1704"},{"taxonomy":"post_tag","embeddable":true,"href":"https:\/\/www.24baires.com\/index.php?rest_route=%2Fwp%2Fv2%2Ftags&post=1704"}],"curies":[{"name":"wp","href":"https:\/\/api.w.org\/{rel}","templated":true}]}}