{"id":17012,"date":"2013-02-28T18:30:24","date_gmt":"2013-02-28T21:30:24","guid":{"rendered":"http:\/\/www.24baires.com\/?p=17012"},"modified":"2013-02-28T16:01:58","modified_gmt":"2013-02-28T19:01:58","slug":"aparecio-la-joven-que-fue-a-ver-un-recital-de-karina-con-un-amigo-de-facebook","status":"publish","type":"post","link":"https:\/\/www.24baires.com\/?p=17012","title":{"rendered":"Apareci\u00f3 la joven que fue a ver un recital de Karina con un \u00abamigo\u00bb de Facebook"},"content":{"rendered":"<p><img data-recalc-dims=\"1\" loading=\"lazy\" decoding=\"async\" class=\"alignleft size-medium wp-image-17014\" alt=\"larregina2\" src=\"https:\/\/i0.wp.com\/www.24baires.com\/wp-content\/uploads\/2013\/02\/larregina2.jpg?resize=300%2C214\" width=\"300\" height=\"214\" srcset=\"https:\/\/i0.wp.com\/www.24baires.com\/wp-content\/uploads\/2013\/02\/larregina2.jpg?resize=300%2C214&amp;ssl=1 300w, https:\/\/i0.wp.com\/www.24baires.com\/wp-content\/uploads\/2013\/02\/larregina2.jpg?w=502&amp;ssl=1 502w\" sizes=\"auto, (max-width: 300px) 100vw, 300px\" \/>Viaj\u00f3 desde <strong>Esteban<\/strong> <strong>Echeverr\u00eda<\/strong> hasta Munro para sumarse al corso donde cantar\u00eda La Princesita y <a href=\"http:\/\/www.24baires.com\/sociedad\/16906-buscan-desde-el-sabado-a-una-joven-que-salio-con-un-hombre-que-conocio-por-facebook\/\" target=\"_blank\">nunca volvi\u00f3<\/a>. \u00bfD\u00f3nde estaba?<!--more--><br \/>\nVer\u00f3nica Larregina se subi\u00f3 al colectivo el s\u00e1bado a las 18. La madre la vio en la parada del colectivo que la llevar\u00eda desde Lu\u00eds Gill\u00f3n, acompa\u00f1ada por otros tres muchachos. A uno lo conoc\u00eda de nombre, era un nuevo amigo de Facebook de su hija. La tarde y la noche continu\u00f3 con poca comunicaci\u00f3n, algunos mensajitos que se interrumpieron en la medianoche. Despu\u00e9s el silencio.<\/p>\n<p>Ver\u00f3nica, de 21 a\u00f1os de edad, desapareci\u00f3 el s\u00e1bado y nunca m\u00e1s se la vio. La familia radic\u00f3 la denuncia e inici\u00f3 la b\u00fasqueda. No hab\u00eda forma de dar con el paradero de la joven. Sus nuevos amigos tampoco respond\u00edan los mensajes y su celular figuraba como apagado. (Ver: Fue a ver a Karina al corso y nunca m\u00e1s se supo de ella)<\/p>\n<p>A la desesperada b\u00fasqueda de su familia, se sum\u00f3 de oficio Mar\u00eda Esther Cohen Rua, titular de la ONG Comisi\u00f3n Esperanza, especializada en la b\u00fasqueda de personas. Empero, el trabajo de la ONG no obtuvo respuestas en los primeros momentos.<\/p>\n<p>Tras varios d\u00edas de incertidumbre, Ver\u00f3nica, sin ninguna comunicaci\u00f3n previa. Apareci\u00f3 en su casa. Con poca informaci\u00f3n y casi sin explicaciones, dispar\u00f3 m\u00e1s dudas que certezas. \u201cLa madre confirm\u00f3 que Ver\u00f3nica volvi\u00f3 a su casa\u201d, confirm\u00f3 Cohen Rua.<\/p>\n<p>\u201cVer\u00f3nica volvi\u00f3 a la casa, explic\u00f3 que perdi\u00f3 el celular pero no dijo mucho m\u00e1s. Al ser mayor de edad la justicia no la puede obligar a que explique nada. Y a la madre le recomend\u00e9 que no la presione, que sola va a contar\u201d, apunt\u00f3 la especialista.<\/p>\n<p>Sobre qu\u00e9 sucedi\u00f3 o donde estuvo se sabe poco. En el grupo de Facebook que la familia hab\u00eda creado para recabar informaci\u00f3n, varias mujeres se\u00f1alaron que hab\u00edan ayudado a una chica con las caracter\u00edsticas de Ver\u00f3nica en cercan\u00edas de la estaci\u00f3n de Temperley. Pero a\u00fan no se confirm\u00f3 que la chica haya estado por la zona.<\/p>\n<p>A\u00fan su desaparici\u00f3n es un misterio. Pero la alegr\u00eda de su regreso supera las dudas y consultas.<\/p>\n<p>&nbsp;<\/p>\n<p>&nbsp;<\/p>\n<p>&nbsp;<\/p>\n<p>&nbsp;<\/p>\n<p>&nbsp;<\/p>\n<p>&nbsp;<\/p>\n<p>&nbsp;<\/p>\n<p>&nbsp;<\/p>\n<p>&nbsp;<\/p>\n<p>&nbsp;<\/p>\n<p>&nbsp;<\/p>\n<p>&nbsp;<\/p>\n<p>&nbsp;<\/p>\n<p>&nbsp;<\/p>\n<p>&nbsp;<\/p>\n<p>&nbsp;<\/p>\n<p>&nbsp;<\/p>\n<p>&nbsp;<\/p>\n","protected":false},"excerpt":{"rendered":"<p>Viaj\u00f3 desde Esteban Echeverr\u00eda hasta Munro para sumarse al corso donde cantar\u00eda La Princesita y nunca volvi\u00f3. \u00bfD\u00f3nde estaba?<\/p>\n","protected":false},"author":4,"featured_media":0,"comment_status":"open","ping_status":"open","sticky":false,"template":"","format":"standard","meta":{"_jetpack_newsletter_access":"","_jetpack_dont_email_post_to_subs":false,"_jetpack_newsletter_tier_id":0,"_jetpack_memberships_contains_paywalled_content":false,"_jetpack_memberships_contains_paid_content":false,"footnotes":""},"categories":[1],"tags":[],"class_list":["post-17012","post","type-post","status-publish","format-standard","hentry","category-sociedad"],"jetpack_featured_media_url":"","jetpack_shortlink":"https:\/\/wp.me\/p2JWE0-4qo","jetpack-related-posts":[{"id":16906,"url":"https:\/\/www.24baires.com\/?p=16906","url_meta":{"origin":17012,"position":0},"title":"Buscan desde el s\u00e1bado a una joven que sali\u00f3 con un hombre que conoci\u00f3 por Facebook","author":"AF","date":"27\/02\/2013","format":false,"excerpt":"LUIS GUILL\u00d3N - Ver\u00f3nica Elizabeth Larregina, de 21 a\u00f1os, est\u00e1 desaparecida desde el s\u00e1bado 23 de febrero cuando sali\u00f3 con un chico que conoci\u00f3 por Facebook rumbo a un recital de Karina. Su familia y amigos, desesperados. Ver\u00f3nica vive en el barrio 9 de abril de la localidad bonaerense de\u2026","rel":"","context":"En \u00abSociedad\u00bb","block_context":{"text":"Sociedad","link":"https:\/\/www.24baires.com\/?cat=1"},"img":{"alt_text":"larregina","src":"https:\/\/i0.wp.com\/www.24baires.com\/wp-content\/uploads\/2013\/02\/larregina-300x167.jpg?resize=350%2C200","width":350,"height":200},"classes":[]},{"id":52763,"url":"https:\/\/www.24baires.com\/?p=52763","url_meta":{"origin":17012,"position":1},"title":"Bah\u00eda Blanca: encontr\u00f3 en Facebook la moto que le hab\u00edan robado y la recuper\u00f3","author":"Grupo Sierra","date":"30\/08\/2014","format":false,"excerpt":"Le avisaron que hab\u00eda una publicaci\u00f3n con una moto igual a la suya, a la venta. Arregl\u00f3 un encuentro, avis\u00f3 a la polic\u00eda y lo atraparon. La chica hab\u00eda ido a ver un departamento para alquilar en el barrio Juan L\u00f3pez durante la tarde-noche del jueves. All\u00ed fue abordada por\u2026","rel":"","context":"En \u00abPoliciales\u00bb","block_context":{"text":"Policiales","link":"https:\/\/www.24baires.com\/?cat=49"},"img":{"alt_text":"motochorro","src":"https:\/\/i0.wp.com\/www.24baires.com\/wp-content\/uploads\/2013\/02\/motochorro.jpg?resize=350%2C200","width":350,"height":200,"srcset":"https:\/\/i0.wp.com\/www.24baires.com\/wp-content\/uploads\/2013\/02\/motochorro.jpg?resize=350%2C200 1x, https:\/\/i0.wp.com\/www.24baires.com\/wp-content\/uploads\/2013\/02\/motochorro.jpg?resize=525%2C300 1.5x"},"classes":[]},{"id":41475,"url":"https:\/\/www.24baires.com\/?p=41475","url_meta":{"origin":17012,"position":2},"title":"Buscan intensamente a una chica de Quilmes desde el s\u00e1bado","author":"Grupo Sierra","date":"03\/03\/2014","format":false,"excerpt":"Carolina Addario est\u00e1 desaparecida desde el s\u00e1bado 1 de marzo. Tiene 18 a\u00f1os. La \u00faltima vez que fue vista estaba en su casa, en la zona Oeste del distrito de Quilmes. Familiares y amigos realizan una intensa b\u00fasqueda a trav\u00e9s de las redes sociales para encontrar a Carolina, la joven\u2026","rel":"","context":"En \u00abSociedad\u00bb","block_context":{"text":"Sociedad","link":"https:\/\/www.24baires.com\/?cat=1"},"img":{"alt_text":"Carolina addario","src":"https:\/\/i0.wp.com\/www.24baires.com\/wp-content\/uploads\/2014\/03\/Carolina-addario.jpg?resize=350%2C200","width":350,"height":200},"classes":[]},{"id":60539,"url":"https:\/\/www.24baires.com\/?p=60539","url_meta":{"origin":17012,"position":3},"title":"A una semana de su desaparici\u00f3n, contin\u00faa la b\u00fasqueda de un profesor en La Plata","author":"GB","date":"22\/01\/2015","format":false,"excerpt":"Se trata de Joaqu\u00edn Augusto Silva, que fue visto por \u00faltima vez el jueves pasado. El \u00faltimo registro que tienen sus familiares y amigos es que sali\u00f3 a pagar el alquiler y nunca regres\u00f3. Familiares y amigos buscan intensamente desde hace una semana a Joaqu\u00edn Augusto Silva. Un hombre de\u2026","rel":"","context":"En \u00abSociedad\u00bb","block_context":{"text":"Sociedad","link":"https:\/\/www.24baires.com\/?cat=1"},"img":{"alt_text":"joaqu\u00edn silva","src":"https:\/\/i0.wp.com\/www.24baires.com\/wp-content\/uploads\/2015\/01\/joaqu%C3%ADn-silva.jpg?resize=350%2C200","width":350,"height":200,"srcset":"https:\/\/i0.wp.com\/www.24baires.com\/wp-content\/uploads\/2015\/01\/joaqu%C3%ADn-silva.jpg?resize=350%2C200 1x, https:\/\/i0.wp.com\/www.24baires.com\/wp-content\/uploads\/2015\/01\/joaqu%C3%ADn-silva.jpg?resize=525%2C300 1.5x"},"classes":[]},{"id":65646,"url":"https:\/\/www.24baires.com\/?p=65646","url_meta":{"origin":17012,"position":4},"title":"La joven desaparecida en Mar del  Plata se comunic\u00f3 con su familia y dijo \u00abestoy bien\u00bb","author":"GB","date":"09\/05\/2015","format":false,"excerpt":"Fuentes policiales confirmaron que la joven, que estaba desaparecida desde el mi\u00e9rcoles, se encuentra en la casa de una amiga. Azul Baldonedo, la joven de 16 a\u00f1os que desapareci\u00f3 el mi\u00e9rcoles al mediod\u00eda, se comunic\u00f3 con su familia v\u00eda Facebook y dijo que \u201cest\u00e1 bien\u201d. Seg\u00fan confirmaron fuentes policiales a\u2026","rel":"","context":"En \u00abSociedad\u00bb","block_context":{"text":"Sociedad","link":"https:\/\/www.24baires.com\/?cat=1"},"img":{"alt_text":"desaparecida mdp1","src":"https:\/\/i0.wp.com\/www.24baires.com\/wp-content\/uploads\/2015\/05\/desaparecida-mdp1.jpg?resize=350%2C200","width":350,"height":200,"srcset":"https:\/\/i0.wp.com\/www.24baires.com\/wp-content\/uploads\/2015\/05\/desaparecida-mdp1.jpg?resize=350%2C200 1x, https:\/\/i0.wp.com\/www.24baires.com\/wp-content\/uploads\/2015\/05\/desaparecida-mdp1.jpg?resize=525%2C300 1.5x"},"classes":[]},{"id":77876,"url":"https:\/\/www.24baires.com\/?p=77876","url_meta":{"origin":17012,"position":5},"title":"Buscan a un joven de Bat\u00e1n que desapareci\u00f3 en el mar brasilero","author":"AF","date":"20\/01\/2016","format":false,"excerpt":"Un joven oriundo de la localidad bonaerense de Bat\u00e1n desapareci\u00f3 hace dos d\u00edas al ser arrastrado por un r\u00edo en Brasil, adonde se encuentra de viaje como mochilero. Se trata de Hip\u00f3lito G\u00f3mez Paz, de 28 a\u00f1os, quien seg\u00fan familiares y amigos ingres\u00f3 al r\u00edo Sorocaba, a unos 150 kil\u00f3metros\u2026","rel":"","context":"En \u00abGeneral\u00bb","block_context":{"text":"General","link":"https:\/\/www.24baires.com\/?cat=67"},"img":{"alt_text":"","src":"","width":0,"height":0},"classes":[]}],"jetpack_sharing_enabled":true,"jetpack_likes_enabled":true,"_links":{"self":[{"href":"https:\/\/www.24baires.com\/index.php?rest_route=\/wp\/v2\/posts\/17012","targetHints":{"allow":["GET"]}}],"collection":[{"href":"https:\/\/www.24baires.com\/index.php?rest_route=\/wp\/v2\/posts"}],"about":[{"href":"https:\/\/www.24baires.com\/index.php?rest_route=\/wp\/v2\/types\/post"}],"author":[{"embeddable":true,"href":"https:\/\/www.24baires.com\/index.php?rest_route=\/wp\/v2\/users\/4"}],"replies":[{"embeddable":true,"href":"https:\/\/www.24baires.com\/index.php?rest_route=%2Fwp%2Fv2%2Fcomments&post=17012"}],"version-history":[{"count":3,"href":"https:\/\/www.24baires.com\/index.php?rest_route=\/wp\/v2\/posts\/17012\/revisions"}],"predecessor-version":[{"id":17016,"href":"https:\/\/www.24baires.com\/index.php?rest_route=\/wp\/v2\/posts\/17012\/revisions\/17016"}],"wp:attachment":[{"href":"https:\/\/www.24baires.com\/index.php?rest_route=%2Fwp%2Fv2%2Fmedia&parent=17012"}],"wp:term":[{"taxonomy":"category","embeddable":true,"href":"https:\/\/www.24baires.com\/index.php?rest_route=%2Fwp%2Fv2%2Fcategories&post=17012"},{"taxonomy":"post_tag","embeddable":true,"href":"https:\/\/www.24baires.com\/index.php?rest_route=%2Fwp%2Fv2%2Ftags&post=17012"}],"curies":[{"name":"wp","href":"https:\/\/api.w.org\/{rel}","templated":true}]}}