{"id":17006,"date":"2013-02-28T15:30:13","date_gmt":"2013-02-28T18:30:13","guid":{"rendered":"http:\/\/www.24baires.com\/?p=17006"},"modified":"2013-02-28T15:44:00","modified_gmt":"2013-02-28T18:44:00","slug":"benedicto-xvi-dejo-el-vaticano-en-helicoptero-y-pronunciara-sus-ultimas-palabras-como-papa","status":"publish","type":"post","link":"https:\/\/www.24baires.com\/?p=17006","title":{"rendered":"Benedicto XVI dej\u00f3 el Vaticano en helic\u00f3ptero y pronunciar\u00e1 sus \u00faltimas palabras como Papa"},"content":{"rendered":"<p>Joseph Ratzinger parti\u00f3 de la sede de la Iglesia Cat\u00f3lica a las 17.07 (13.07 de Argentina) hacia la residencia de Castengandolfo. En tres horas pronunciar\u00e1 las \u00faltimas palabras de su pontificado.<!--more--><\/p>\n<p>El Papa Benedicto XVI parti\u00f3 hoy del Vaticano a las 17.07 (13.07 de Argentina) en el helic\u00f3ptero que lo traslada hacia la residencia de Castengandolfo, donde pronunciar\u00e1 las \u00faltimas palabras de su pontificado que concluira formalmente a las 20.<\/p>\n<p>El Papa se traslad\u00f3 en auto desde el patio vaticano de San Damaso al helipuerto, con una custodia de la Guardia Suiza y su secretario personal, monse\u00f1or Georg Gaenswein, en medio de los aplausos de sus colaboradores m\u00e1s cercanos.<\/p>\n<p>Tras recibir el saludo del cardenal decano Angelo Sodano, parti\u00f3 hacia la residencia apost\u00f3lica de verano, a unos 30 kil\u00f3metros de Roma, mientras repican los campanarios de todas las iglesias de esta ciudad en una emotiva despedida.<\/p>\n","protected":false},"excerpt":{"rendered":"<p>Joseph Ratzinger parti\u00f3 de la sede de la Iglesia Cat\u00f3lica a las 17.07 (13.07 de Argentina) hacia la residencia de Castengandolfo. En tres horas pronunciar\u00e1 las \u00faltimas palabras de su pontificado.<\/p>\n","protected":false},"author":4,"featured_media":0,"comment_status":"open","ping_status":"open","sticky":false,"template":"","format":"standard","meta":{"_jetpack_newsletter_access":"","_jetpack_dont_email_post_to_subs":false,"_jetpack_newsletter_tier_id":0,"_jetpack_memberships_contains_paywalled_content":false,"_jetpack_memberships_contains_paid_content":false,"footnotes":""},"categories":[1],"tags":[],"class_list":["post-17006","post","type-post","status-publish","format-standard","hentry","category-sociedad"],"jetpack_featured_media_url":"","jetpack_shortlink":"https:\/\/wp.me\/p2JWE0-4qi","jetpack-related-posts":[{"id":19171,"url":"https:\/\/www.24baires.com\/?p=19171","url_meta":{"origin":17006,"position":0},"title":"El Papa Francisco finalmente se reuni\u00f3 con su antecesor Benedicto XVI","author":"Grupo Sierra","date":"23\/03\/2013","format":false,"excerpt":"El papa mantuvo hoy un encuentro con su predecesor en la silla de Pedro, el papa em\u00e9rito Benedicto XVI, produci\u00e9ndose un hecho de car\u00e1cter in\u00e9dito en la historia de la Iglesia Cat\u00f3lica. Se fundieron en un abrazo \"bell\u00edsimo\" y rezaron juntos \"como hermanos\" inform\u00f3 Federico Lombardi, vocero papal, al resumir\u2026","rel":"","context":"En \u00abSociedad\u00bb","block_context":{"text":"Sociedad","link":"https:\/\/www.24baires.com\/?cat=1"},"img":{"alt_text":"papas","src":"https:\/\/i0.wp.com\/www.24baires.com\/wp-content\/uploads\/2013\/03\/papas.jpg?resize=350%2C200","width":350,"height":200,"srcset":"https:\/\/i0.wp.com\/www.24baires.com\/wp-content\/uploads\/2013\/03\/papas.jpg?resize=350%2C200 1x, https:\/\/i0.wp.com\/www.24baires.com\/wp-content\/uploads\/2013\/03\/papas.jpg?resize=525%2C300 1.5x"},"classes":[]},{"id":15322,"url":"https:\/\/www.24baires.com\/?p=15322","url_meta":{"origin":17006,"position":1},"title":"El Papa Benedito XVI anunci\u00f3 que renunciar\u00e1 por \u00abfalta de fuerza\u00bb","author":"AF","date":"11\/02\/2013","format":false,"excerpt":"Joseph Ratzinger abandonar\u00e1 el pontificado el 28 de febrero pr\u00f3ximo, anunci\u00f3 el propio jefe de la Iglesia cat\u00f3lica de manera sorpresiva durante una misa p\u00fablica. Hab\u00eda sido elegido tras la muerte de Juan Pablo II en 2005. El papa Benedicto XVI anunci\u00f3 hoy que renunciar\u00e1 el 28 de febrero pr\u00f3ximo\u2026","rel":"","context":"En \u00abSociedad\u00bb","block_context":{"text":"Sociedad","link":"https:\/\/www.24baires.com\/?cat=1"},"img":{"alt_text":"papa benedicto","src":"https:\/\/i0.wp.com\/www.24baires.com\/wp-content\/uploads\/2013\/02\/papa-benedicto.jpg?resize=350%2C200","width":350,"height":200,"srcset":"https:\/\/i0.wp.com\/www.24baires.com\/wp-content\/uploads\/2013\/02\/papa-benedicto.jpg?resize=350%2C200 1x, https:\/\/i0.wp.com\/www.24baires.com\/wp-content\/uploads\/2013\/02\/papa-benedicto.jpg?resize=525%2C300 1.5x"},"classes":[]},{"id":22819,"url":"https:\/\/www.24baires.com\/?p=22819","url_meta":{"origin":17006,"position":2},"title":"Durante una misa, el Papa conden\u00f3 los abusos cometidos contra menores","author":"AF","date":"06\/05\/2013","format":false,"excerpt":"Lo hizo sin indicar si se refer\u00eda a los casos de pedofilia que han desacreditado a la Iglesia Cat\u00f3lica, durante una misa celebrada este domingo en la plaza San Pedro del Vaticano. El papa Francisco denunci\u00f3 este domingo los \"abusos\" cometidos contra ni\u00f1os, sin indicar si se refer\u00eda a los\u2026","rel":"","context":"En \u00abSociedad\u00bb","block_context":{"text":"Sociedad","link":"https:\/\/www.24baires.com\/?cat=1"},"img":{"alt_text":"papa pascual","src":"https:\/\/i0.wp.com\/www.24baires.com\/wp-content\/uploads\/2013\/03\/papa-pascual.jpg?resize=350%2C200","width":350,"height":200,"srcset":"https:\/\/i0.wp.com\/www.24baires.com\/wp-content\/uploads\/2013\/03\/papa-pascual.jpg?resize=350%2C200 1x, https:\/\/i0.wp.com\/www.24baires.com\/wp-content\/uploads\/2013\/03\/papa-pascual.jpg?resize=525%2C300 1.5x"},"classes":[]},{"id":16893,"url":"https:\/\/www.24baires.com\/?p=16893","url_meta":{"origin":17006,"position":3},"title":"El Papa Benedicto XVI se despidi\u00f3 agradeciendo el respeto y la comprensi\u00f3n","author":"AF","date":"27\/02\/2013","format":false,"excerpt":"Benedicto XVI habl\u00f3 ante m\u00e1s de 200 mil personas en la Plaza San Pedro. Pidi\u00f3 rezar por los cardenales que elegir\u00e1n a su sucesor y advirti\u00f3 que no se dedicar\u00e1 a viajar y ni a dar conferencias. La Plaza San Pedro fue escenario esta ma\u00f1ana de una multitudinaria y emotiva\u2026","rel":"","context":"En \u00abSociedad\u00bb","block_context":{"text":"Sociedad","link":"https:\/\/www.24baires.com\/?cat=1"},"img":{"alt_text":"papa benedicto","src":"https:\/\/i0.wp.com\/www.24baires.com\/wp-content\/uploads\/2013\/02\/papa-benedicto.jpg?resize=350%2C200","width":350,"height":200,"srcset":"https:\/\/i0.wp.com\/www.24baires.com\/wp-content\/uploads\/2013\/02\/papa-benedicto.jpg?resize=350%2C200 1x, https:\/\/i0.wp.com\/www.24baires.com\/wp-content\/uploads\/2013\/02\/papa-benedicto.jpg?resize=525%2C300 1.5x"},"classes":[]},{"id":75582,"url":"https:\/\/www.24baires.com\/?p=75582","url_meta":{"origin":17006,"position":4},"title":"El Papa arranca en \u00c1frica una gira de alto riesgo","author":"AF","date":"25\/11\/2015","format":false,"excerpt":"Francisco emprendi\u00f3 hoy su primer viaje a ese continente, donde visitar\u00e1 Kenia, Uganda y la Rep\u00fablica Centroafricana (RCA) hasta el 30 de noviembre. Es la gira m\u00e1s complicada hasta ahora del pont\u00edfice argentino. El avi\u00f3n de la compa\u00f1\u00eda italiana Alitalia, un Airbus A330-200, despeg\u00f3 del aeropuerto romano de Fiumicino a\u2026","rel":"","context":"En \u00abInternacionales\u00bb","block_context":{"text":"Internacionales","link":"https:\/\/www.24baires.com\/?cat=73"},"img":{"alt_text":"papa francisco","src":"https:\/\/i0.wp.com\/www.24baires.com\/wp-content\/uploads\/2013\/10\/papa-francisco.jpg?resize=350%2C200","width":350,"height":200,"srcset":"https:\/\/i0.wp.com\/www.24baires.com\/wp-content\/uploads\/2013\/10\/papa-francisco.jpg?resize=350%2C200 1x, https:\/\/i0.wp.com\/www.24baires.com\/wp-content\/uploads\/2013\/10\/papa-francisco.jpg?resize=525%2C300 1.5x"},"classes":[]},{"id":18373,"url":"https:\/\/www.24baires.com\/?p=18373","url_meta":{"origin":17006,"position":5},"title":"El flamante Papa ofici\u00f3 su primer misa para los dem\u00e1s cardenales","author":"AF","date":"14\/03\/2013","format":false,"excerpt":"El papa Francisco abog\u00f3 por una Iglesia cat\u00f3lica \"con coraje para caminar\" y volcada a su misi\u00f3n evangelizadora, al celebrar su primera misa como pont\u00edfice en la Capilla Sixtina luego de su hist\u00f3rica elecci\u00f3n. \"Sin Jesucristo, podemos ser una ONG piadosa, pero no la Iglesia\u201d, dijo el argentino Jorge Mario\u2026","rel":"","context":"En \u00abSociedad\u00bb","block_context":{"text":"Sociedad","link":"https:\/\/www.24baires.com\/?cat=1"},"img":{"alt_text":"papa misa cardenales","src":"https:\/\/i0.wp.com\/www.24baires.com\/wp-content\/uploads\/2013\/03\/papa-misa-cardenales.jpg?resize=350%2C200","width":350,"height":200,"srcset":"https:\/\/i0.wp.com\/www.24baires.com\/wp-content\/uploads\/2013\/03\/papa-misa-cardenales.jpg?resize=350%2C200 1x, https:\/\/i0.wp.com\/www.24baires.com\/wp-content\/uploads\/2013\/03\/papa-misa-cardenales.jpg?resize=525%2C300 1.5x"},"classes":[]}],"jetpack_sharing_enabled":true,"jetpack_likes_enabled":true,"_links":{"self":[{"href":"https:\/\/www.24baires.com\/index.php?rest_route=\/wp\/v2\/posts\/17006","targetHints":{"allow":["GET"]}}],"collection":[{"href":"https:\/\/www.24baires.com\/index.php?rest_route=\/wp\/v2\/posts"}],"about":[{"href":"https:\/\/www.24baires.com\/index.php?rest_route=\/wp\/v2\/types\/post"}],"author":[{"embeddable":true,"href":"https:\/\/www.24baires.com\/index.php?rest_route=\/wp\/v2\/users\/4"}],"replies":[{"embeddable":true,"href":"https:\/\/www.24baires.com\/index.php?rest_route=%2Fwp%2Fv2%2Fcomments&post=17006"}],"version-history":[{"count":2,"href":"https:\/\/www.24baires.com\/index.php?rest_route=\/wp\/v2\/posts\/17006\/revisions"}],"predecessor-version":[{"id":17008,"href":"https:\/\/www.24baires.com\/index.php?rest_route=\/wp\/v2\/posts\/17006\/revisions\/17008"}],"wp:attachment":[{"href":"https:\/\/www.24baires.com\/index.php?rest_route=%2Fwp%2Fv2%2Fmedia&parent=17006"}],"wp:term":[{"taxonomy":"category","embeddable":true,"href":"https:\/\/www.24baires.com\/index.php?rest_route=%2Fwp%2Fv2%2Fcategories&post=17006"},{"taxonomy":"post_tag","embeddable":true,"href":"https:\/\/www.24baires.com\/index.php?rest_route=%2Fwp%2Fv2%2Ftags&post=17006"}],"curies":[{"name":"wp","href":"https:\/\/api.w.org\/{rel}","templated":true}]}}