{"id":16984,"date":"2013-02-28T12:30:16","date_gmt":"2013-02-28T15:30:16","guid":{"rendered":"http:\/\/www.24baires.com\/?p=16984"},"modified":"2013-02-28T13:28:08","modified_gmt":"2013-02-28T16:28:08","slug":"garcia-esta-destruido-todo-el-dia-tirado-en-la-cama-aseguro-su-abogado","status":"publish","type":"post","link":"https:\/\/www.24baires.com\/?p=16984","title":{"rendered":"\u00abGarc\u00eda est\u00e1 destruido, todo el d\u00eda tirado en la cama\u00bb, asegur\u00f3 su abogado"},"content":{"rendered":"<p><img data-recalc-dims=\"1\" loading=\"lazy\" decoding=\"async\" src=\"https:\/\/i0.wp.com\/www.24baires.com\/wp-content\/uploads\/2013\/02\/504-p-garcia.jpg?resize=560%2C371\" alt=\"504 p garcia\" width=\"560\" height=\"371\" class=\"aligncenter size-full wp-image-16422\" srcset=\"https:\/\/i0.wp.com\/www.24baires.com\/wp-content\/uploads\/2013\/02\/504-p-garcia.jpg?w=560&amp;ssl=1 560w, https:\/\/i0.wp.com\/www.24baires.com\/wp-content\/uploads\/2013\/02\/504-p-garcia.jpg?resize=300%2C198&amp;ssl=1 300w\" sizes=\"auto, (max-width: 560px) 100vw, 560px\" \/>Pablo Garc\u00eda, acusado de atropellar y matar a un ciclista en la Panamericana y llevar el cad\u00e1ver en su auto durante 17 kil\u00f3metros, est\u00e1 \u00abdestruido\u00bb y \u00abtodo el d\u00eda en la cama\u00bb, asegur\u00f3 su abogado, Adri\u00e1n Albor.<!--more--><\/p>\n<p>El letrado tambi\u00e9n inform\u00f3 que las pericias determinaron que Garc\u00eda \u00abno circulaba a m\u00e1s de 100 kil\u00f3metros por hora al momento del accidente\u00bb y asegur\u00f3 que \u00abno se encontraron marcas en la banquina\u00bb que determinen que el choque fue al costado de la ruta.<br \/>\nAdem\u00e1s, sostuvo, en declaraciones a radio Diez, que el siniestro, que caus\u00f3 la muerte del vigilador privado Reinaldo Rodas, \u00abse magnific\u00f3 por las cuotas de mentiras\u00bb que circularon en algunos medios e insisti\u00f3 en que la prensa actu\u00f3 de una manera \u00abdemonizadora\u00bb.<\/p>\n<p>El abogado del hijo del periodista Eduardo Aliverti denunci\u00f3 que la Polic\u00eda que debe custodiar el auto de Garc\u00eda le entreg\u00f3 a la querella un registro de conducir vencido que hab\u00eda adentro de rodado.<\/p>\n<p>\u00abHace poco dijeron que su registro estaba vencido y sali\u00f3 una foto que lo demostraba. Ese registro estaba en el auto de Pablo, entre otras cosas que hab\u00eda ah\u00ed y que ten\u00eda que custodiar la Polic\u00eda porque es material de prueba\u00bb, asegur\u00f3 Albor.<\/p>\n<p>Asimismo, precis\u00f3 que ese carnet de conducir era viejo y que el vigente, que tiene vencimiento en 2017, estaba en manos de un juez de Faltas de Tigre que se lo retir\u00f3 cuando le hicieron el control de alcoholemia.<\/p>\n<p>Aunque Albor se neg\u00f3 a dar la versi\u00f3n de los hechos de su defendido porque todav\u00eda no declar\u00f3, desliz\u00f3 que el joven podr\u00eda haber circulado con el cuerpo de Rodas porque puede haber dudado del tiempo que pod\u00eda llegar a tardar la ambulancia.<\/p>\n<p>En este sentido, admiti\u00f3 que es \u00abraro\u00bb circular tantos kil\u00f3metros con un accidentado en un auto, pero descart\u00f3 que lo haya hecho para fugarse porque \u00abten\u00eda seis salidas en zonas cuasi rurales\u00bb.<\/p>\n<p>\u00abNo queremos privilegios, porque no hay motivo para tenerlos, pero tampoco queremos un escarnio p\u00fablico\u00bb, reclam\u00f3 el letrado que tambi\u00e9n expres\u00f3 que Garc\u00eda \u00abest\u00e1 destruido\u00bb.<br \/>\n\u00abEst\u00e1 todo el d\u00eda en una cama, se moviliza solamente para cuestiones que tienen que ver con el expediente y para atender problemas de salud\u00bb, se\u00f1al\u00f3 Albor, que se neg\u00f3 a precisar si esos inconvenientes que afronta su defendido est\u00e1n relacionados con el accidente.<\/p>\n<p>El martes, la Justicia le aplic\u00f3 al hijo de Aliverti, de 28 a\u00f1os, una multa de 6.579 pesos, le quit\u00f3 la licencia de conducir e impuso la realizaci\u00f3n de un tratamiento por adicciones.<br \/>\nEl accidente ocurri\u00f3 el domingo 17 cuando Garc\u00eda circulaba a bordo de su Peugeot 504 y atropell\u00f3 a Rodas, de 53 a\u00f1os, quien se movilizaba en una bicicleta por la banquina de la Panamericana y se dirig\u00eda a trabajar como vigilador privado en el country \u00abMapuche\u00bb.<\/p>\n<p>&nbsp;<\/p>\n<p>&nbsp;<\/p>\n<p>&nbsp;<\/p>\n<p>&nbsp;<\/p>\n<p>&nbsp;<\/p>\n<p>&nbsp;<\/p>\n<p>&nbsp;<\/p>\n<p>&nbsp;<\/p>\n<p>&nbsp;<\/p>\n<p>&nbsp;<\/p>\n<p>&nbsp;<\/p>\n<p>&nbsp;<\/p>\n<p>&nbsp;<\/p>\n<p>&nbsp;<\/p>\n<p>&nbsp;<\/p>\n<p>&nbsp;<\/p>\n<p>&nbsp;<\/p>\n<p>&nbsp;<\/p>\n<p>&nbsp;<\/p>\n<p>&nbsp;<\/p>\n<p>&nbsp;<\/p>\n<p>&nbsp;<\/p>\n<p>&nbsp;<\/p>\n<p>&nbsp;<\/p>\n","protected":false},"excerpt":{"rendered":"<p>Pablo Garc\u00eda, acusado de atropellar y matar a un ciclista en la Panamericana y llevar el cad\u00e1ver en su auto durante 17 kil\u00f3metros, est\u00e1 \u00abdestruido\u00bb y \u00abtodo el d\u00eda en la cama\u00bb, asegur\u00f3 su abogado, Adri\u00e1n Albor.<\/p>\n","protected":false},"author":4,"featured_media":0,"comment_status":"open","ping_status":"open","sticky":false,"template":"","format":"standard","meta":{"_jetpack_newsletter_access":"","_jetpack_dont_email_post_to_subs":false,"_jetpack_newsletter_tier_id":0,"_jetpack_memberships_contains_paywalled_content":false,"_jetpack_memberships_contains_paid_content":false,"footnotes":""},"categories":[1],"tags":[],"class_list":["post-16984","post","type-post","status-publish","format-standard","hentry","category-sociedad"],"jetpack_featured_media_url":"","jetpack_shortlink":"https:\/\/wp.me\/p2JWE0-4pW","jetpack-related-posts":[{"id":16421,"url":"https:\/\/www.24baires.com\/?p=16421","url_meta":{"origin":16984,"position":0},"title":"Un testigo del accidente de la Panamericana complic\u00f3 al hijo de Aliverti","author":"AF","date":"22\/02\/2013","format":false,"excerpt":"Un automovilista que fue testigo presencial del accidente en el que el periodista Pablo Garc\u00eda atropell\u00f3 y mat\u00f3 a un ciclista en la autopista Panamericana asegur\u00f3 que el conductor no detuvo su marcha tras embestir al vigilador y que se alej\u00f3 a 130 kil\u00f3metros por hora, inform\u00f3 el abogado de\u2026","rel":"","context":"En \u00abPoliciales\u00bb","block_context":{"text":"Policiales","link":"https:\/\/www.24baires.com\/?cat=49"},"img":{"alt_text":"504 p garcia","src":"https:\/\/i0.wp.com\/www.24baires.com\/wp-content\/uploads\/2013\/02\/504-p-garcia.jpg?resize=350%2C200","width":350,"height":200,"srcset":"https:\/\/i0.wp.com\/www.24baires.com\/wp-content\/uploads\/2013\/02\/504-p-garcia.jpg?resize=350%2C200 1x, https:\/\/i0.wp.com\/www.24baires.com\/wp-content\/uploads\/2013\/02\/504-p-garcia.jpg?resize=525%2C300 1.5x"},"classes":[]},{"id":41677,"url":"https:\/\/www.24baires.com\/?p=41677","url_meta":{"origin":16984,"position":1},"title":"Contin\u00faa el lunes la reconstrucci\u00f3n del accidente de Pablo Garc\u00eda","author":"Grupo Sierra","date":"07\/03\/2014","format":false,"excerpt":"La justicia posterg\u00f3 la reconstrucci\u00f3n del accidente en el que el a\u00f1o pasado el locutor Pablo Garc\u00eda atropell\u00f3 y mat\u00f3 en el partido bonaerense de Pilar a un vigilador que circulaba en bicicleta por la autopista Panamericana, a consecuencia del intenso tr\u00e1nsito que registraba hoy la Panamericana. As\u00ed lo confirm\u00f3\u2026","rel":"","context":"En \u00abPoliciales\u00bb","block_context":{"text":"Policiales","link":"https:\/\/www.24baires.com\/?cat=49"},"img":{"alt_text":"aliverti peugeot","src":"https:\/\/i0.wp.com\/www.24baires.com\/wp-content\/uploads\/2013\/02\/aliverti-peugeot-300x200.jpg?resize=350%2C200","width":350,"height":200},"classes":[]},{"id":111746,"url":"https:\/\/www.24baires.com\/?p=111746","url_meta":{"origin":16984,"position":2},"title":"La C\u00e1mara Federal orden\u00f3 avanzar en la causa que investiga la deuda del Correo Argentino","author":"GB","date":"22\/08\/2019","format":false,"excerpt":"Los jueces Irurzun y Bruglia respaldaron lo actuado por Lijo y le pidieron que determine si la quita acordada con el Estado era abusiva. En la causa est\u00e1n imputados Macri y Aguad La C\u00e1mara Federal aval\u00f3 este mi\u00e9rcoles la investigaci\u00f3n en la que se encuentra imputado Mauricio Macri y en\u2026","rel":"","context":"En \u00abPol\u00edtica\u00bb","block_context":{"text":"Pol\u00edtica","link":"https:\/\/www.24baires.com\/?cat=51"},"img":{"alt_text":"","src":"https:\/\/i0.wp.com\/www.24baires.com\/wp-content\/uploads\/2019\/08\/macri-aguad.jpg?resize=350%2C200","width":350,"height":200,"srcset":"https:\/\/i0.wp.com\/www.24baires.com\/wp-content\/uploads\/2019\/08\/macri-aguad.jpg?resize=350%2C200 1x, https:\/\/i0.wp.com\/www.24baires.com\/wp-content\/uploads\/2019\/08\/macri-aguad.jpg?resize=525%2C300 1.5x"},"classes":[]},{"id":31078,"url":"https:\/\/www.24baires.com\/?p=31078","url_meta":{"origin":16984,"position":3},"title":"Elevar\u00edan en noviembre a juicio oral la causa por el asesinato del vigilador Rodas","author":"AF","date":"31\/08\/2013","format":false,"excerpt":"El abogado de la familia, Roberto Damboriana, adelant\u00f3 que ser\u00eda bajo la figura de \u201chomicidio culposo\u201d, con posibilidad de requerir \u201cdolo eventual\u201d si se demostrara que Pablo Garc\u00eda no habr\u00eda actuado por un \u201cshock emociona\u201d. A fines de septiembre estar\u00edan las pericias psicol\u00f3gicas y psiqui\u00e1tricas que posibilitar\u00edan a la defensa\u2026","rel":"","context":"En \u00abJUDICIALES\u00bb","block_context":{"text":"JUDICIALES","link":"https:\/\/www.24baires.com\/?cat=68"},"img":{"alt_text":"aliverti peugeot","src":"https:\/\/i0.wp.com\/www.24baires.com\/wp-content\/uploads\/2013\/02\/aliverti-peugeot-300x200.jpg?resize=350%2C200","width":350,"height":200},"classes":[]},{"id":21914,"url":"https:\/\/www.24baires.com\/?p=21914","url_meta":{"origin":16984,"position":4},"title":"El hijo de Aliverti declara en indagatoria la semana pr\u00f3xima","author":"Grupo Sierra","date":"25\/04\/2013","format":false,"excerpt":"PILAR.- El locutor Pablo Garc\u00eda \u2013hijo del periodista Eduardo Aliverti- fue citado a declaraci\u00f3n indagatoria para el 2 de mayo pr\u00f3ximo en el marco de la causa en la que est\u00e1 acusado de haber atropellado y matado a un vigilador privado, hace dos meses, en la autopista Panamericana. El locutor\u2026","rel":"","context":"En \u00abPoliciales\u00bb","block_context":{"text":"Policiales","link":"https:\/\/www.24baires.com\/?cat=49"},"img":{"alt_text":"","src":"","width":0,"height":0},"classes":[]},{"id":16721,"url":"https:\/\/www.24baires.com\/?p=16721","url_meta":{"origin":16984,"position":5},"title":"El hijo de Aliverti no se present\u00f3 a declarar y fue declarado en rebeld\u00eda","author":"AF","date":"25\/02\/2013","format":false,"excerpt":"El locutor e hijo del periodista Eduardo Aliverti, Pablo Garc\u00eda, que el domingo de la semana pasada atropell\u00f3 y mat\u00f3 a un vigilador, no se present\u00f3 a declarar y fue declarado en rebeld\u00eda, por lo que podr\u00eda ser inhabilitado para conducir o hasta ser arrestado. El juez de Faltas de\u2026","rel":"","context":"En \u00abPoliciales\u00bb","block_context":{"text":"Policiales","link":"https:\/\/www.24baires.com\/?cat=49"},"img":{"alt_text":"504 p garcia","src":"https:\/\/i0.wp.com\/www.24baires.com\/wp-content\/uploads\/2013\/02\/504-p-garcia.jpg?resize=350%2C200","width":350,"height":200,"srcset":"https:\/\/i0.wp.com\/www.24baires.com\/wp-content\/uploads\/2013\/02\/504-p-garcia.jpg?resize=350%2C200 1x, https:\/\/i0.wp.com\/www.24baires.com\/wp-content\/uploads\/2013\/02\/504-p-garcia.jpg?resize=525%2C300 1.5x"},"classes":[]}],"jetpack_sharing_enabled":true,"jetpack_likes_enabled":true,"_links":{"self":[{"href":"https:\/\/www.24baires.com\/index.php?rest_route=\/wp\/v2\/posts\/16984","targetHints":{"allow":["GET"]}}],"collection":[{"href":"https:\/\/www.24baires.com\/index.php?rest_route=\/wp\/v2\/posts"}],"about":[{"href":"https:\/\/www.24baires.com\/index.php?rest_route=\/wp\/v2\/types\/post"}],"author":[{"embeddable":true,"href":"https:\/\/www.24baires.com\/index.php?rest_route=\/wp\/v2\/users\/4"}],"replies":[{"embeddable":true,"href":"https:\/\/www.24baires.com\/index.php?rest_route=%2Fwp%2Fv2%2Fcomments&post=16984"}],"version-history":[{"count":2,"href":"https:\/\/www.24baires.com\/index.php?rest_route=\/wp\/v2\/posts\/16984\/revisions"}],"predecessor-version":[{"id":16991,"href":"https:\/\/www.24baires.com\/index.php?rest_route=\/wp\/v2\/posts\/16984\/revisions\/16991"}],"wp:attachment":[{"href":"https:\/\/www.24baires.com\/index.php?rest_route=%2Fwp%2Fv2%2Fmedia&parent=16984"}],"wp:term":[{"taxonomy":"category","embeddable":true,"href":"https:\/\/www.24baires.com\/index.php?rest_route=%2Fwp%2Fv2%2Fcategories&post=16984"},{"taxonomy":"post_tag","embeddable":true,"href":"https:\/\/www.24baires.com\/index.php?rest_route=%2Fwp%2Fv2%2Ftags&post=16984"}],"curies":[{"name":"wp","href":"https:\/\/api.w.org\/{rel}","templated":true}]}}