{"id":16976,"date":"2013-02-28T12:00:44","date_gmt":"2013-02-28T15:00:44","guid":{"rendered":"http:\/\/www.24baires.com\/?p=16976"},"modified":"2013-02-28T12:37:30","modified_gmt":"2013-02-28T15:37:30","slug":"suteba-se-moviliza-y-pone-fecha-a-un-paro-de-48-horas-para-la-proxima-semana","status":"publish","type":"post","link":"https:\/\/www.24baires.com\/?p=16976","title":{"rendered":"SUTEBA se moviliza y pone fecha a un paro de 48 horas para la pr\u00f3xima semana"},"content":{"rendered":"<p>As\u00ed lo confirm\u00f3 Mar\u00eda Laura Torre, secretaria gremial de SUTEBA, luego del fracaso de la paritaria con el Ejecutivo bonaerense. Tambi\u00e9n ratific\u00f3 la movilizaci\u00f3n de este jueves y consider\u00f3 que Scioli \u201cdeber\u00e1 rever la propuesta del 17,8 por ciento\u201d si quiere resolver el conflicto.<!--more-->\u201cRatificamos la marcha y, obviamente, vamos a analizar nuevas medidas de acci\u00f3n. Ya hemos votado un paro de 48 horas y el viernes le pondremos fecha, pero va a ser para la semana pr\u00f3xima con la unidad del Frente Gremial\u201d, asegur\u00f3 en di\u00e1logo con esta agencia Mar\u00eda Laura Torre, secretaria gremial de SUTEBA.<\/p>\n<p>La propuesta que rechazaron los docentes durante la reuni\u00f3n paritaria con las autoridades bonaerenses consiste en un aumento escalonado del 17,8 por ciento.<\/p>\n<p>El ministro de Trabajo, Oscar Cuartango, y la directora general de Cultura y Educaci\u00f3n, Nora De Luc\u00eda, ofrecieron un 12 por ciento en marzo para llevar el salario inicial a 3.248 pesos, un 2,6 en agosto para un ingreso de 3.332 y un 2,5 por ciento m\u00e1s en diciembre para pagar en enero del a\u00f1o que viene 3.416 pesos.<\/p>\n<p>\u201cLa oferta fue rechazada autom\u00e1ticamente por todos los gremios, en el mismo momento en que la hicieron\u201d, coment\u00f3 Torre y agreg\u00f3 que desde el Frente \u201cles planteamos que era de una gran irresponsabilidad comenzar con un 12 por ciento para el primer tramo del a\u00f1o\u201d.<\/p>\n<p>\u201cLa argumentaci\u00f3n del Gobierno es que han hecho un gran esfuerzo y que las cuentas que tiene hoy en d\u00eda en la provincia de Buenos Aires hacen no permiten pagar m\u00e1s. Ante esto, nosotros les trasmitimos que el esfuerzo lo tendr\u00edan que haber comenzado a hacer a partir de diciembre de 2012, porque los presupuestos de cada uno de los ministerios se votan en noviembre de cada a\u00f1o y saben que las negociaciones paritarias docentes siempre se desarrollan en los meses de enero y febrero\u201d, explic\u00f3.<\/p>\n<p>Para Torre, el gobernador Daniel Scioli \u201cdeber\u00e1 rever la propuesta del 17,8 por ciento\u201d y volver a convocar a una nueva reuni\u00f3n paritaria, aunque dijo que por el momento no hay fecha para continuar el di\u00e1logo porque, tras rechazar la oferta de este mi\u00e9rcoles, \u201csimplemente nos levantamos tanto los representantes del Estado como los gremios y nos retiramos\u201d.<\/p>\n<p>\u201cSi la oferta se hubiese empezado a discutir el 14 de enero, como dijeron el a\u00f1o pasado, esto hubiese sido diferente. Que se haga en este momento, nos parece una irresponsabilidad. No obstante, estamos dispuestos siempre a continuar el di\u00e1logo en la mesa paritaria, que es el lugar que los trabajadores tenemos para seguir la negociaci\u00f3n\u201d, concluy\u00f3 la gremialista.<\/p>\n<p>&nbsp;<\/p>\n<p>&nbsp;<\/p>\n<p>&nbsp;<\/p>\n<p>&nbsp;<\/p>\n<p>&nbsp;<\/p>\n<p>&nbsp;<\/p>\n<p>&nbsp;<\/p>\n<p>&nbsp;<\/p>\n<p>&nbsp;<\/p>\n<p>&nbsp;<\/p>\n<p>&nbsp;<\/p>\n<p>&nbsp;<\/p>\n<p>&nbsp;<\/p>\n<p>&nbsp;<\/p>\n<p>&nbsp;<\/p>\n<p>&nbsp;<\/p>\n<p>&nbsp;<\/p>\n<p>&nbsp;<\/p>\n<p>&nbsp;<\/p>\n","protected":false},"excerpt":{"rendered":"<p>As\u00ed lo confirm\u00f3 Mar\u00eda Laura Torre, secretaria gremial de SUTEBA, luego del fracaso de la paritaria con el Ejecutivo bonaerense. Tambi\u00e9n ratific\u00f3 la movilizaci\u00f3n de este jueves y consider\u00f3 que Scioli \u201cdeber\u00e1 rever la propuesta del 17,8 por ciento\u201d si quiere resolver el conflicto.<\/p>\n","protected":false},"author":4,"featured_media":0,"comment_status":"open","ping_status":"open","sticky":false,"template":"","format":"standard","meta":{"_jetpack_newsletter_access":"","_jetpack_dont_email_post_to_subs":false,"_jetpack_newsletter_tier_id":0,"_jetpack_memberships_contains_paywalled_content":false,"_jetpack_memberships_contains_paid_content":false,"footnotes":""},"categories":[1],"tags":[],"class_list":["post-16976","post","type-post","status-publish","format-standard","hentry","category-sociedad"],"jetpack_featured_media_url":"","jetpack_shortlink":"https:\/\/wp.me\/p2JWE0-4pO","jetpack-related-posts":[{"id":16927,"url":"https:\/\/www.24baires.com\/?p=16927","url_meta":{"origin":16976,"position":0},"title":"Los Gremios Docentes rechazaron la oferta de Scioli por \u201cinsuficiente e irresponsable\u201d","author":"Grupo Sierra","date":"27\/02\/2013","format":false,"excerpt":"LA PLATA.- El Frente Gremial Docente Bonaerense rechaz\u00f3 la propuesta de aumento salarial efectuada por el gobierno provincial a la que calificaron de \"insuficiente e irresponsable\". As\u00ed lo explicaron los titulares de la Federaci\u00f3n de Educadores Bonaerenses (FEB), Mirta Petrocini y del Sindicato \u00danico de Trabajadores de la Educaci\u00f3n (Suteba),\u2026","rel":"","context":"En \u00abProvincia\u00bb","block_context":{"text":"Provincia","link":"https:\/\/www.24baires.com\/?cat=40"},"img":{"alt_text":"","src":"","width":0,"height":0},"classes":[]},{"id":56274,"url":"https:\/\/www.24baires.com\/?p=56274","url_meta":{"origin":16976,"position":1},"title":"Docentes bonaerenses ya pusieron fecha para el paro de actividades","author":"GB","date":"30\/10\/2014","format":false,"excerpt":"El Frente Gremial defini\u00f3 el momento en el que llevar\u00e1 adelante la huelga de 48 horas que fue convocada a principios de semana. \"Esperemos que tomen en cuenta nuestros pedidos\", reclamaron. La secretaria gremial de Suteba, Mar\u00eda Laura Torre, confirm\u00f3 este jueves que los docentes bonaerenses realizar\u00e1n un paro por\u2026","rel":"","context":"En \u00abSociedad\u00bb","block_context":{"text":"Sociedad","link":"https:\/\/www.24baires.com\/?cat=1"},"img":{"alt_text":"paro docente","src":"https:\/\/i0.wp.com\/www.24baires.com\/wp-content\/uploads\/2014\/10\/paro-docente.jpg?resize=350%2C200","width":350,"height":200,"srcset":"https:\/\/i0.wp.com\/www.24baires.com\/wp-content\/uploads\/2014\/10\/paro-docente.jpg?resize=350%2C200 1x, https:\/\/i0.wp.com\/www.24baires.com\/wp-content\/uploads\/2014\/10\/paro-docente.jpg?resize=525%2C300 1.5x"},"classes":[]},{"id":100554,"url":"https:\/\/www.24baires.com\/?p=100554","url_meta":{"origin":16976,"position":2},"title":"Suteba pidi\u00f3 una nueva reuni\u00f3n con una oferta superadora","author":"GB","date":"16\/02\/2018","format":false,"excerpt":"Mar\u00eda Laura Torre, secretaria general adjunta del gremio, dijo que \"las propias consultoras del Gobierno admiten una inflaci\u00f3n superior al 20 por ciento\". La secretaria general adjunta de Suteba, Mar\u00eda Laura Torre, pidi\u00f3 que el Gobierno bonaerense convoque a una nueva reuni\u00f3n paritaria y que lleve a la mesa de\u2026","rel":"","context":"En \u00abProvincia\u00bb","block_context":{"text":"Provincia","link":"https:\/\/www.24baires.com\/?cat=40"},"img":{"alt_text":"","src":"https:\/\/i0.wp.com\/www.24baires.com\/wp-content\/uploads\/2017\/10\/docentes-prov.jpg?resize=350%2C200","width":350,"height":200,"srcset":"https:\/\/i0.wp.com\/www.24baires.com\/wp-content\/uploads\/2017\/10\/docentes-prov.jpg?resize=350%2C200 1x, https:\/\/i0.wp.com\/www.24baires.com\/wp-content\/uploads\/2017\/10\/docentes-prov.jpg?resize=525%2C300 1.5x"},"classes":[]},{"id":17509,"url":"https:\/\/www.24baires.com\/?p=17509","url_meta":{"origin":16976,"position":3},"title":"Scioli dijo que har\u00e1n \u00ablo posible\u00bb para alcanzar el 22% de aumento para Docentes","author":"AF","date":"05\/03\/2013","format":false,"excerpt":"El gobernador Daniel Scioli afirm\u00f3 este martes que su gobierno har\u00e1 \"lo posible para poder alcanzar el 22 por ciento\" fijado en el plano nacional para la paritaria docente y precis\u00f3 que la nueva propuesta a los representantes gremiales se concretar\u00e1 \"en la pr\u00f3xima reuni\u00f3n\". En ese sentido, el gobernador\u2026","rel":"","context":"En \u00abSociedad\u00bb","block_context":{"text":"Sociedad","link":"https:\/\/www.24baires.com\/?cat=1"},"img":{"alt_text":"","src":"","width":0,"height":0},"classes":[]},{"id":18159,"url":"https:\/\/www.24baires.com\/?p=18159","url_meta":{"origin":16976,"position":4},"title":"Docentes, estatales y m\u00e9dicos bonaerenses paran reclamando mejoras salariales","author":"AF","date":"12\/03\/2013","format":false,"excerpt":"El Gobierno ofreci\u00f3 una suba del 18,6 % y el Frente Gremial Docente decret\u00f3 un paro de 48 horas en escuelas. Gremios estatales y m\u00e9dicos de Cicop ir\u00e1n a la huelga entre ma\u00f1ana y pasado. Provincia consider\u00f3 \"muy probable\" la conciliaci\u00f3n obligatoria. Los gremios docentes y estatales bonaerenses, que rechazaron\u2026","rel":"","context":"En \u00abSociedad\u00bb","block_context":{"text":"Sociedad","link":"https:\/\/www.24baires.com\/?cat=1"},"img":{"alt_text":"","src":"","width":0,"height":0},"classes":[]},{"id":78850,"url":"https:\/\/www.24baires.com\/?p=78850","url_meta":{"origin":16976,"position":5},"title":"\u201cEst\u00e1 en manos de Vidal resolver lo que ya es un conflicto\u201d","author":"GB","date":"12\/02\/2016","format":false,"excerpt":"La secretaria gremial de SUTEBA, Mar\u00eda Laura Torres, asegur\u00f3 a Info Regi\u00f3n que \u201cquien pone en tensi\u00f3n el inicio del ciclo lectivo es el Gobierno de la Provincia\u201d. Es luego de que los gremios rechazaran una nueva propuesta del Ejecutivo: fue del 24,1%, ni un punto por encima del 23,6\u2026","rel":"","context":"En \u00abProvincia\u00bb","block_context":{"text":"Provincia","link":"https:\/\/www.24baires.com\/?cat=40"},"img":{"alt_text":"bardel vidal","src":"https:\/\/i0.wp.com\/www.24baires.com\/wp-content\/uploads\/2016\/02\/bardel-vidal.jpg?resize=350%2C200","width":350,"height":200,"srcset":"https:\/\/i0.wp.com\/www.24baires.com\/wp-content\/uploads\/2016\/02\/bardel-vidal.jpg?resize=350%2C200 1x, https:\/\/i0.wp.com\/www.24baires.com\/wp-content\/uploads\/2016\/02\/bardel-vidal.jpg?resize=525%2C300 1.5x"},"classes":[]}],"jetpack_sharing_enabled":true,"jetpack_likes_enabled":true,"_links":{"self":[{"href":"https:\/\/www.24baires.com\/index.php?rest_route=\/wp\/v2\/posts\/16976","targetHints":{"allow":["GET"]}}],"collection":[{"href":"https:\/\/www.24baires.com\/index.php?rest_route=\/wp\/v2\/posts"}],"about":[{"href":"https:\/\/www.24baires.com\/index.php?rest_route=\/wp\/v2\/types\/post"}],"author":[{"embeddable":true,"href":"https:\/\/www.24baires.com\/index.php?rest_route=\/wp\/v2\/users\/4"}],"replies":[{"embeddable":true,"href":"https:\/\/www.24baires.com\/index.php?rest_route=%2Fwp%2Fv2%2Fcomments&post=16976"}],"version-history":[{"count":2,"href":"https:\/\/www.24baires.com\/index.php?rest_route=\/wp\/v2\/posts\/16976\/revisions"}],"predecessor-version":[{"id":16983,"href":"https:\/\/www.24baires.com\/index.php?rest_route=\/wp\/v2\/posts\/16976\/revisions\/16983"}],"wp:attachment":[{"href":"https:\/\/www.24baires.com\/index.php?rest_route=%2Fwp%2Fv2%2Fmedia&parent=16976"}],"wp:term":[{"taxonomy":"category","embeddable":true,"href":"https:\/\/www.24baires.com\/index.php?rest_route=%2Fwp%2Fv2%2Fcategories&post=16976"},{"taxonomy":"post_tag","embeddable":true,"href":"https:\/\/www.24baires.com\/index.php?rest_route=%2Fwp%2Fv2%2Ftags&post=16976"}],"curies":[{"name":"wp","href":"https:\/\/api.w.org\/{rel}","templated":true}]}}