{"id":16964,"date":"2013-02-28T10:30:19","date_gmt":"2013-02-28T13:30:19","guid":{"rendered":"http:\/\/www.24baires.com\/?p=16964"},"modified":"2013-02-28T11:40:07","modified_gmt":"2013-02-28T14:40:07","slug":"el-campo-bonaerense-se-reune-en-miramar-para-debatir-la-presion-impositiva","status":"publish","type":"post","link":"https:\/\/www.24baires.com\/?p=16964","title":{"rendered":"El Campo bonaerense se re\u00fane en Miramar para debatir la \u00abpresi\u00f3n impositiva\u00bb"},"content":{"rendered":"<p><img data-recalc-dims=\"1\" loading=\"lazy\" decoding=\"async\" class=\"alignleft size-full wp-image-16965\" alt=\"campo piquete\" src=\"https:\/\/i0.wp.com\/www.24baires.com\/wp-content\/uploads\/2013\/02\/campo-piquete.png?resize=250%2C175\" width=\"250\" height=\"175\" \/>La Confederaci\u00f3n de Asociaciones Rurales de Buenos Aires y la Pampa (Carbap) finalizar\u00e1 este jueves su reuni\u00f3n mensual de Consejo Directivo en Miramar, partido de General Alvarado, para analizar la \u201cpresi\u00f3n impositiva\u201d. <!--more--><\/p>\n<p>Si bien ayer hubo reuniones de comisi\u00f3n, hoy ser\u00e1 el d\u00eda en el que deliberar\u00e1n las 114 sociedades rurales de Buenos Aires y la Pampa nucleadas en la entidad agropecuaria sobre presi\u00f3n impositiva nacional y provincial y situaci\u00f3n de carne, trigo, leche y otras producciones.<\/p>\n<p>La semana pasada, Carbap elev\u00f3 su queja al Gobierno provincial por la falta de respuestas frente a los reclamos de revisi\u00f3n del impuesto a la multipropiedad, calificado como \u201cinequitativo\u201d por la entidad agropecuaria.<\/p>\n<p>Mediante un comunicado, sostuvo que, pasado un mes de la reuni\u00f3n mantenida entre t\u00e9cnicos de la entidad y representantes del Ministerio de Asuntos Agrarios y de Econom\u00eda, a\u00fan no recibieron un llamado para un nuevo encuentro en el que, supuestamente, deber\u00edan analizarse cambios en el impuesto a la \u201cmultipropiedad\u201d, que grava con un \u201cplus\u201d a aquellas personas que posean m\u00e1s de una vivienda o un campo. Justamente estos ser\u00e1n los principales puntos que de discutir\u00e1n con representantes de todas las rurales.<\/p>\n<p>&nbsp;<\/p>\n<p>&nbsp;<\/p>\n<p>&nbsp;<\/p>\n<p>&nbsp;<\/p>\n<p>&nbsp;<\/p>\n<p>&nbsp;<\/p>\n<p>&nbsp;<\/p>\n<p>&nbsp;<\/p>\n<p>&nbsp;<\/p>\n<p>&nbsp;<\/p>\n<p>&nbsp;<\/p>\n<p>&nbsp;<\/p>\n<p>&nbsp;<\/p>\n<p>&nbsp;<\/p>\n<p>&nbsp;<\/p>\n<p>&nbsp;<\/p>\n<p>&nbsp;<\/p>\n","protected":false},"excerpt":{"rendered":"<p>La Confederaci\u00f3n de Asociaciones Rurales de Buenos Aires y la Pampa (Carbap) finalizar\u00e1 este jueves su reuni\u00f3n mensual de Consejo Directivo en Miramar, partido de General Alvarado, para analizar la \u201cpresi\u00f3n impositiva\u201d.<\/p>\n","protected":false},"author":4,"featured_media":0,"comment_status":"open","ping_status":"open","sticky":false,"template":"","format":"standard","meta":{"_jetpack_newsletter_access":"","_jetpack_dont_email_post_to_subs":false,"_jetpack_newsletter_tier_id":0,"_jetpack_memberships_contains_paywalled_content":false,"_jetpack_memberships_contains_paid_content":false,"footnotes":""},"categories":[1],"tags":[],"class_list":["post-16964","post","type-post","status-publish","format-standard","hentry","category-sociedad"],"jetpack_featured_media_url":"","jetpack_shortlink":"https:\/\/wp.me\/p2JWE0-4pC","jetpack-related-posts":[{"id":16719,"url":"https:\/\/www.24baires.com\/?p=16719","url_meta":{"origin":16964,"position":0},"title":"Entidades de Carbap se reunir\u00e1n en Miramar esta semana","author":"AF","date":"25\/02\/2013","format":false,"excerpt":"La Confederaci\u00f3n de Asociaciones Rurales de Buenos Aires y la Pampa (Carbap) realizar\u00e1 el mi\u00e9rcoles 27 y jueves 28 su reuni\u00f3n mensual de Consejo Directivo en la ciudad bonaerense de Miramar, partido de General Alvarado. El d\u00eda jueves deliberar\u00e1n las 114 sociedades rurales de Buenos Aires y la Pampa nucleadas\u2026","rel":"","context":"En \u00abSociedad\u00bb","block_context":{"text":"Sociedad","link":"https:\/\/www.24baires.com\/?cat=1"},"img":{"alt_text":"","src":"","width":0,"height":0},"classes":[]},{"id":111678,"url":"https:\/\/www.24baires.com\/?p=111678","url_meta":{"origin":16964,"position":1},"title":"Desde CARBAP advierten que \u201csi se lo quieren llevar puesto, el campo va a reaccionar\u201d","author":"GB","date":"17\/08\/2019","format":false,"excerpt":"La entidad ruralista organizar\u00e1 un encuentro para conocer de primera mano las propuestas de los cinco candidatos a gobernador por Buenos Aires. Entre los temas que m\u00e1s preocupan figuran la presi\u00f3n impositiva y los caminos rurales y anticipan que no quieren cambios bruscos en materia de pol\u00edticas para el sector.\u2026","rel":"","context":"En \u00abProvincia\u00bb","block_context":{"text":"Provincia","link":"https:\/\/www.24baires.com\/?cat=40"},"img":{"alt_text":"","src":"https:\/\/i0.wp.com\/www.24baires.com\/wp-content\/uploads\/2019\/08\/campo.jpg?resize=350%2C200","width":350,"height":200,"srcset":"https:\/\/i0.wp.com\/www.24baires.com\/wp-content\/uploads\/2019\/08\/campo.jpg?resize=350%2C200 1x, https:\/\/i0.wp.com\/www.24baires.com\/wp-content\/uploads\/2019\/08\/campo.jpg?resize=525%2C300 1.5x"},"classes":[]},{"id":5731,"url":"https:\/\/www.24baires.com\/?p=5731","url_meta":{"origin":16964,"position":2},"title":"Piden que se efectivicen los beneficios de la emergencia agropecuaria por las inundaciones","author":"Grupo Sierra","date":"16\/11\/2012","format":false,"excerpt":"Tras la designaci\u00f3n de otros 16 distritos bonaerenses en situaci\u00f3n de emergencia o desastre agropecuario, la Confederaci\u00f3n de Asociaciones Rurales de Buenos Aires y La Pampa (Carbap) solicit\u00f3 que se efectivicen los beneficios para los productores afectados. En di\u00e1logo con InfoGEI, Ignacio Azcueta, delegado de Carbap ante la Comisi\u00f3n de\u2026","rel":"","context":"En \u00abProvincia\u00bb","block_context":{"text":"Provincia","link":"https:\/\/www.24baires.com\/?cat=40"},"img":{"alt_text":"","src":"","width":0,"height":0},"classes":[]},{"id":4087,"url":"https:\/\/www.24baires.com\/?p=4087","url_meta":{"origin":16964,"position":3},"title":"Fuerte preocupaci\u00f3n de CARBAP por la Ley Fiscal 2013","author":"AF","date":"01\/11\/2012","format":false,"excerpt":"La Confederaci\u00f3n de Asociaciones Rurales de Buenos Aires y La Pampa (CARPAB) expres\u00f3 su preocupaci\u00f3n por la posible sanci\u00f3n del proyecto de ley fiscal 2013, el cual contiene art\u00edculos que agravar\u00eda la situaci\u00f3n de los productores agropecuarios, mas a\u00fan luego de las inclemencias clim\u00e1ticas recibidas en los \u00faltimos d\u00edas. En\u2026","rel":"","context":"En \u00abEconom\u00eda\u00bb","block_context":{"text":"Econom\u00eda","link":"https:\/\/www.24baires.com\/?cat=45"},"img":{"alt_text":"","src":"","width":0,"height":0},"classes":[]},{"id":113709,"url":"https:\/\/www.24baires.com\/?p=113709","url_meta":{"origin":16964,"position":4},"title":"Tractorazos en la Provincia contra las retenciones y el inmobiliario rural","author":"AF","date":"07\/01\/2020","format":false,"excerpt":"Se dieron movilizaciones de productores rurales en Pergamino y Saliquel\u00f3. Este martes, los productores agropecuarios se hicieron escuchar nuevamente en la provincia de Buenos Aires. En nuevos tractorazos en los distritos de Salliquel\u00f3 y Pergamino, manifestaron su descontento por el aumento de las retenciones y de los impuestos provinciales y\u2026","rel":"","context":"En \u00abProvincia\u00bb","block_context":{"text":"Provincia","link":"https:\/\/www.24baires.com\/?cat=40"},"img":{"alt_text":"","src":"https:\/\/i0.wp.com\/www.24baires.com\/wp-content\/uploads\/2014\/10\/federaci%C3%B3n-agragria-corte-campo-protesta-tractor.jpg?resize=350%2C200","width":350,"height":200,"srcset":"https:\/\/i0.wp.com\/www.24baires.com\/wp-content\/uploads\/2014\/10\/federaci%C3%B3n-agragria-corte-campo-protesta-tractor.jpg?resize=350%2C200 1x, https:\/\/i0.wp.com\/www.24baires.com\/wp-content\/uploads\/2014\/10\/federaci%C3%B3n-agragria-corte-campo-protesta-tractor.jpg?resize=525%2C300 1.5x"},"classes":[]},{"id":13237,"url":"https:\/\/www.24baires.com\/?p=13237","url_meta":{"origin":16964,"position":5},"title":"La Provincia y el campo se juntan para analizar esquemas impositivos del sector","author":"AF","date":"23\/01\/2013","format":false,"excerpt":"La comisi\u00f3n mixta para analizar los reclamos impositivos del sector agropecuario comenzar\u00e1 a funcionar este mi\u00e9rcoles y estar\u00e1 integrada por t\u00e9cnicos del Gobierno bonaerense y los referentes de las principales entidades del campo en la provincia, Carbap, Federaci\u00f3n Agraria Argentina, Sociedad Rural y Coninagro. El acuerdo entre la Provincia y\u2026","rel":"","context":"En \u00abEconom\u00eda\u00bb","block_context":{"text":"Econom\u00eda","link":"https:\/\/www.24baires.com\/?cat=45"},"img":{"alt_text":"","src":"","width":0,"height":0},"classes":[]}],"jetpack_sharing_enabled":true,"jetpack_likes_enabled":true,"_links":{"self":[{"href":"https:\/\/www.24baires.com\/index.php?rest_route=\/wp\/v2\/posts\/16964","targetHints":{"allow":["GET"]}}],"collection":[{"href":"https:\/\/www.24baires.com\/index.php?rest_route=\/wp\/v2\/posts"}],"about":[{"href":"https:\/\/www.24baires.com\/index.php?rest_route=\/wp\/v2\/types\/post"}],"author":[{"embeddable":true,"href":"https:\/\/www.24baires.com\/index.php?rest_route=\/wp\/v2\/users\/4"}],"replies":[{"embeddable":true,"href":"https:\/\/www.24baires.com\/index.php?rest_route=%2Fwp%2Fv2%2Fcomments&post=16964"}],"version-history":[{"count":2,"href":"https:\/\/www.24baires.com\/index.php?rest_route=\/wp\/v2\/posts\/16964\/revisions"}],"predecessor-version":[{"id":16967,"href":"https:\/\/www.24baires.com\/index.php?rest_route=\/wp\/v2\/posts\/16964\/revisions\/16967"}],"wp:attachment":[{"href":"https:\/\/www.24baires.com\/index.php?rest_route=%2Fwp%2Fv2%2Fmedia&parent=16964"}],"wp:term":[{"taxonomy":"category","embeddable":true,"href":"https:\/\/www.24baires.com\/index.php?rest_route=%2Fwp%2Fv2%2Fcategories&post=16964"},{"taxonomy":"post_tag","embeddable":true,"href":"https:\/\/www.24baires.com\/index.php?rest_route=%2Fwp%2Fv2%2Ftags&post=16964"}],"curies":[{"name":"wp","href":"https:\/\/api.w.org\/{rel}","templated":true}]}}