{"id":1694,"date":"2012-10-11T18:50:23","date_gmt":"2012-10-11T21:50:23","guid":{"rendered":"http:\/\/www.24baires.com\/?p=1694"},"modified":"2012-10-12T15:20:48","modified_gmt":"2012-10-12T18:20:48","slug":"otra-vez-sin-quorum-el-plenario-del-consejo-de-la-magistratura-que-decidia-juez-para-el-art-161-de-la-ley-de-medios","status":"publish","type":"post","link":"https:\/\/www.24baires.com\/?p=1694","title":{"rendered":"Otra vez sin qu\u00f3rum el plenario del Consejo de la Magistratura que decid\u00eda Juez para el Art. 161 de la Ley de Medios"},"content":{"rendered":"<p><img data-recalc-dims=\"1\" loading=\"lazy\" decoding=\"async\" class=\"aligncenter size-full wp-image-1695\" title=\"consejo magistratura\" src=\"https:\/\/i0.wp.com\/www.24baires.com\/wp-content\/uploads\/2012\/10\/consejo-magistratura.jpg?resize=560%2C335\" alt=\"\" width=\"560\" height=\"335\" srcset=\"https:\/\/i0.wp.com\/www.24baires.com\/wp-content\/uploads\/2012\/10\/consejo-magistratura.jpg?w=560&amp;ssl=1 560w, https:\/\/i0.wp.com\/www.24baires.com\/wp-content\/uploads\/2012\/10\/consejo-magistratura.jpg?resize=300%2C179&amp;ssl=1 300w\" sizes=\"auto, (max-width: 560px) 100vw, 560px\" \/><\/p>\n<p>El Consejo resolvi\u00f3 suspender la sesi\u00f3n en la que se deb\u00eda tratar la terna para ocupar cinco juzgados, entre ellos, el que debe fallar sobre la cl\u00e1usula de desinversi\u00f3n de la ley de Medios objetada por Clar\u00edn.<!--more--><\/p>\n<p>Pasadas las 17:10, se dio a conocer una resoluci\u00f3n en la que se expresaba que \u00abhabiendo transcurrido m\u00e1s de los 30 minutos que contempla el reglamento de la C\u00e1mara Diputados, se dispone suspender reuni\u00f3n del plenario por falta de quorum\u00bb.<\/p>\n","protected":false},"excerpt":{"rendered":"<p>El Consejo resolvi\u00f3 suspender la sesi\u00f3n en la que se deb\u00eda tratar la terna para ocupar cinco juzgados, entre ellos, el que debe fallar sobre la cl\u00e1usula de desinversi\u00f3n de la ley de Medios objetada por Clar\u00edn.<\/p>\n","protected":false},"author":11,"featured_media":0,"comment_status":"open","ping_status":"open","sticky":false,"template":"","format":"standard","meta":{"_jetpack_newsletter_access":"","_jetpack_dont_email_post_to_subs":false,"_jetpack_newsletter_tier_id":0,"_jetpack_memberships_contains_paywalled_content":false,"_jetpack_memberships_contains_paid_content":false,"footnotes":""},"categories":[54],"tags":[],"class_list":["post-1694","post","type-post","status-publish","format-standard","hentry","category-medios"],"jetpack_featured_media_url":"","jetpack_shortlink":"https:\/\/wp.me\/p2JWE0-rk","jetpack-related-posts":[{"id":113502,"url":"https:\/\/www.24baires.com\/?p=113502","url_meta":{"origin":1694,"position":0},"title":"El Frente de Todos obtuvo dictamen de mayor\u00eda al proyecto de Ley de Solidaridad Social","author":"GB","date":"19\/12\/2019","format":false,"excerpt":"El megaproyecto de medidas econ\u00f3micas que envi\u00f3 el Ejecutivo ser\u00e1 tratado este jueves desde las 15 por el Plenario. El interbloque del Frente de Todosde la C\u00e1mara de Diputadosconsigui\u00f3 este mi\u00e9rcoles en un plenario de comisiones las firmas necesarias para emitir el dictamen de mayor\u00eda del proyecto de ley de\u2026","rel":"","context":"En \u00abPol\u00edtica\u00bb","block_context":{"text":"Pol\u00edtica","link":"https:\/\/www.24baires.com\/?cat=51"},"img":{"alt_text":"","src":"https:\/\/i0.wp.com\/www.24baires.com\/wp-content\/uploads\/2018\/06\/diputados.jpg?resize=350%2C200","width":350,"height":200,"srcset":"https:\/\/i0.wp.com\/www.24baires.com\/wp-content\/uploads\/2018\/06\/diputados.jpg?resize=350%2C200 1x, https:\/\/i0.wp.com\/www.24baires.com\/wp-content\/uploads\/2018\/06\/diputados.jpg?resize=525%2C300 1.5x"},"classes":[]},{"id":24604,"url":"https:\/\/www.24baires.com\/?p=24604","url_meta":{"origin":1694,"position":1},"title":"Se trata en Diputados el blanqueo de divisas","author":"Grupo Sierra","date":"29\/05\/2013","format":false,"excerpt":"La C\u00e1mara de Diputados comenz\u00f3 a las 12.15 la sesi\u00f3n en la que se debatir\u00e1 el proyecto de ley impulsado por el Poder Ejecutivo, y que ayer recibi\u00f3 dictamen en un plenario de comisiones. Con 131 diputados presentes, el oficialismo logr\u00f3 reunir qu\u00f3rum y buscar\u00e1 convertir hoy en ley la\u2026","rel":"","context":"En \u00abEconom\u00eda\u00bb","block_context":{"text":"Econom\u00eda","link":"https:\/\/www.24baires.com\/?cat=45"},"img":{"alt_text":"diputados4","src":"https:\/\/i0.wp.com\/www.24baires.com\/wp-content\/uploads\/2012\/11\/diputados4.jpg?resize=350%2C200","width":350,"height":200,"srcset":"https:\/\/i0.wp.com\/www.24baires.com\/wp-content\/uploads\/2012\/11\/diputados4.jpg?resize=350%2C200 1x, https:\/\/i0.wp.com\/www.24baires.com\/wp-content\/uploads\/2012\/11\/diputados4.jpg?resize=525%2C300 1.5x"},"classes":[]},{"id":16920,"url":"https:\/\/www.24baires.com\/?p=16920","url_meta":{"origin":1694,"position":2},"title":"Contin\u00faa el debate en la C\u00e1mara de Diputados por el entendimiento con Ir\u00e1n","author":"Grupo Sierra","date":"27\/02\/2013","format":false,"excerpt":"La C\u00e1mara baja inici\u00f3 el debate a las 12.32 para buscar convertir en ley la ratificaci\u00f3n del acuerdo suscripto entre Argentina e Ir\u00e1n para que sean interrogados los funcionarios acusados de participar en el atentado a la AMIA. Durante la sesi\u00f3n, que se inici\u00f3 con la presencia de 132 legisladores\u2026","rel":"","context":"En \u00abPol\u00edtica\u00bb","block_context":{"text":"Pol\u00edtica","link":"https:\/\/www.24baires.com\/?cat=51"},"img":{"alt_text":"sesion especial amia","src":"https:\/\/i0.wp.com\/www.24baires.com\/wp-content\/uploads\/2013\/02\/sesion-especial-amia-300x199.jpg?resize=350%2C200","width":350,"height":200},"classes":[]},{"id":21053,"url":"https:\/\/www.24baires.com\/?p=21053","url_meta":{"origin":1694,"position":3},"title":"El Senado vota este mi\u00e9rcoles tres proyectos clave para la reforma judicial","author":"AF","date":"15\/04\/2013","format":false,"excerpt":"Desde el pr\u00f3ximo mi\u00e9rcoles, la c\u00e1mara alta debatir\u00e1 las normas del voto popular para elegir a los miembros del Consejo de la Magistratura, la regulaci\u00f3n de las medidas cautelares y la creaci\u00f3n de tres tribunales de Casaci\u00f3n. Las tres normas ya tienen dictamen fruto de un plenario de las comisiones\u2026","rel":"","context":"En \u00abPol\u00edtica\u00bb","block_context":{"text":"Pol\u00edtica","link":"https:\/\/www.24baires.com\/?cat=51"},"img":{"alt_text":"","src":"","width":0,"height":0},"classes":[]},{"id":116875,"url":"https:\/\/www.24baires.com\/?p=116875","url_meta":{"origin":1694,"position":4},"title":"El Senado comienza el tratamiento en comisi\u00f3n del proyecto de legalizaci\u00f3n del aborto","author":"GB","date":"14\/12\/2020","format":false,"excerpt":"El Senado comenzar\u00e1 hoy el tratamiento en comisi\u00f3n del proyecto de Ley de Interrupci\u00f3n Voluntaria del Embarazo (IVE), aprobado el viernes por la C\u00e1mara de Diputados, con la intenci\u00f3n que la firma del dictamen sea en los pr\u00f3ximos d\u00edas y que pueda ser tratado en el recinto el pr\u00f3ximo 29,\u2026","rel":"","context":"En \u00abPol\u00edtica\u00bb","block_context":{"text":"Pol\u00edtica","link":"https:\/\/www.24baires.com\/?cat=51"},"img":{"alt_text":"","src":"https:\/\/i0.wp.com\/www.24baires.com\/wp-content\/uploads\/2020\/06\/senado.jpg?resize=350%2C200","width":350,"height":200,"srcset":"https:\/\/i0.wp.com\/www.24baires.com\/wp-content\/uploads\/2020\/06\/senado.jpg?resize=350%2C200 1x, https:\/\/i0.wp.com\/www.24baires.com\/wp-content\/uploads\/2020\/06\/senado.jpg?resize=525%2C300 1.5x"},"classes":[]},{"id":76775,"url":"https:\/\/www.24baires.com\/?p=76775","url_meta":{"origin":1694,"position":5},"title":"Suspenden a juez federal por una causa narco","author":"GB","date":"22\/12\/2015","format":false,"excerpt":"El juez federal de Or\u00e1n, Juan Ra\u00fal Reynoso, fue suspendido por el Consejo de la Magistratura y comenzar\u00e1 el proceso para el jury. El Consejo de la Magistratura resolvi\u00f3 esta tarde suspender en sus funciones e iniciar un juicio pol\u00edtico a Reynoso, quien est\u00e1 imputado en una causa por liderar\u2026","rel":"","context":"En \u00abPol\u00edtica\u00bb","block_context":{"text":"Pol\u00edtica","link":"https:\/\/www.24baires.com\/?cat=51"},"img":{"alt_text":"reynoso","src":"https:\/\/i0.wp.com\/www.24baires.com\/wp-content\/uploads\/2015\/12\/reynoso.jpg?resize=350%2C200","width":350,"height":200,"srcset":"https:\/\/i0.wp.com\/www.24baires.com\/wp-content\/uploads\/2015\/12\/reynoso.jpg?resize=350%2C200 1x, https:\/\/i0.wp.com\/www.24baires.com\/wp-content\/uploads\/2015\/12\/reynoso.jpg?resize=525%2C300 1.5x"},"classes":[]}],"jetpack_sharing_enabled":true,"jetpack_likes_enabled":true,"_links":{"self":[{"href":"https:\/\/www.24baires.com\/index.php?rest_route=\/wp\/v2\/posts\/1694","targetHints":{"allow":["GET"]}}],"collection":[{"href":"https:\/\/www.24baires.com\/index.php?rest_route=\/wp\/v2\/posts"}],"about":[{"href":"https:\/\/www.24baires.com\/index.php?rest_route=\/wp\/v2\/types\/post"}],"author":[{"embeddable":true,"href":"https:\/\/www.24baires.com\/index.php?rest_route=\/wp\/v2\/users\/11"}],"replies":[{"embeddable":true,"href":"https:\/\/www.24baires.com\/index.php?rest_route=%2Fwp%2Fv2%2Fcomments&post=1694"}],"version-history":[{"count":0,"href":"https:\/\/www.24baires.com\/index.php?rest_route=\/wp\/v2\/posts\/1694\/revisions"}],"wp:attachment":[{"href":"https:\/\/www.24baires.com\/index.php?rest_route=%2Fwp%2Fv2%2Fmedia&parent=1694"}],"wp:term":[{"taxonomy":"category","embeddable":true,"href":"https:\/\/www.24baires.com\/index.php?rest_route=%2Fwp%2Fv2%2Fcategories&post=1694"},{"taxonomy":"post_tag","embeddable":true,"href":"https:\/\/www.24baires.com\/index.php?rest_route=%2Fwp%2Fv2%2Ftags&post=1694"}],"curies":[{"name":"wp","href":"https:\/\/api.w.org\/{rel}","templated":true}]}}