{"id":16934,"date":"2013-02-27T20:09:35","date_gmt":"2013-02-27T23:09:35","guid":{"rendered":"http:\/\/www.24baires.com\/?p=16934"},"modified":"2013-02-27T20:09:35","modified_gmt":"2013-02-27T23:09:35","slug":"exigen-la-intervencion-judicial-de-canal-13-y-declarar-nula-su-licitacion","status":"publish","type":"post","link":"https:\/\/www.24baires.com\/?p=16934","title":{"rendered":"Exigen la intervenci\u00f3n judicial de Canal 13 y declarar nula su licitaci\u00f3n"},"content":{"rendered":"<p><img data-recalc-dims=\"1\" loading=\"lazy\" decoding=\"async\" class=\"alignleft size-full wp-image-16935\" alt=\"Canal 13\" src=\"https:\/\/i0.wp.com\/www.24baires.com\/wp-content\/uploads\/2013\/02\/Canal-13.jpg?resize=260%2C173\" width=\"260\" height=\"173\" \/>El ex delegado del personal de Artear S.A., Jos\u00e9 Carbonelli, solicit\u00f3 en la Justicia la intervenci\u00f3n judicial de Canal 13 y la declaraci\u00f3n de nulidad de la licitaci\u00f3n y privatizaci\u00f3n de la emisora.<!--more--><br \/>\nEl reclamo se fundamenta, entre otras pruebas en el informe de la Sindicatura General de la Naci\u00f3n (Sigen) que corrobor\u00f3 graves irregularidades, entre otras la condonaci\u00f3n de una deuda millonaria del ex presidente Carlos Menem a la empresa Artear S.A. del Grupo Clar\u00edn, en un valor de m\u00e1s de 310 millones de d\u00f3lares por deudas impagas al Comit\u00e9 Federal de Radiodifusi\u00f3n, sostuvo el ex delegado.<\/p>\n<p>Del mismo modo denunci\u00f3 \u201cel precio vil en que el Grupo Clar\u00edn adquiri\u00f3 impunemente la Licencia al Estado a un valor de 5 millones de d\u00f3lares, mientras pagaba a su vez cerca de 10.000.000 de d\u00f3lares por su compra un Canal de Cable privado de barrio, de solo 15 mil abonados en la localidad de Avellaneda\u00bb.<\/p>\n<p>Carbonelli destac\u00f3 que \u201cen el mismo informe, la Sigen comprueba que en el per\u00edodo comprendido entre los a\u00f1os 2002 y 2008 la empresa Artear S.A. cometi\u00f3 m\u00e1s de 1.000 infracciones a la Ley 22.285, afirmando a la vez, que ante las reiteradas infracciones a la Ley vigente tornar\u00eda aplicarle lo previsto en el el art. 85; son causales de caducidad de la Licencia el incumplimiento grave y reiterado de esta Ley\u201d<\/p>\n<p>Asimismo, inform\u00f3 que reclamaron \u201cla reparaci\u00f3n indemnizatoria a los trabajadores cesanteados del pago de los 120.000.000 de d\u00f3lares por el 10 % del Programa de Propiedad Participada que cobraron todos los empleados de las empresas que fueron privatizadas, mientras el Grupo Clar\u00edn no pag\u00f3 un solo peso\u00bb.<\/p>\n<p>&nbsp;<\/p>\n<p>&nbsp;<\/p>\n<p>&nbsp;<\/p>\n<p>&nbsp;<\/p>\n<p>&nbsp;<\/p>\n<p>&nbsp;<\/p>\n<p>&nbsp;<\/p>\n<p>&nbsp;<\/p>\n<p>&nbsp;<\/p>\n<p>&nbsp;<\/p>\n<p>&nbsp;<\/p>\n<p>&nbsp;<\/p>\n<p>&nbsp;<\/p>\n<p>&nbsp;<\/p>\n<p>&nbsp;<\/p>\n","protected":false},"excerpt":{"rendered":"<p>El ex delegado del personal de Artear S.A., Jos\u00e9 Carbonelli, solicit\u00f3 en la Justicia la intervenci\u00f3n judicial de Canal 13 y la declaraci\u00f3n de nulidad de la licitaci\u00f3n y privatizaci\u00f3n de la emisora.<\/p>\n","protected":false},"author":4,"featured_media":0,"comment_status":"open","ping_status":"open","sticky":false,"template":"","format":"standard","meta":{"_jetpack_newsletter_access":"","_jetpack_dont_email_post_to_subs":false,"_jetpack_newsletter_tier_id":0,"_jetpack_memberships_contains_paywalled_content":false,"_jetpack_memberships_contains_paid_content":false,"footnotes":""},"categories":[54,1],"tags":[],"class_list":["post-16934","post","type-post","status-publish","format-standard","hentry","category-medios","category-sociedad"],"jetpack_featured_media_url":"","jetpack_shortlink":"https:\/\/wp.me\/p2JWE0-4p8","jetpack-related-posts":[{"id":4650,"url":"https:\/\/www.24baires.com\/?p=4650","url_meta":{"origin":16934,"position":0},"title":"Trabajadores despedidos del Grupo Clar\u00edn marchar\u00e1n contra de la \u00abapropiaci\u00f3n irregular\u00bb de Canal 13","author":"AF","date":"07\/11\/2012","format":false,"excerpt":"\u00a0 Trabajadores despedidos del Grupo Clar\u00edn se movilizar\u00e1n este mi\u00e9rcoles al Congreso para denunciar la \"apropiaci\u00f3n irregular de Canal 13\" y reclamar por los \"desfalcos millonarios contra el Estado y los empleados\" del multimedio. El ex delegado del personal de Canal 13 (Artear S.A\/Grupo Clar\u00edn) Jos\u00e9 Carbonelli sostuvo que existi\u00f3\u2026","rel":"","context":"En \u00abSociedad\u00bb","block_context":{"text":"Sociedad","link":"https:\/\/www.24baires.com\/?cat=1"},"img":{"alt_text":"","src":"","width":0,"height":0},"classes":[]},{"id":46639,"url":"https:\/\/www.24baires.com\/?p=46639","url_meta":{"origin":16934,"position":1},"title":"Solicitan la declaraci\u00f3n de Magnetto y Menem por apropiaci\u00f3n irregular de Canal 13","author":"AF","date":"24\/05\/2014","format":false,"excerpt":"Lo hizo ante la Justicia un ex delegado sindical del canal que denunci\u00f3 a los due\u00f1os del Grupon Clar\u00edn por \u201casociaci\u00f3n il\u00edcita y encubrimiento de terrorismo de Estado\u201d, y al ex presidente de la naci\u00f3n por \u201capropiaci\u00f3n irregular\" de la se\u00f1al de TV por parte del multimedio y la violaci\u00f3n\u2026","rel":"","context":"En \u00abMedios\u00bb","block_context":{"text":"Medios","link":"https:\/\/www.24baires.com\/?cat=54"},"img":{"alt_text":"menem magnetto","src":"https:\/\/i0.wp.com\/www.24baires.com\/wp-content\/uploads\/2014\/05\/menem-magnetto.jpg?resize=350%2C200","width":350,"height":200,"srcset":"https:\/\/i0.wp.com\/www.24baires.com\/wp-content\/uploads\/2014\/05\/menem-magnetto.jpg?resize=350%2C200 1x, https:\/\/i0.wp.com\/www.24baires.com\/wp-content\/uploads\/2014\/05\/menem-magnetto.jpg?resize=525%2C300 1.5x"},"classes":[]},{"id":38822,"url":"https:\/\/www.24baires.com\/?p=38822","url_meta":{"origin":16934,"position":2},"title":"Menem les condon\u00f3 u$s 310 millones de deuda y Clar\u00edn habla de canales estatales deficitarios","author":"Grupo Sierra","date":"19\/01\/2014","format":false,"excerpt":"El ex delegado gremial de Artear Jos\u00e9 Carbonelli acus\u00f3 al CEO de Clar\u00edn, H\u00e9ctor Magnetto, de \"inmoral\" porque argument\u00f3 que \"mientras (el expresidente Carlos) Menem les condon\u00f3 310 millones de d\u00f3lares por deudas impagas al Estado, hoy Clar\u00edn publica que canales estatales generaron deudas millonarias al Estado\u201d. \"Luego de beneficiarse\u2026","rel":"","context":"En \u00abMedios\u00bb","block_context":{"text":"Medios","link":"https:\/\/www.24baires.com\/?cat=54"},"img":{"alt_text":"","src":"","width":0,"height":0},"classes":[]},{"id":61661,"url":"https:\/\/www.24baires.com\/?p=61661","url_meta":{"origin":16934,"position":3},"title":"Presentan al juez pruebas que \u00abconfirman la apropiaci\u00f3n irregular de Canal 13 por el Grupo Clar\u00edn\u00bb","author":"GB","date":"12\/02\/2015","format":false,"excerpt":"El ex delegado gremial Jos\u00e9 Carbonelli present\u00f3 esta semana ante Sergio Torres pruebas que, asever\u00f3, \u201cconfirman contundentemente que el Grupo Clar\u00edn se apropi\u00f3 irregularmente\u201d de la emisora. \u201cSe prob\u00f3 que entre el ex presidente Carlos Menem y el grupo monop\u00f3lico representado por H\u00e9ctor Magnetto celebraron un contrato nulo, de nulidad\u2026","rel":"","context":"En \u00abMedios\u00bb","block_context":{"text":"Medios","link":"https:\/\/www.24baires.com\/?cat=54"},"img":{"alt_text":"clar\u00edn","src":"https:\/\/i0.wp.com\/www.24baires.com\/wp-content\/uploads\/2014\/10\/clar%C3%ADn.jpg?resize=350%2C200","width":350,"height":200,"srcset":"https:\/\/i0.wp.com\/www.24baires.com\/wp-content\/uploads\/2014\/10\/clar%C3%ADn.jpg?resize=350%2C200 1x, https:\/\/i0.wp.com\/www.24baires.com\/wp-content\/uploads\/2014\/10\/clar%C3%ADn.jpg?resize=525%2C300 1.5x"},"classes":[]},{"id":11240,"url":"https:\/\/www.24baires.com\/?p=11240","url_meta":{"origin":16934,"position":4},"title":"Avanza la causa penal contra Magnetto y otros por \u00abla apropiaci\u00f3n irregular de Canal 13\u00bb","author":"Grupo Sierra","date":"04\/01\/2013","format":false,"excerpt":"El ex delegado del personal de Canal 13, Jos\u00e9 Carbonelli, denunci\u00f3 penalmente \u201cpor asociaci\u00f3n il\u00edcita y por encubrimiento al delito por terrorismo de Estado\u201d a los due\u00f1os del Grupo Clar\u00edn, H\u00e9ctor Magnetto, Lucio Pagliaro, Ernestina Herrera de Noble, adem\u00e1s de los funcionarios Alberto Fern\u00e1ndez, Julio B\u00e1rbaro\u00a0y al ex Presidente Carlos\u2026","rel":"","context":"En \u00abMedios\u00bb","block_context":{"text":"Medios","link":"https:\/\/www.24baires.com\/?cat=54"},"img":{"alt_text":"","src":"","width":0,"height":0},"classes":[]},{"id":112400,"url":"https:\/\/www.24baires.com\/?p=112400","url_meta":{"origin":16934,"position":5},"title":"El Poder Judicial investiga las escandalosas concesiones a favor de los Macri","author":"AF","date":"07\/10\/2019","format":false,"excerpt":"Fraude al Estado, abuso de autoridad y negociaciones incompatibles con la funci\u00f3n p\u00fablica son los delitos que investiga el juez Canicoba Corral. Ahora apareci\u00f3 el nombre el ex ministro de Econom\u00eda entre los investigados, que se suma al propio Mauricio Macri y Javier Iguacel. El rol de Nicol\u00e1s Dujovne qued\u00f3\u2026","rel":"","context":"En \u00abSociedad\u00bb","block_context":{"text":"Sociedad","link":"https:\/\/www.24baires.com\/?cat=1"},"img":{"alt_text":"","src":"https:\/\/i0.wp.com\/www.24baires.com\/wp-content\/uploads\/2018\/10\/dujovne.png?resize=350%2C200","width":350,"height":200,"srcset":"https:\/\/i0.wp.com\/www.24baires.com\/wp-content\/uploads\/2018\/10\/dujovne.png?resize=350%2C200 1x, https:\/\/i0.wp.com\/www.24baires.com\/wp-content\/uploads\/2018\/10\/dujovne.png?resize=525%2C300 1.5x"},"classes":[]}],"jetpack_sharing_enabled":true,"jetpack_likes_enabled":true,"_links":{"self":[{"href":"https:\/\/www.24baires.com\/index.php?rest_route=\/wp\/v2\/posts\/16934","targetHints":{"allow":["GET"]}}],"collection":[{"href":"https:\/\/www.24baires.com\/index.php?rest_route=\/wp\/v2\/posts"}],"about":[{"href":"https:\/\/www.24baires.com\/index.php?rest_route=\/wp\/v2\/types\/post"}],"author":[{"embeddable":true,"href":"https:\/\/www.24baires.com\/index.php?rest_route=\/wp\/v2\/users\/4"}],"replies":[{"embeddable":true,"href":"https:\/\/www.24baires.com\/index.php?rest_route=%2Fwp%2Fv2%2Fcomments&post=16934"}],"version-history":[{"count":2,"href":"https:\/\/www.24baires.com\/index.php?rest_route=\/wp\/v2\/posts\/16934\/revisions"}],"predecessor-version":[{"id":16937,"href":"https:\/\/www.24baires.com\/index.php?rest_route=\/wp\/v2\/posts\/16934\/revisions\/16937"}],"wp:attachment":[{"href":"https:\/\/www.24baires.com\/index.php?rest_route=%2Fwp%2Fv2%2Fmedia&parent=16934"}],"wp:term":[{"taxonomy":"category","embeddable":true,"href":"https:\/\/www.24baires.com\/index.php?rest_route=%2Fwp%2Fv2%2Fcategories&post=16934"},{"taxonomy":"post_tag","embeddable":true,"href":"https:\/\/www.24baires.com\/index.php?rest_route=%2Fwp%2Fv2%2Ftags&post=16934"}],"curies":[{"name":"wp","href":"https:\/\/api.w.org\/{rel}","templated":true}]}}