{"id":16913,"date":"2013-02-27T19:00:02","date_gmt":"2013-02-27T22:00:02","guid":{"rendered":"http:\/\/www.24baires.com\/?p=16913"},"modified":"2013-02-27T16:52:51","modified_gmt":"2013-02-27T19:52:51","slug":"bonafini-declaro-ante-oyarbide-sergio-schoklender-comandaba-todo","status":"publish","type":"post","link":"https:\/\/www.24baires.com\/?p=16913","title":{"rendered":"Bonafini declar\u00f3 ante Oyarbide: \u00abSergio Schoklender comandaba todo\u00bb"},"content":{"rendered":"<p><img data-recalc-dims=\"1\" loading=\"lazy\" decoding=\"async\" class=\"alignleft size-medium wp-image-16914\" alt=\"HEBE2\" src=\"https:\/\/i0.wp.com\/www.24baires.com\/wp-content\/uploads\/2013\/02\/HEBE2.jpg?resize=300%2C240\" width=\"300\" height=\"240\" srcset=\"https:\/\/i0.wp.com\/www.24baires.com\/wp-content\/uploads\/2013\/02\/HEBE2.jpg?resize=300%2C240&amp;ssl=1 300w, https:\/\/i0.wp.com\/www.24baires.com\/wp-content\/uploads\/2013\/02\/HEBE2.jpg?w=330&amp;ssl=1 330w\" sizes=\"auto, (max-width: 300px) 100vw, 300px\" \/>Lo dijo al declarar durante cuatro horas en el juzgado federal por las irregularidades en el programa Sue\u00f1os Compartidos. \u00abQuisieron ensuciar a mi hija Alejandra\u00bb, agreg\u00f3 en un comunicado. <!--more--><br \/>\nLa titular de Madres de Plaza de Mayo, Hebe de Bonafini, ratific\u00f3 esta tarde que Sergio Schoklender \u00abcomandaba todo\u00bb en la Fundaci\u00f3n y denunci\u00f3 que \u00abquisieron ensuciar\u00bb a su hija, Alejandra Bonafini.<\/p>\n<p>En un comunicado, la dirigente ofreci\u00f3 algunos detalles de su declaraci\u00f3n \u00abdurante cuatro horas\u00bb en la sede del juzgado de Norberto Oyarbide, y asegur\u00f3 que contest\u00f3 \u00abtodo lo que sab\u00eda\u00bb.<\/p>\n<p>\u00abDetall\u00e9 todas las responsabilidades que tanto Sergio como Pablo Schoklender ten\u00edan y que, al principio, no nos parec\u00edan extra\u00f1as. Sergio comandaba todo. \u00c9l arm\u00f3 la Fundaci\u00f3n, armaba las reuniones, hac\u00eda las actas, tramitaba las cuentas en los bancos: todo eso dej\u00e9 aclarado en el juzgado\u00bb, sostuvo Bonafini.<\/p>\n<p>Agreg\u00f3, adem\u00e1s, que \u00abel Gobierno pagaba las obras\u00bb, que \u00abcuando estall\u00f3 esta situaci\u00f3n\u00bb las Madres supieron que los hermanos \u00abse quedaban con la plata\u00bb y que ahora est\u00e1n \u00abpagando una deuda enorme que no contrajeron\u00bb.<\/p>\n<p>\u00abAclar\u00e9 que mi hija no tiene nada que ver, que Sergio y Pablo la quisieron ensuciar. Alejandra nunca lo quiso a Sergio Schoklender, nunca hablaba con \u00e9l. Las Madres estamos todas muy dolidas por todo esto\u00bb, concluy\u00f3.<\/p>\n<p>&nbsp;<\/p>\n<p>&nbsp;<\/p>\n<p>&nbsp;<\/p>\n<p>&nbsp;<\/p>\n<p>&nbsp;<\/p>\n<p>&nbsp;<\/p>\n<p>&nbsp;<\/p>\n<p>&nbsp;<\/p>\n<p>&nbsp;<\/p>\n<p>&nbsp;<\/p>\n<p>&nbsp;<\/p>\n<p>&nbsp;<\/p>\n<p>&nbsp;<\/p>\n<p>&nbsp;<\/p>\n<p>&nbsp;<\/p>\n<p>&nbsp;<\/p>\n<p>&nbsp;<\/p>\n","protected":false},"excerpt":{"rendered":"<p>Lo dijo al declarar durante cuatro horas en el juzgado federal por las irregularidades en el programa Sue\u00f1os Compartidos. \u00abQuisieron ensuciar a mi hija Alejandra\u00bb, agreg\u00f3 en un comunicado.<\/p>\n","protected":false},"author":4,"featured_media":0,"comment_status":"open","ping_status":"open","sticky":false,"template":"","format":"standard","meta":{"_jetpack_newsletter_access":"","_jetpack_dont_email_post_to_subs":false,"_jetpack_newsletter_tier_id":0,"_jetpack_memberships_contains_paywalled_content":false,"_jetpack_memberships_contains_paid_content":false,"footnotes":""},"categories":[1],"tags":[],"class_list":["post-16913","post","type-post","status-publish","format-standard","hentry","category-sociedad"],"jetpack_featured_media_url":"","jetpack_shortlink":"https:\/\/wp.me\/p2JWE0-4oN","jetpack-related-posts":[{"id":15664,"url":"https:\/\/www.24baires.com\/?p=15664","url_meta":{"origin":16913,"position":0},"title":"Prisi\u00f3n preventiva para los hermanos Schoklender","author":"Grupo Sierra","date":"14\/02\/2013","format":false,"excerpt":"CAPITAL FEDERAL.- El juez federal Norberto\u00a0Oyarbide,\u00a0\u00a0dict\u00f3 la prisi\u00f3n preventiva a Sergio y Pablo Schoklender y al contador Alejandro Gotkin, en la causa por desv\u00edo de fondos del programa Sue\u00f1os Compartidos en la Fundaci\u00f3n Madres de Plaza de Mayo. Seg\u00fan confirmaron fuentes judiciales, Sergio Schoklender y el contador ya fueron apresados\u2026","rel":"","context":"En \u00abPoliciales\u00bb","block_context":{"text":"Policiales","link":"https:\/\/www.24baires.com\/?cat=49"},"img":{"alt_text":"Schoklender","src":"https:\/\/i0.wp.com\/www.24baires.com\/wp-content\/uploads\/2013\/02\/Schoklender-300x225.jpg?resize=350%2C200","width":350,"height":200},"classes":[]},{"id":29569,"url":"https:\/\/www.24baires.com\/?p=29569","url_meta":{"origin":16913,"position":1},"title":"Piden juicio pol\u00edtico para el Juez Oyarbide","author":"Grupo Sierra","date":"05\/08\/2013","format":false,"excerpt":"El abogado Alejandro Fargosi solicit\u00f3 al Consejo de la Magistratura que se realice un juicio pol\u00edtico al juez de la causa que investiga la malversaci\u00f3n de fondos p\u00fablicos por parte de los hermanos Schoklender a trav\u00e9s de la Fundaci\u00f3n de Plaza de Mayo. El abogado Alejandro Fargosi solicit\u00f3 hoy al\u2026","rel":"","context":"En \u00abPol\u00edtica\u00bb","block_context":{"text":"Pol\u00edtica","link":"https:\/\/www.24baires.com\/?cat=51"},"img":{"alt_text":"oyarbide","src":"https:\/\/i0.wp.com\/www.24baires.com\/wp-content\/uploads\/2013\/08\/oyarbide-300x180.jpg?resize=350%2C200","width":350,"height":200},"classes":[]},{"id":29771,"url":"https:\/\/www.24baires.com\/?p=29771","url_meta":{"origin":16913,"position":2},"title":"Caso Schoklender: se reanuda la investigaci\u00f3n","author":"GB","date":"08\/08\/2013","format":false,"excerpt":"Luego de que la Sala Primera de la C\u00e1mara Federal descalificara la tarea que desarroll\u00f3 el juez federal Norberto Oyarbide y lo apartara de la causa, se design\u00f3 al juez Marcelo Mart\u00ednez de Giorgi. El magistrado, que ya tramitaba una causa conexa con los fondos p\u00fablicos que recib\u00eda la Fundaci\u00f3n,\u2026","rel":"","context":"En \u00abJUDICIALES\u00bb","block_context":{"text":"JUDICIALES","link":"https:\/\/www.24baires.com\/?cat=68"},"img":{"alt_text":"shoklender","src":"https:\/\/i0.wp.com\/www.24baires.com\/wp-content\/uploads\/2013\/08\/shoklender.jpg?resize=350%2C200","width":350,"height":200},"classes":[]},{"id":94521,"url":"https:\/\/www.24baires.com\/?p=94521","url_meta":{"origin":16913,"position":3},"title":"Procesaron a Hebe y a Sckoklender por desv\u00edo de fondos p\u00fablicos","author":"GB","date":"15\/05\/2017","format":false,"excerpt":"El juez federal Marcelo Martinez de Giorgi dict\u00f3 el procesamiento en la causa en la que se investiga el millonario desv\u00edo de fondos de Sue\u00f1os Compartidos. La medida alcanz\u00f3 al ex secretario de Obras p\u00fablicas Jos\u00e9 Lopez y a Pablo Schoklender. El juez federal Marcelo Mart\u00ednez de Giorgi dict\u00f3 este\u2026","rel":"","context":"En \u00abPol\u00edtica\u00bb","block_context":{"text":"Pol\u00edtica","link":"https:\/\/www.24baires.com\/?cat=51"},"img":{"alt_text":"","src":"https:\/\/i0.wp.com\/www.24baires.com\/wp-content\/uploads\/2017\/05\/hebe-shoklender.jpg?resize=350%2C200","width":350,"height":200,"srcset":"https:\/\/i0.wp.com\/www.24baires.com\/wp-content\/uploads\/2017\/05\/hebe-shoklender.jpg?resize=350%2C200 1x, https:\/\/i0.wp.com\/www.24baires.com\/wp-content\/uploads\/2017\/05\/hebe-shoklender.jpg?resize=525%2C300 1.5x"},"classes":[]},{"id":85887,"url":"https:\/\/www.24baires.com\/?p=85887","url_meta":{"origin":16913,"position":4},"title":"Ordenan detener a Hebe: \u00abQue me lleven presa, no les tengo miedo\u00bb dijo","author":"Grupo Sierra","date":"04\/08\/2016","format":false,"excerpt":"La titular de la Asociaci\u00f3n Madres de Plaza de Mayo, Hebe de Bonafini, no se present\u00f3 a declarar en los tribunales federales de Comodoro Py en la causa Sue\u00f1os Compartidos en la que est\u00e1 imputada, por lo que el juez Marcelo Mart\u00ednez de Giorgi orden\u00f3 su captura. Pese a que\u2026","rel":"","context":"En \u00abJUDICIALES\u00bb","block_context":{"text":"JUDICIALES","link":"https:\/\/www.24baires.com\/?cat=68"},"img":{"alt_text":"hebe madres","src":"https:\/\/i0.wp.com\/www.24baires.com\/wp-content\/uploads\/2016\/08\/hebe-madres.jpg?resize=350%2C200","width":350,"height":200,"srcset":"https:\/\/i0.wp.com\/www.24baires.com\/wp-content\/uploads\/2016\/08\/hebe-madres.jpg?resize=350%2C200 1x, https:\/\/i0.wp.com\/www.24baires.com\/wp-content\/uploads\/2016\/08\/hebe-madres.jpg?resize=525%2C300 1.5x"},"classes":[]},{"id":85867,"url":"https:\/\/www.24baires.com\/?p=85867","url_meta":{"origin":16913,"position":5},"title":"Bonafini no se presentar\u00e1 ante la Justicia","author":"AF","date":"04\/08\/2016","format":false,"excerpt":"La titular de la asociaci\u00f3n Madres de Plaza de Mayo, que debe presentarse en los tribunales de Comodoro Py para ser indagada en la causa Sue\u00f1os Compartidos, envi\u00f3 un escrito en el que explic\u00f3 las razones por las que no se presentar\u00e1. \"Asistimos cuantas veces nos llamaron a declarar, hicimos\u2026","rel":"","context":"En \u00abJUDICIALES\u00bb","block_context":{"text":"JUDICIALES","link":"https:\/\/www.24baires.com\/?cat=68"},"img":{"alt_text":"hebe-de-bonafini","src":"https:\/\/i0.wp.com\/www.24baires.com\/wp-content\/uploads\/2014\/01\/hebe-de-bonafini.jpg?resize=350%2C200","width":350,"height":200,"srcset":"https:\/\/i0.wp.com\/www.24baires.com\/wp-content\/uploads\/2014\/01\/hebe-de-bonafini.jpg?resize=350%2C200 1x, https:\/\/i0.wp.com\/www.24baires.com\/wp-content\/uploads\/2014\/01\/hebe-de-bonafini.jpg?resize=525%2C300 1.5x"},"classes":[]}],"jetpack_sharing_enabled":true,"jetpack_likes_enabled":true,"_links":{"self":[{"href":"https:\/\/www.24baires.com\/index.php?rest_route=\/wp\/v2\/posts\/16913","targetHints":{"allow":["GET"]}}],"collection":[{"href":"https:\/\/www.24baires.com\/index.php?rest_route=\/wp\/v2\/posts"}],"about":[{"href":"https:\/\/www.24baires.com\/index.php?rest_route=\/wp\/v2\/types\/post"}],"author":[{"embeddable":true,"href":"https:\/\/www.24baires.com\/index.php?rest_route=\/wp\/v2\/users\/4"}],"replies":[{"embeddable":true,"href":"https:\/\/www.24baires.com\/index.php?rest_route=%2Fwp%2Fv2%2Fcomments&post=16913"}],"version-history":[{"count":2,"href":"https:\/\/www.24baires.com\/index.php?rest_route=\/wp\/v2\/posts\/16913\/revisions"}],"predecessor-version":[{"id":16919,"href":"https:\/\/www.24baires.com\/index.php?rest_route=\/wp\/v2\/posts\/16913\/revisions\/16919"}],"wp:attachment":[{"href":"https:\/\/www.24baires.com\/index.php?rest_route=%2Fwp%2Fv2%2Fmedia&parent=16913"}],"wp:term":[{"taxonomy":"category","embeddable":true,"href":"https:\/\/www.24baires.com\/index.php?rest_route=%2Fwp%2Fv2%2Fcategories&post=16913"},{"taxonomy":"post_tag","embeddable":true,"href":"https:\/\/www.24baires.com\/index.php?rest_route=%2Fwp%2Fv2%2Ftags&post=16913"}],"curies":[{"name":"wp","href":"https:\/\/api.w.org\/{rel}","templated":true}]}}