{"id":16906,"date":"2013-02-27T08:30:43","date_gmt":"2013-02-27T11:30:43","guid":{"rendered":"http:\/\/www.24baires.com\/?p=16906"},"modified":"2013-02-27T13:57:50","modified_gmt":"2013-02-27T16:57:50","slug":"buscan-desde-el-sabado-a-una-joven-que-salio-con-un-hombre-que-conocio-por-facebook","status":"publish","type":"post","link":"https:\/\/www.24baires.com\/?p=16906","title":{"rendered":"Buscan desde el s\u00e1bado a una joven que sali\u00f3 con un hombre que conoci\u00f3 por Facebook"},"content":{"rendered":"<p><img data-recalc-dims=\"1\" loading=\"lazy\" decoding=\"async\" class=\"alignleft size-medium wp-image-16907\" alt=\"larregina\" src=\"https:\/\/i0.wp.com\/www.24baires.com\/wp-content\/uploads\/2013\/02\/larregina.jpg?resize=300%2C167\" width=\"300\" height=\"167\" srcset=\"https:\/\/i0.wp.com\/www.24baires.com\/wp-content\/uploads\/2013\/02\/larregina.jpg?resize=300%2C167&amp;ssl=1 300w, https:\/\/i0.wp.com\/www.24baires.com\/wp-content\/uploads\/2013\/02\/larregina.jpg?w=538&amp;ssl=1 538w\" sizes=\"auto, (max-width: 300px) 100vw, 300px\" \/><strong>LUIS GUILL\u00d3N &#8211;<\/strong> Ver\u00f3nica Elizabeth Larregina, de 21 a\u00f1os, est\u00e1 desaparecida desde el s\u00e1bado 23 de febrero cuando sali\u00f3 con un chico que conoci\u00f3 por Facebook rumbo a un recital de Karina. Su familia y amigos, desesperados.<!--more--><\/p>\n<p>Ver\u00f3nica vive en el barrio 9 de abril de la localidad bonaerense de Luis Guill\u00f3n. La \u00faltima vez que se la vio fue el s\u00e1bado a las 18 junto a un joven que hab\u00eda conocido por Facebook, quien ahora es el principal sospechoso.<\/p>\n<p>\u00abMe la encontr\u00e9 en la parada del colectivo. Estaba con ese chico, le pregunt\u00e9 qui\u00e9n era y \u00e9l me dijo: &#8216;Facu, de Munro&#8217;. Mi hija me cont\u00f3 que se iba al corso de Munro a ver a Karina con \u00e9l. Quise frenarla pero no puede. Encima, hab\u00eda dos chicos m\u00e1s que no me gustaron nada&#8230; Y as\u00ed, la vi subir al colectivo\u00bb, relat\u00f3 la mam\u00e1 de Ver\u00f3nica, Marcela I\u00f1igo.<\/p>\n<p>Acerca del chico, la madre sabe que su hija hablaba con \u00e9l por Facebook habitualmente. \u00abA veces se quedaban hasta las 2 de la madrugada. A m\u00ed no me gustaba porque primero le hab\u00eda dicho que era de La Plata, despu\u00e9s le dijo que viv\u00eda en Munro\u00bb, asegur\u00f3 I\u00f1igo a un matutino porte\u00f1o.<\/p>\n<p>El \u00faltimo contacto que tuvo con su hija fue ese mismo s\u00e1bado. Como se hab\u00eda quedado preocupada, le carg\u00f3 cr\u00e9dito al celular. \u00abGracias ma porque me cargaste el celu. Cualquier cosa te llamo\u00bb, escribi\u00f3 Ver\u00f3nica al tel\u00e9fono de Gisela, su hermana.<\/p>\n<p>Pero esa misma noche, la comunicaci\u00f3n se hizo imposible. \u00abLe mand\u00e9 mensajes, y nada. Al otro d\u00eda tambi\u00e9n hice lo mismo, pero nunca me contest\u00f3. Mi otra hija encontr\u00f3 el n\u00famero del chico que estaba con ella en la parada del colectivo y tambi\u00e9n da apagado. No s\u00e9 qu\u00e9 hacer ya\u00bb, afirm\u00f3 la mam\u00e1.<\/p>\n<p>La denuncia fue radicada en la comisar\u00eda Transradio (4693-1010 o 4693-3677). La causa est\u00e1 caratulada como \u00abaveriguaci\u00f3n de paradero\u00bb y est\u00e1 en manos de la Fiscal\u00eda N\u00b01 de Esteban Echeverr\u00eda.<br \/>\n&nbsp;<\/p>\n<p>&nbsp;<\/p>\n<p>&nbsp;<\/p>\n<p>&nbsp;<\/p>\n<p>&nbsp;<\/p>\n<p>&nbsp;<\/p>\n<p>&nbsp;<\/p>\n<p>&nbsp;<\/p>\n<p>&nbsp;<\/p>\n<p>&nbsp;<\/p>\n<p>&nbsp;<\/p>\n<p>&nbsp;<\/p>\n<p>&nbsp;<\/p>\n<p>&nbsp;<\/p>\n<p>&nbsp;<\/p>\n","protected":false},"excerpt":{"rendered":"<p>LUIS GUILL\u00d3N &#8211; Ver\u00f3nica Elizabeth Larregina, de 21 a\u00f1os, est\u00e1 desaparecida desde el s\u00e1bado 23 de febrero cuando sali\u00f3 con un chico que conoci\u00f3 por Facebook rumbo a un recital de Karina. Su familia y amigos, desesperados.<\/p>\n","protected":false},"author":4,"featured_media":0,"comment_status":"open","ping_status":"open","sticky":false,"template":"","format":"standard","meta":{"_jetpack_newsletter_access":"","_jetpack_dont_email_post_to_subs":false,"_jetpack_newsletter_tier_id":0,"_jetpack_memberships_contains_paywalled_content":false,"_jetpack_memberships_contains_paid_content":false,"footnotes":""},"categories":[1],"tags":[],"class_list":["post-16906","post","type-post","status-publish","format-standard","hentry","category-sociedad"],"jetpack_featured_media_url":"","jetpack_shortlink":"https:\/\/wp.me\/p2JWE0-4oG","jetpack-related-posts":[{"id":17012,"url":"https:\/\/www.24baires.com\/?p=17012","url_meta":{"origin":16906,"position":0},"title":"Apareci\u00f3 la joven que fue a ver un recital de Karina con un \u00abamigo\u00bb de Facebook","author":"AF","date":"28\/02\/2013","format":false,"excerpt":"Viaj\u00f3 desde Esteban Echeverr\u00eda hasta Munro para sumarse al corso donde cantar\u00eda La Princesita y nunca volvi\u00f3. \u00bfD\u00f3nde estaba? Ver\u00f3nica Larregina se subi\u00f3 al colectivo el s\u00e1bado a las 18. La madre la vio en la parada del colectivo que la llevar\u00eda desde Lu\u00eds Gill\u00f3n, acompa\u00f1ada por otros tres muchachos.\u2026","rel":"","context":"En \u00abSociedad\u00bb","block_context":{"text":"Sociedad","link":"https:\/\/www.24baires.com\/?cat=1"},"img":{"alt_text":"larregina2","src":"https:\/\/i0.wp.com\/www.24baires.com\/wp-content\/uploads\/2013\/02\/larregina2-300x214.jpg?resize=350%2C200","width":350,"height":200},"classes":[]},{"id":52763,"url":"https:\/\/www.24baires.com\/?p=52763","url_meta":{"origin":16906,"position":1},"title":"Bah\u00eda Blanca: encontr\u00f3 en Facebook la moto que le hab\u00edan robado y la recuper\u00f3","author":"Grupo Sierra","date":"30\/08\/2014","format":false,"excerpt":"Le avisaron que hab\u00eda una publicaci\u00f3n con una moto igual a la suya, a la venta. Arregl\u00f3 un encuentro, avis\u00f3 a la polic\u00eda y lo atraparon. La chica hab\u00eda ido a ver un departamento para alquilar en el barrio Juan L\u00f3pez durante la tarde-noche del jueves. All\u00ed fue abordada por\u2026","rel":"","context":"En \u00abPoliciales\u00bb","block_context":{"text":"Policiales","link":"https:\/\/www.24baires.com\/?cat=49"},"img":{"alt_text":"motochorro","src":"https:\/\/i0.wp.com\/www.24baires.com\/wp-content\/uploads\/2013\/02\/motochorro.jpg?resize=350%2C200","width":350,"height":200,"srcset":"https:\/\/i0.wp.com\/www.24baires.com\/wp-content\/uploads\/2013\/02\/motochorro.jpg?resize=350%2C200 1x, https:\/\/i0.wp.com\/www.24baires.com\/wp-content\/uploads\/2013\/02\/motochorro.jpg?resize=525%2C300 1.5x"},"classes":[]},{"id":61699,"url":"https:\/\/www.24baires.com\/?p=61699","url_meta":{"origin":16906,"position":2},"title":"Munro: revisan c\u00e1maras de seguridad de estaciones de tren buscando a Micaela","author":"AF","date":"13\/02\/2015","format":false,"excerpt":"La Polic\u00eda que busca a Micaela Ch\u00e1ves, la adolescente de 14 a\u00f1os que desapareci\u00f3 el domingo pasado, revisa las filmaciones de las estaciones e intenta determinar el origen de los rasgu\u00f1os que tiene el joven de 32 a\u00f1os con quien la chica manten\u00eda una relaci\u00f3n amorosa. \"La tarjeta SUBE y\u2026","rel":"","context":"En \u00abSociedad\u00bb","block_context":{"text":"Sociedad","link":"https:\/\/www.24baires.com\/?cat=1"},"img":{"alt_text":"micaela chaves","src":"https:\/\/i0.wp.com\/www.24baires.com\/wp-content\/uploads\/2015\/02\/micaela-chaves.jpg?resize=350%2C200","width":350,"height":200,"srcset":"https:\/\/i0.wp.com\/www.24baires.com\/wp-content\/uploads\/2015\/02\/micaela-chaves.jpg?resize=350%2C200 1x, https:\/\/i0.wp.com\/www.24baires.com\/wp-content\/uploads\/2015\/02\/micaela-chaves.jpg?resize=525%2C300 1.5x"},"classes":[]},{"id":41475,"url":"https:\/\/www.24baires.com\/?p=41475","url_meta":{"origin":16906,"position":3},"title":"Buscan intensamente a una chica de Quilmes desde el s\u00e1bado","author":"Grupo Sierra","date":"03\/03\/2014","format":false,"excerpt":"Carolina Addario est\u00e1 desaparecida desde el s\u00e1bado 1 de marzo. Tiene 18 a\u00f1os. La \u00faltima vez que fue vista estaba en su casa, en la zona Oeste del distrito de Quilmes. Familiares y amigos realizan una intensa b\u00fasqueda a trav\u00e9s de las redes sociales para encontrar a Carolina, la joven\u2026","rel":"","context":"En \u00abSociedad\u00bb","block_context":{"text":"Sociedad","link":"https:\/\/www.24baires.com\/?cat=1"},"img":{"alt_text":"Carolina addario","src":"https:\/\/i0.wp.com\/www.24baires.com\/wp-content\/uploads\/2014\/03\/Carolina-addario.jpg?resize=350%2C200","width":350,"height":200},"classes":[]},{"id":16909,"url":"https:\/\/www.24baires.com\/?p=16909","url_meta":{"origin":16906,"position":4},"title":"Empieza el II Plenario de Pol\u00edticas P\u00fablicas","author":"AF","date":"27\/02\/2013","format":false,"excerpt":"Se llevar\u00e1 a cabo el jueves a partir de las 9 en el Predio Club Atletico Banfield, ubicado en la ciudad de Luis Guill\u00f3n del partido de Esteban Echeverr\u00eda. El encuentro fue pensado para discutir con la ciudadan\u00eda las leyes y acciones de gobierno necesarias para todo el territorio provincial.\u2026","rel":"","context":"En \u00abPol\u00edtica\u00bb","block_context":{"text":"Pol\u00edtica","link":"https:\/\/www.24baires.com\/?cat=51"},"img":{"alt_text":"","src":"","width":0,"height":0},"classes":[]},{"id":15774,"url":"https:\/\/www.24baires.com\/?p=15774","url_meta":{"origin":16906,"position":5},"title":"Asaltaron la sucursal Luis Guill\u00f3n del Banco Galicia","author":"Grupo Sierra","date":"15\/02\/2013","format":false,"excerpt":"ESTEBAN ECHEVERR\u00cdA.- Este mediod\u00eda, al menos cuatro delincuentes robaron la sucursal Luis Guill\u00f3n del Banco Galicia. Los asaltantes se llevaron el dinero de la l\u00ednea de cajas y luego escaparon en un auto Honda Civic blanco. Al escapar, se tirotearon con la polic\u00eda. \u00a0 Al menos cuatro delincuentes asaltaron este\u2026","rel":"","context":"En \u00abPoliciales\u00bb","block_context":{"text":"Policiales","link":"https:\/\/www.24baires.com\/?cat=49"},"img":{"alt_text":"galicia guillon","src":"https:\/\/i0.wp.com\/www.24baires.com\/wp-content\/uploads\/2013\/02\/galicia-guillon-300x180.jpg?resize=350%2C200","width":350,"height":200},"classes":[]}],"jetpack_sharing_enabled":true,"jetpack_likes_enabled":true,"_links":{"self":[{"href":"https:\/\/www.24baires.com\/index.php?rest_route=\/wp\/v2\/posts\/16906","targetHints":{"allow":["GET"]}}],"collection":[{"href":"https:\/\/www.24baires.com\/index.php?rest_route=\/wp\/v2\/posts"}],"about":[{"href":"https:\/\/www.24baires.com\/index.php?rest_route=\/wp\/v2\/types\/post"}],"author":[{"embeddable":true,"href":"https:\/\/www.24baires.com\/index.php?rest_route=\/wp\/v2\/users\/4"}],"replies":[{"embeddable":true,"href":"https:\/\/www.24baires.com\/index.php?rest_route=%2Fwp%2Fv2%2Fcomments&post=16906"}],"version-history":[{"count":1,"href":"https:\/\/www.24baires.com\/index.php?rest_route=\/wp\/v2\/posts\/16906\/revisions"}],"predecessor-version":[{"id":16908,"href":"https:\/\/www.24baires.com\/index.php?rest_route=\/wp\/v2\/posts\/16906\/revisions\/16908"}],"wp:attachment":[{"href":"https:\/\/www.24baires.com\/index.php?rest_route=%2Fwp%2Fv2%2Fmedia&parent=16906"}],"wp:term":[{"taxonomy":"category","embeddable":true,"href":"https:\/\/www.24baires.com\/index.php?rest_route=%2Fwp%2Fv2%2Fcategories&post=16906"},{"taxonomy":"post_tag","embeddable":true,"href":"https:\/\/www.24baires.com\/index.php?rest_route=%2Fwp%2Fv2%2Ftags&post=16906"}],"curies":[{"name":"wp","href":"https:\/\/api.w.org\/{rel}","templated":true}]}}