{"id":16893,"date":"2013-02-27T15:30:39","date_gmt":"2013-02-27T18:30:39","guid":{"rendered":"http:\/\/www.24baires.com\/?p=16893"},"modified":"2013-02-27T13:33:18","modified_gmt":"2013-02-27T16:33:18","slug":"el-papa-benedicto-xvi-se-despidio-agradeciendo-el-respeto-y-la-comprension","status":"publish","type":"post","link":"https:\/\/www.24baires.com\/?p=16893","title":{"rendered":"El Papa Benedicto XVI se despidi\u00f3 agradeciendo el respeto y la comprensi\u00f3n"},"content":{"rendered":"<p><img data-recalc-dims=\"1\" loading=\"lazy\" decoding=\"async\" class=\"aligncenter size-full wp-image-15325\" alt=\"papa benedicto\" src=\"https:\/\/i0.wp.com\/www.24baires.com\/wp-content\/uploads\/2013\/02\/papa-benedicto.jpg?resize=560%2C373\" width=\"560\" height=\"373\" srcset=\"https:\/\/i0.wp.com\/www.24baires.com\/wp-content\/uploads\/2013\/02\/papa-benedicto.jpg?w=560&amp;ssl=1 560w, https:\/\/i0.wp.com\/www.24baires.com\/wp-content\/uploads\/2013\/02\/papa-benedicto.jpg?resize=300%2C199&amp;ssl=1 300w\" sizes=\"auto, (max-width: 560px) 100vw, 560px\" \/>Benedicto XVI habl\u00f3 ante m\u00e1s de 200 mil personas en la Plaza San Pedro. Pidi\u00f3 rezar por los cardenales que elegir\u00e1n a su sucesor y advirti\u00f3 que no se dedicar\u00e1 a viajar y ni a dar conferencias.<!--more--><br \/>\nLa Plaza San Pedro fue escenario esta ma\u00f1ana de una multitudinaria y emotiva ceremonia de despedida del Papa Benedicto XVI, quien agradeci\u00f3 a los fieles llegados de todo el mundo el \u00abrespeto y la comprensi\u00f3n\u00bb con que recibieron la noticia de su renuncia.<\/p>\n<p>La dimisi\u00f3n, que se har\u00e1 efectiva ma\u00f1ana, en una decisi\u00f3n que no se produc\u00eda en casi 600 a\u00f1os en la vida de la Iglesia.<\/p>\n<p>En el marco de la tradicional audiencia p\u00fablica de los d\u00edas mi\u00e9rcoles, la plaza -en una ma\u00f1ana fr\u00eda y soleada- fue colm\u00e1ndose desde temprano con los peregrinos llegados a Roma desde distintas partes del mundo, as\u00ed como diversas personalidades y los numerosos cardenales que ya est\u00e1n en esta ciudad a la espera del c\u00f3nclave que elegir\u00e1 el sucesor de Benedicto.<\/p>\n<p>\u00abAgradezco a todos el respeto y la comprensi\u00f3n con la que han acogido esta decisi\u00f3n importante, que he tomado con plena libertad. Mi coraz\u00f3n est\u00e1 colmado de gratitud porque nunca ha faltado a la Iglesia su luz\u00bb, dijo el pont\u00edfice en espa\u00f1ol en un tramo de su mensaje.<\/p>\n<p>Y agreg\u00f3 en el mismo idioma que \u00aben este A\u00f1o de la fe invito a todos a renovar la firme confianza en Dios, con la seguridad de que El nos sostiene y nos ama, y as\u00ed todos sientan la alegr\u00eda de ser cristianos\u00bb.<\/p>\n<p>Al hablarle a los entusiastas fieles, el Santo Padre pidi\u00f3 que se acuerden de \u00e9l en sus oraciones y que recen especialmente por el colegio de cardenales \u00abllamados a la delicada tarea de elegir un nuevo sucesor en la c\u00e1tedra del apostol Pedro\u00bb, en el marco del c\u00f3nclave que a\u00fan no tiene fecha establecida de inicio.<\/p>\n<p><strong>\u00abUNA IGLESIA QUE EST\u00c1 VIVA\u00bb<br \/>\n<\/strong><br \/>\nLa ceremonia arranc\u00f3 a las 10.35 (6.35 de Argentina) con la aparici\u00f3n de un Papa visiblemente conmovido a bordo del tradicional Papam\u00f3vil, causando una ovaci\u00f3n entre la multitud que no dejaba de vivarlo y saludarlo con sus manos, y agitando banderas de los pa\u00edses presentes.<\/p>\n<p>\u00abBenedetto, Benedetto\u00bb coreaban los fieles, muchos portando carteles con mensajes de agradecimiento a su labor durante los 8 a\u00f1os de su pontificado.<\/p>\n<p>Despu\u00e9s de una amplia recorrida por los corredores dispuestos en la plaza, el Papa se traslad\u00f3 a un escenario montado de espaldas a la bas\u00edlica de San Pedro y brind\u00f3 all\u00ed su \u00faltima catequesis, en plena Cuaresma, el tiempo lit\u00fargico de preparaci\u00f3n para la Pascua, que esperan sea celebrada por el nuevo pont\u00edfice.<\/p>\n<p>Tras declararse \u00abconmovido\u00bb ante \u00abuna Iglesia que est\u00e1 viva\u00bb, Benedicto dijo que \u00abun Papa no est\u00e1 s\u00f3lo en la gu\u00eda de la barca de Pedro, aunque es el primer responsable y yo no me he sentido solo a la hora de llevar la alegr\u00eda y el peso del ministerio petrino\u00bb.<\/p>\n<p>Y volvi\u00f3 a insistir en que renunci\u00f3 al papado porque sus fuerzas disminuyeron y no por su bien particular, \u00absino por el bien de la Iglesia\u00bb.<\/p>\n<p>\u00abAmar a la Iglesia significa tambi\u00e9n tener la valent\u00eda de tomar decisiones dif\u00edciles, teniendo siempre presente el bien de la Iglesia y no el de uno\u00bb, afirm\u00f3 para remarcar luego que tom\u00f3 esa determinaci\u00f3n \u00absabiendo su profunda gravedad y novedad, pero con un \u00e1nimo sereno\u00bb.<\/p>\n<p>Asimismo dijo que su decisi\u00f3n de renunciar al \u00abministerio petrino no revoca la decisi\u00f3n que tom\u00e9 el 19 de abril de 2005\u00bb, cuando fue elegido papa, y agreg\u00f3 que su renuncia no significa que vuelva a la vida privada, ya que cuando acept\u00f3 ser papa, \u00abesa aceptaci\u00f3n significa vivir para siempre para el Se\u00f1or\u00bb.<\/p>\n<p>\u00abNo regreso a la vida privada, a una vida de viajes, encuentros, conferencias. No abandono la cruz, sigo de una nueva manera con el Se\u00f1or Crucificado. Sigo a su servicio en el recinto de San Pedro\u00bb, afirm\u00f3 en el marco de su \u00faltima audiencia como Santo Padre.<\/p>\n<p><strong>TESTIMONIOS Y AUDIENCIAS<\/strong><\/p>\n<p>Con una concurrencia estimada en unas 200 mil personas, las calles aleda\u00f1as al Vaticano permanecieron cerradas desde anoche y un mega operativo de seguridad -que incluy\u00f3 2 mil efectivos- se mont\u00f3 en los alrededores de la plaza para garantizar que todo transcurriera en orden.<\/p>\n<p>Luego de la catequesis en italiano, seguida de silencios respetuosos e interrumpida con estruendosos aplausos, el Papa salud\u00f3 en franc\u00e9s, ingl\u00e9s, espa\u00f1ol y portugu\u00e9s, y dio mensajes en las lenguas polacas, \u00e1rabe, croata, rumana, checa y eslovaca.<\/p>\n<p>En medio de una ordenada desconcentraci\u00f3n, Bel\u00e9n -una joven de un colegio cat\u00f3lico de Espa\u00f1a, en viaje de fin de curso en Roma- le dijo a T\u00e9lam que admiraba \u00abla coherencia, la fe y la humildad\u00bb del papa alem\u00e1n que se va y que su sucesor \u00abtendr\u00e1 el desaf\u00edo de hacer de la Iglesia una fuente viva de fe\u00bb.<\/p>\n<p>Sara, una simp\u00e1tica se\u00f1ora italiana, cont\u00f3 que estaba muy emocionada por participar de una jornada hist\u00f3rica, \u00abun d\u00eda bell\u00edsimo que siempre llevar\u00e9 en mi coraz\u00f3n\u00bb y le di\u00f3 las gracias al Papa \u00abpor su fruct\u00edfero pontificado de 8 a\u00f1os\u00bb.<\/p>\n<p>Tras la audiencia p\u00fablica, el Papa recibi\u00f3 en la Sala Clementina al presidente de la Rep\u00fablica Eslovaca, Ivan Gasparovic; a los Capitanes Regentes de la Rep\u00fablica de San Marino, Teodoro Lonfernini y Denise Bronzetti; al presidente de Baviera, Horat Seehofer, y al copr\u00edncipe de Andorra, el obispo Joan Enric Vives i Sicilia, seg\u00fan inform\u00f3 hoy la oficina de prensa del Vaticano.<\/p>\n<p>Para ma\u00f1ana se espera que el Santo Padre se despida de los cardenales por la ma\u00f1ana y a las 17 (13 de Argentina) se aleje del Vaticano en helic\u00f3ptero, rumbo a la residencia de Castengandolfo, donde permanecer\u00e1 hasta que concluyan las tareas de refacci\u00f3n del monasterio donde vivir\u00e1 luego.<\/p>\n<p>Cuando ma\u00f1ana deje el Vaticano, a modo de despedida y homenaje, sonar\u00e1n las campanas de todas las iglesias romanas.<\/p>\n<p>&nbsp;<\/p>\n<p>&nbsp;<\/p>\n<p>&nbsp;<\/p>\n<p>&nbsp;<\/p>\n<p>&nbsp;<\/p>\n<p>&nbsp;<\/p>\n<p>&nbsp;<\/p>\n<p>&nbsp;<\/p>\n<p>&nbsp;<\/p>\n<p>&nbsp;<\/p>\n<p>&nbsp;<\/p>\n<p>&nbsp;<\/p>\n<p>&nbsp;<\/p>\n<p>&nbsp;<\/p>\n<p>&nbsp;<\/p>\n<p>&nbsp;<\/p>\n<p>&nbsp;<\/p>\n<p>&nbsp;<\/p>\n<p>&nbsp;<\/p>\n<p>&nbsp;<\/p>\n<p>&nbsp;<\/p>\n<p>&nbsp;<\/p>\n<p>&nbsp;<\/p>\n<p>&nbsp;<\/p>\n<p>&nbsp;<\/p>\n<p>&nbsp;<\/p>\n","protected":false},"excerpt":{"rendered":"<p>Benedicto XVI habl\u00f3 ante m\u00e1s de 200 mil personas en la Plaza San Pedro. Pidi\u00f3 rezar por los cardenales que elegir\u00e1n a su sucesor y advirti\u00f3 que no se dedicar\u00e1 a viajar y ni a dar conferencias.<\/p>\n","protected":false},"author":4,"featured_media":0,"comment_status":"open","ping_status":"open","sticky":false,"template":"","format":"standard","meta":{"_jetpack_newsletter_access":"","_jetpack_dont_email_post_to_subs":false,"_jetpack_newsletter_tier_id":0,"_jetpack_memberships_contains_paywalled_content":false,"_jetpack_memberships_contains_paid_content":false,"footnotes":""},"categories":[1],"tags":[],"class_list":["post-16893","post","type-post","status-publish","format-standard","hentry","category-sociedad"],"jetpack_featured_media_url":"","jetpack_shortlink":"https:\/\/wp.me\/p2JWE0-4ot","jetpack-related-posts":[{"id":15403,"url":"https:\/\/www.24baires.com\/?p=15403","url_meta":{"origin":16893,"position":0},"title":"Militantes feministas se desnudan en Notre Dame al grito de \u00abNo m\u00e1s Papa\u00bb","author":"Grupo Sierra","date":"12\/02\/2013","format":false,"excerpt":"Ocho mujeres exhibieron sus senos en la catedral parisina para festejar el fin del papado. Antes de ser desalojadas, hicieron sonar las campanas cantando \"No m\u00e1s Papa\". Ocho mujeres activistas feministas llegaron esta ma\u00f1ana con los senos a la vista a la iglesia de Notre Dame, en Par\u00eds, para \"festejar\u2026","rel":"","context":"En \u00abSociedad\u00bb","block_context":{"text":"Sociedad","link":"https:\/\/www.24baires.com\/?cat=1"},"img":{"alt_text":"feministas por el papa","src":"https:\/\/i0.wp.com\/www.24baires.com\/wp-content\/uploads\/2013\/02\/feministas-por-el-papa.jpg?resize=350%2C200","width":350,"height":200,"srcset":"https:\/\/i0.wp.com\/www.24baires.com\/wp-content\/uploads\/2013\/02\/feministas-por-el-papa.jpg?resize=350%2C200 1x, https:\/\/i0.wp.com\/www.24baires.com\/wp-content\/uploads\/2013\/02\/feministas-por-el-papa.jpg?resize=525%2C300 1.5x"},"classes":[]},{"id":15322,"url":"https:\/\/www.24baires.com\/?p=15322","url_meta":{"origin":16893,"position":1},"title":"El Papa Benedito XVI anunci\u00f3 que renunciar\u00e1 por \u00abfalta de fuerza\u00bb","author":"AF","date":"11\/02\/2013","format":false,"excerpt":"Joseph Ratzinger abandonar\u00e1 el pontificado el 28 de febrero pr\u00f3ximo, anunci\u00f3 el propio jefe de la Iglesia cat\u00f3lica de manera sorpresiva durante una misa p\u00fablica. Hab\u00eda sido elegido tras la muerte de Juan Pablo II en 2005. El papa Benedicto XVI anunci\u00f3 hoy que renunciar\u00e1 el 28 de febrero pr\u00f3ximo\u2026","rel":"","context":"En \u00abSociedad\u00bb","block_context":{"text":"Sociedad","link":"https:\/\/www.24baires.com\/?cat=1"},"img":{"alt_text":"papa benedicto","src":"https:\/\/i0.wp.com\/www.24baires.com\/wp-content\/uploads\/2013\/02\/papa-benedicto.jpg?resize=350%2C200","width":350,"height":200,"srcset":"https:\/\/i0.wp.com\/www.24baires.com\/wp-content\/uploads\/2013\/02\/papa-benedicto.jpg?resize=350%2C200 1x, https:\/\/i0.wp.com\/www.24baires.com\/wp-content\/uploads\/2013\/02\/papa-benedicto.jpg?resize=525%2C300 1.5x"},"classes":[]},{"id":19171,"url":"https:\/\/www.24baires.com\/?p=19171","url_meta":{"origin":16893,"position":2},"title":"El Papa Francisco finalmente se reuni\u00f3 con su antecesor Benedicto XVI","author":"Grupo Sierra","date":"23\/03\/2013","format":false,"excerpt":"El papa mantuvo hoy un encuentro con su predecesor en la silla de Pedro, el papa em\u00e9rito Benedicto XVI, produci\u00e9ndose un hecho de car\u00e1cter in\u00e9dito en la historia de la Iglesia Cat\u00f3lica. Se fundieron en un abrazo \"bell\u00edsimo\" y rezaron juntos \"como hermanos\" inform\u00f3 Federico Lombardi, vocero papal, al resumir\u2026","rel":"","context":"En \u00abSociedad\u00bb","block_context":{"text":"Sociedad","link":"https:\/\/www.24baires.com\/?cat=1"},"img":{"alt_text":"papas","src":"https:\/\/i0.wp.com\/www.24baires.com\/wp-content\/uploads\/2013\/03\/papas.jpg?resize=350%2C200","width":350,"height":200,"srcset":"https:\/\/i0.wp.com\/www.24baires.com\/wp-content\/uploads\/2013\/03\/papas.jpg?resize=350%2C200 1x, https:\/\/i0.wp.com\/www.24baires.com\/wp-content\/uploads\/2013\/03\/papas.jpg?resize=525%2C300 1.5x"},"classes":[]},{"id":22819,"url":"https:\/\/www.24baires.com\/?p=22819","url_meta":{"origin":16893,"position":3},"title":"Durante una misa, el Papa conden\u00f3 los abusos cometidos contra menores","author":"AF","date":"06\/05\/2013","format":false,"excerpt":"Lo hizo sin indicar si se refer\u00eda a los casos de pedofilia que han desacreditado a la Iglesia Cat\u00f3lica, durante una misa celebrada este domingo en la plaza San Pedro del Vaticano. El papa Francisco denunci\u00f3 este domingo los \"abusos\" cometidos contra ni\u00f1os, sin indicar si se refer\u00eda a los\u2026","rel":"","context":"En \u00abSociedad\u00bb","block_context":{"text":"Sociedad","link":"https:\/\/www.24baires.com\/?cat=1"},"img":{"alt_text":"papa pascual","src":"https:\/\/i0.wp.com\/www.24baires.com\/wp-content\/uploads\/2013\/03\/papa-pascual.jpg?resize=350%2C200","width":350,"height":200,"srcset":"https:\/\/i0.wp.com\/www.24baires.com\/wp-content\/uploads\/2013\/03\/papa-pascual.jpg?resize=350%2C200 1x, https:\/\/i0.wp.com\/www.24baires.com\/wp-content\/uploads\/2013\/03\/papa-pascual.jpg?resize=525%2C300 1.5x"},"classes":[]},{"id":17006,"url":"https:\/\/www.24baires.com\/?p=17006","url_meta":{"origin":16893,"position":4},"title":"Benedicto XVI dej\u00f3 el Vaticano en helic\u00f3ptero y pronunciar\u00e1 sus \u00faltimas palabras como Papa","author":"AF","date":"28\/02\/2013","format":false,"excerpt":"Joseph Ratzinger parti\u00f3 de la sede de la Iglesia Cat\u00f3lica a las 17.07 (13.07 de Argentina) hacia la residencia de Castengandolfo. En tres horas pronunciar\u00e1 las \u00faltimas palabras de su pontificado. El Papa Benedicto XVI parti\u00f3 hoy del Vaticano a las 17.07 (13.07 de Argentina) en el helic\u00f3ptero que lo\u2026","rel":"","context":"En \u00abSociedad\u00bb","block_context":{"text":"Sociedad","link":"https:\/\/www.24baires.com\/?cat=1"},"img":{"alt_text":"","src":"","width":0,"height":0},"classes":[]},{"id":18303,"url":"https:\/\/www.24baires.com\/?p=18303","url_meta":{"origin":16893,"position":5},"title":"El cardenal argentino Bergoglio es el nuevo Papa de la Iglesia Cat\u00f3lica","author":"AF","date":"13\/03\/2013","format":false,"excerpt":"El nuevo papa es el cardenal primado de Argentina, anunci\u00f3 el protodi\u00e1cono, el cardenal franc\u00e9s Jean-Louis Tauran. Jorge Mario Begoglio, de 76 a\u00f1os, es el primer papa latinoamericano y jesuita de la historia. Su nombre ser\u00e1 Francisco I. Los cardenales reunidos en el Vaticano eligieron hoy un nuevo Papa para\u2026","rel":"","context":"En \u00ab\u00daltimo Momento\u00bb","block_context":{"text":"\u00daltimo Momento","link":"https:\/\/www.24baires.com\/?cat=55"},"img":{"alt_text":"BERGOGLIO BALCON","src":"https:\/\/i0.wp.com\/www.24baires.com\/wp-content\/uploads\/2013\/03\/BERGOGLIO-BALCON.jpg?resize=350%2C200","width":350,"height":200,"srcset":"https:\/\/i0.wp.com\/www.24baires.com\/wp-content\/uploads\/2013\/03\/BERGOGLIO-BALCON.jpg?resize=350%2C200 1x, https:\/\/i0.wp.com\/www.24baires.com\/wp-content\/uploads\/2013\/03\/BERGOGLIO-BALCON.jpg?resize=525%2C300 1.5x"},"classes":[]}],"jetpack_sharing_enabled":true,"jetpack_likes_enabled":true,"_links":{"self":[{"href":"https:\/\/www.24baires.com\/index.php?rest_route=\/wp\/v2\/posts\/16893","targetHints":{"allow":["GET"]}}],"collection":[{"href":"https:\/\/www.24baires.com\/index.php?rest_route=\/wp\/v2\/posts"}],"about":[{"href":"https:\/\/www.24baires.com\/index.php?rest_route=\/wp\/v2\/types\/post"}],"author":[{"embeddable":true,"href":"https:\/\/www.24baires.com\/index.php?rest_route=\/wp\/v2\/users\/4"}],"replies":[{"embeddable":true,"href":"https:\/\/www.24baires.com\/index.php?rest_route=%2Fwp%2Fv2%2Fcomments&post=16893"}],"version-history":[{"count":2,"href":"https:\/\/www.24baires.com\/index.php?rest_route=\/wp\/v2\/posts\/16893\/revisions"}],"predecessor-version":[{"id":16895,"href":"https:\/\/www.24baires.com\/index.php?rest_route=\/wp\/v2\/posts\/16893\/revisions\/16895"}],"wp:attachment":[{"href":"https:\/\/www.24baires.com\/index.php?rest_route=%2Fwp%2Fv2%2Fmedia&parent=16893"}],"wp:term":[{"taxonomy":"category","embeddable":true,"href":"https:\/\/www.24baires.com\/index.php?rest_route=%2Fwp%2Fv2%2Fcategories&post=16893"},{"taxonomy":"post_tag","embeddable":true,"href":"https:\/\/www.24baires.com\/index.php?rest_route=%2Fwp%2Fv2%2Ftags&post=16893"}],"curies":[{"name":"wp","href":"https:\/\/api.w.org\/{rel}","templated":true}]}}