{"id":16890,"date":"2013-02-27T14:30:16","date_gmt":"2013-02-27T17:30:16","guid":{"rendered":"http:\/\/www.24baires.com\/?p=16890"},"modified":"2013-02-27T13:14:29","modified_gmt":"2013-02-27T16:14:29","slug":"familiares-de-erica-soriano-marcharan-a-tribunales-reclamando-la-detencion-de-lagostena","status":"publish","type":"post","link":"https:\/\/www.24baires.com\/?p=16890","title":{"rendered":"Familiares de \u00c9rica Soriano marchar\u00e1n a Tribunales reclamando la detenci\u00f3n de Lagostena"},"content":{"rendered":"<p>\u00abVamos a pedir la prisi\u00f3n para Daniel Lagostena, preso es como tiene que estar\u00bb, se\u00f1al\u00f3 Esther, la mam\u00e1 de la joven que desapareci\u00f3 en 2010. La manifestaci\u00f3n ser\u00e1 el 6 de marzo frente a los Tribunales de Lomas de Zamora. Ese mismo d\u00eda presentar\u00e1n un recurso para la detenci\u00f3n del \u00fanico sospechoso del crimen, Daniel Lagostena.<!--more--><br \/>\n\u201cNosotros vamos a pedir la prisi\u00f3n para Daniel Lagostena considerando que preso es como tiene que estar\u201d, remarc\u00f3 Ester Soriano al portal de noticias Inforeg\u00f3n, la mam\u00e1 de la chica que al momento de su desaparici\u00f3n estaba embarazada de dos meses.<\/p>\n<p>\u201cEstoy buscando justicia por mi hija y la \u00fanica manera es que el est\u00e9 detenido. El fue puesto en libertad por un error, no por falta de pruebas. Todos consideramos que las pruebas abundan\u201d, asegur\u00f3 la mujer, e insisti\u00f3 en que su liberaci\u00f3n se trat\u00f3 de una \u201ccuesti\u00f3n legal, un detalle del rigor de la justicia que hoy esta ciega, sorda y muda\u201d.<\/p>\n<p>Respecto a la marcha, Ester se\u00f1al\u00f3: \u201cVamos a hacer esta marcha para apoyar el pedido de justicia. Saldremos de mi casa (La Calandria 1288, Villa Celina) junto a toda la gente que sea cercana, y all\u00ed se nos van a sumar las organizaciones y personas que ya han participado por el caso de \u00c9rica\u2026 van a venir de Lan\u00fas y Lomas de Zamora\u201d.<\/p>\n<p>A su vez, Ester se mostr\u00f3 profundamente agradecida por el apoyo de la gente que la acompa\u00f1a y el trabajo del abogado Marcelo Mazzeo tanto como el del juez de Garant\u00edas Gabriel Vitale. \u201cTengo la suerte de que la gente me apoya, est\u00e1 muy presente y puedo seguir contando con ella. Eso es impagable\u201d, expres\u00f3.<\/p>\n<p>Tras el fallo de la C\u00e1mara de Apelaciones y Garant\u00edas de Lomas de Zamora que liber\u00f3 al \u00fanico se\u00f1alado como responsable de la desaparici\u00f3n, secuestro y asesinato de \u00c9rica Soriano en 2010, el abogado de la familia Soriano, Mazzeo, presentar\u00e1 el 6 de marzo un recurso ante el Tribunal para que este se revoque, el cual se ahonda en las pruebas que incriminan a Lagostena.<\/p>\n<p>&nbsp;<\/p>\n<p>&nbsp;<\/p>\n<p>&nbsp;<\/p>\n<p>&nbsp;<\/p>\n<p>&nbsp;<\/p>\n<p>&nbsp;<\/p>\n<p>&nbsp;<\/p>\n<p>&nbsp;<\/p>\n<p>&nbsp;<\/p>\n<p>&nbsp;<\/p>\n<p>&nbsp;<\/p>\n<p>&nbsp;<\/p>\n<p>&nbsp;<\/p>\n<p>&nbsp;<\/p>\n<p>&nbsp;<\/p>\n<p>&nbsp;<\/p>\n<p>&nbsp;<\/p>\n<p>&nbsp;<\/p>\n","protected":false},"excerpt":{"rendered":"<p>\u00abVamos a pedir la prisi\u00f3n para Daniel Lagostena, preso es como tiene que estar\u00bb, se\u00f1al\u00f3 Esther, la mam\u00e1 de la joven que desapareci\u00f3 en 2010. La manifestaci\u00f3n ser\u00e1 el 6 de marzo frente a los Tribunales de Lomas de Zamora. Ese mismo d\u00eda presentar\u00e1n un recurso para la detenci\u00f3n del \u00fanico sospechoso del crimen, Daniel Lagostena.<\/p>\n","protected":false},"author":4,"featured_media":0,"comment_status":"open","ping_status":"open","sticky":false,"template":"","format":"standard","meta":{"_jetpack_newsletter_access":"","_jetpack_dont_email_post_to_subs":false,"_jetpack_newsletter_tier_id":0,"_jetpack_memberships_contains_paywalled_content":false,"_jetpack_memberships_contains_paid_content":false,"footnotes":""},"categories":[1],"tags":[],"class_list":["post-16890","post","type-post","status-publish","format-standard","hentry","category-sociedad"],"jetpack_featured_media_url":"","jetpack_shortlink":"https:\/\/wp.me\/p2JWE0-4oq","jetpack-related-posts":[{"id":17533,"url":"https:\/\/www.24baires.com\/?p=17533","url_meta":{"origin":16890,"position":0},"title":"Volver\u00e1n a reclamar la detenci\u00f3n de Lagostena por la desaparici\u00f3n de \u00c9rica Soriano","author":"AF","date":"05\/03\/2013","format":false,"excerpt":"La familia de Erica Soriano, desaparecida en Lan\u00fas en 2010, har\u00e1 una nueva presentaci\u00f3n ante la Justicia para reclamar la detenci\u00f3n del \u00fanico imputado, Daniel Lagostena beneficiado por la C\u00e1mara, y denunciar\u00e1 errores en el proceder de la causa. Reivindican labor del Senado provincial en reforma del Poder Judicial. El\u2026","rel":"","context":"En \u00abSociedad\u00bb","block_context":{"text":"Sociedad","link":"https:\/\/www.24baires.com\/?cat=1"},"img":{"alt_text":"","src":"","width":0,"height":0},"classes":[]},{"id":10210,"url":"https:\/\/www.24baires.com\/?p=10210","url_meta":{"origin":16890,"position":1},"title":"La familia de \u00c9rica Soriano repudi\u00f3 la anulaci\u00f3n de la preventiva a Lagostena","author":"Grupo Sierra","date":"23\/12\/2012","format":false,"excerpt":"LOMAS DE ZAMORA - \u201cQuer\u00eda que est\u00e9 en la c\u00e1rcel, es el \u00fanico que sabe qu\u00e9 pas\u00f3\u201d, asegur\u00f3 la mam\u00e1 de \u00c9rica Soriano, Mar\u00eda Esther. As\u00ed, expres\u00f3 su descontento por la decisi\u00f3n de la C\u00e1mara de Apelaciones de liberar al \u00fanico imputado por la desaparici\u00f3n de la joven. \u201cDespu\u00e9s del\u2026","rel":"","context":"En \u00abPoliciales\u00bb","block_context":{"text":"Policiales","link":"https:\/\/www.24baires.com\/?cat=49"},"img":{"alt_text":"soriano erica","src":"https:\/\/i0.wp.com\/www.24baires.com\/wp-content\/uploads\/2012\/12\/soriano-erica-300x180.jpg?resize=350%2C200","width":350,"height":200},"classes":[]},{"id":10790,"url":"https:\/\/www.24baires.com\/?p=10790","url_meta":{"origin":16890,"position":2},"title":"Buscar\u00e1n llevar a juicio pol\u00edtico a los que liberaron a Lagostena, ex pareja de \u00c9rica","author":"AF","date":"29\/12\/2012","format":false,"excerpt":"Lo adelant\u00f3 el abogado Marcelo Mazzeo al poner bajo sospecha la excarcelaci\u00f3n resuelta por la Sala III de la C\u00e1mara de Apelaciones lomense y calificarla como un presunto caso de corrupci\u00f3n judicial. \u201cAlgo hay detr\u00e1s de este fallo vergonzoso, arbitrario y absurdo, y lo vamos a investigar\u201d, asegur\u00f3. Lagostena est\u00e1\u2026","rel":"","context":"En \u00abSociedad\u00bb","block_context":{"text":"Sociedad","link":"https:\/\/www.24baires.com\/?cat=1"},"img":{"alt_text":"","src":"","width":0,"height":0},"classes":[]},{"id":10356,"url":"https:\/\/www.24baires.com\/?p=10356","url_meta":{"origin":16890,"position":3},"title":"La Justicia define este mi\u00e9rcoles si libera al acusado de asesinar a \u00c9rica Soriano","author":"Grupo Sierra","date":"25\/12\/2012","format":false,"excerpt":"LOMAS DE ZAMORA - La Justicia lomense definir\u00e1 el mi\u00e9rcoles si excarcela a Daniel Lagostena, acusado de asesinar a su pareja, Erica Soriano, luego de que se anular\u00e1 su prisi\u00f3n preventiva. La Sala III de la C\u00e1mara de Apelaciones del Departamento Judicial de Lomas de Zamora anul\u00f3 por un error\u2026","rel":"","context":"En \u00abPoliciales\u00bb","block_context":{"text":"Policiales","link":"https:\/\/www.24baires.com\/?cat=49"},"img":{"alt_text":"","src":"","width":0,"height":0},"classes":[]},{"id":20812,"url":"https:\/\/www.24baires.com\/?p=20812","url_meta":{"origin":16890,"position":4},"title":"Caso \u00c9rica Soriano: rechazaron el recurso presentado por la familia de la v\u00edctima","author":"AF","date":"12\/04\/2013","format":false,"excerpt":"En marzo, el abogado de la familia Soriano, Marcelo Mazzeo, hab\u00eda presentado un recurso de queja por la liberaci\u00f3n de Daniel Lagostena a fines del a\u00f1o pasado. Seg\u00fan confirm\u00f3 ayer el letrado, la C\u00e1mara de Apelaci\u00f3n y Garant\u00edas de Lomas desestim\u00f3 el reclamo. Present\u00f3 en la C\u00e1mara de Casaci\u00f3n bonaerense\u2026","rel":"","context":"En \u00abSociedad\u00bb","block_context":{"text":"Sociedad","link":"https:\/\/www.24baires.com\/?cat=1"},"img":{"alt_text":"","src":"","width":0,"height":0},"classes":[]},{"id":10438,"url":"https:\/\/www.24baires.com\/?p=10438","url_meta":{"origin":16890,"position":5},"title":"Volvieron a dictar prisi\u00f3n preventiva para Daniel Lagostena, ex pareja de \u00c9rica Soriano","author":"AF","date":"26\/12\/2012","format":false,"excerpt":"La ex pareja de \u00c9rica Soriano, la embarazada desaparecida desde 2010, continuar\u00e1 preso luego de que la Justicia de Lomas de Zamora le dict\u00f3 nuevamente la prisi\u00f3n preventiva por \"homicidio y aborto en el contexto de violencia familiar\". As\u00ed lo resolvi\u00f3 durante el mediod\u00eda de este mi\u00e9rcoles el juez de\u2026","rel":"","context":"En \u00abSociedad\u00bb","block_context":{"text":"Sociedad","link":"https:\/\/www.24baires.com\/?cat=1"},"img":{"alt_text":"lagostena soriano","src":"https:\/\/i0.wp.com\/www.24baires.com\/wp-content\/uploads\/2012\/12\/lagostena-soriano.jpg?resize=350%2C200","width":350,"height":200,"srcset":"https:\/\/i0.wp.com\/www.24baires.com\/wp-content\/uploads\/2012\/12\/lagostena-soriano.jpg?resize=350%2C200 1x, https:\/\/i0.wp.com\/www.24baires.com\/wp-content\/uploads\/2012\/12\/lagostena-soriano.jpg?resize=525%2C300 1.5x"},"classes":[]}],"jetpack_sharing_enabled":true,"jetpack_likes_enabled":true,"_links":{"self":[{"href":"https:\/\/www.24baires.com\/index.php?rest_route=\/wp\/v2\/posts\/16890","targetHints":{"allow":["GET"]}}],"collection":[{"href":"https:\/\/www.24baires.com\/index.php?rest_route=\/wp\/v2\/posts"}],"about":[{"href":"https:\/\/www.24baires.com\/index.php?rest_route=\/wp\/v2\/types\/post"}],"author":[{"embeddable":true,"href":"https:\/\/www.24baires.com\/index.php?rest_route=\/wp\/v2\/users\/4"}],"replies":[{"embeddable":true,"href":"https:\/\/www.24baires.com\/index.php?rest_route=%2Fwp%2Fv2%2Fcomments&post=16890"}],"version-history":[{"count":2,"href":"https:\/\/www.24baires.com\/index.php?rest_route=\/wp\/v2\/posts\/16890\/revisions"}],"predecessor-version":[{"id":16892,"href":"https:\/\/www.24baires.com\/index.php?rest_route=\/wp\/v2\/posts\/16890\/revisions\/16892"}],"wp:attachment":[{"href":"https:\/\/www.24baires.com\/index.php?rest_route=%2Fwp%2Fv2%2Fmedia&parent=16890"}],"wp:term":[{"taxonomy":"category","embeddable":true,"href":"https:\/\/www.24baires.com\/index.php?rest_route=%2Fwp%2Fv2%2Fcategories&post=16890"},{"taxonomy":"post_tag","embeddable":true,"href":"https:\/\/www.24baires.com\/index.php?rest_route=%2Fwp%2Fv2%2Ftags&post=16890"}],"curies":[{"name":"wp","href":"https:\/\/api.w.org\/{rel}","templated":true}]}}