{"id":16877,"date":"2013-02-27T12:00:12","date_gmt":"2013-02-27T15:00:12","guid":{"rendered":"http:\/\/www.24baires.com\/?p=16877"},"modified":"2013-02-28T13:26:05","modified_gmt":"2013-02-28T16:26:05","slug":"avalan-la-constitucionalidad-de-la-ley-de-medios-el-fiscal-se-expidio-a-su-favor","status":"publish","type":"post","link":"https:\/\/www.24baires.com\/?p=16877","title":{"rendered":"Avalan la constitucionalidad de la Ley de Medios: el fiscal se expidi\u00f3 a su favor"},"content":{"rendered":"<p>De esta manera, Jos\u00e9 Mar\u00eda Medrano recomend\u00f3 la confirmaci\u00f3n del fallo del juez de primera instancia del juzgado federal en lo Civil y Comercial N\u00famero 1, Horacio Alfonso, que el 14 de diciembre resolvi\u00f3 rechazar la demanda del Grupo Clar\u00edn.<!--more--><br \/>\nEl Fiscal de la C\u00e1mara Federal, Jos\u00e9 Mar\u00eda Medrano, se expidi\u00f3 a favor de la constitucionalidad de la ley de Medios, recomendando la confirmaci\u00f3n del fallo del juez de primera instancia del juzgado federal en lo civil y comercial n\u00famero uno, Horacio Alfonso, quien el 14 de diciembre pasado resolvi\u00f3 rechazar la demanda del Grupo Clar\u00edn.<\/p>\n<p>Asimismo, la C\u00e1mara inform\u00f3 que ma\u00f1ana se llevar\u00e1 a cabo el sorteo para disponer el orden de votaci\u00f3n de los jueces De las Carreras, Najurieta y Guarinoni, que deber\u00e1n expedirse sobre la cuesti\u00f3n, informaron fuentes judiciales.<\/p>\n<p>&nbsp;<\/p>\n<p>&nbsp;<\/p>\n<p>&nbsp;<\/p>\n<p>&nbsp;<\/p>\n<p>&nbsp;<\/p>\n<p>&nbsp;<\/p>\n<p>&nbsp;<\/p>\n<p>&nbsp;<\/p>\n<p>&nbsp;<\/p>\n<p>&nbsp;<\/p>\n<p>&nbsp;<\/p>\n<p>&nbsp;<\/p>\n<p>&nbsp;<\/p>\n<p>&nbsp;<\/p>\n<p>&nbsp;<\/p>\n<p>&nbsp;<\/p>\n<p>&nbsp;<\/p>\n","protected":false},"excerpt":{"rendered":"<p>De esta manera, Jos\u00e9 Mar\u00eda Medrano recomend\u00f3 la confirmaci\u00f3n del fallo del juez de primera instancia del juzgado federal en lo Civil y Comercial N\u00famero 1, Horacio Alfonso, que el 14 de diciembre resolvi\u00f3 rechazar la demanda del Grupo Clar\u00edn.<\/p>\n","protected":false},"author":4,"featured_media":0,"comment_status":"open","ping_status":"open","sticky":false,"template":"","format":"standard","meta":{"_jetpack_newsletter_access":"","_jetpack_dont_email_post_to_subs":false,"_jetpack_newsletter_tier_id":0,"_jetpack_memberships_contains_paywalled_content":false,"_jetpack_memberships_contains_paid_content":false,"footnotes":""},"categories":[54],"tags":[],"class_list":["post-16877","post","type-post","status-publish","format-standard","hentry","category-medios"],"jetpack_featured_media_url":"","jetpack_shortlink":"https:\/\/wp.me\/p2JWE0-4od","jetpack-related-posts":[{"id":21263,"url":"https:\/\/www.24baires.com\/?p=21263","url_meta":{"origin":16877,"position":0},"title":"Ley de medios: para la C\u00e1mara Federal dos art\u00edculos son constitucionales y dos no","author":"Grupo Sierra","date":"17\/04\/2013","format":false,"excerpt":"Los camaristas dictaron como constitucionales los art\u00edculos 161 (desinversi\u00f3n) y el 41. Y declararon que parte del art\u00edculo 45 (cantidad de licencias) y el 48 son inconstitucionales. El pr\u00f3ximo y \u00faltimo paso ser\u00e1 la Corte Suprema de la Naci\u00f3n. El juez de primera instancia y el fiscal a cargo se\u2026","rel":"","context":"En \u00abMedios\u00bb","block_context":{"text":"Medios","link":"https:\/\/www.24baires.com\/?cat=54"},"img":{"alt_text":"","src":"","width":0,"height":0},"classes":[]},{"id":8627,"url":"https:\/\/www.24baires.com\/?p=8627","url_meta":{"origin":16877,"position":1},"title":"La Corte Suprema rechaz\u00f3 el per saltum","author":"Grupo Sierra","date":"10\/12\/2012","format":false,"excerpt":"El m\u00e1ximo tribunal resolvi\u00f3 no hacer uso de ese recurso, solicitado por el Gobierno para revisar el fallo de la C\u00e1mara que hab\u00eda extendido la cautelar del Grupo Clar\u00edn en contra de la aplicaci\u00f3n de la Ley de Medios. Se deber\u00e1 esperar el fallo del Juez Alfonso. AMPLIAREMOS La Corte\u2026","rel":"","context":"En \u00abMedios\u00bb","block_context":{"text":"Medios","link":"https:\/\/www.24baires.com\/?cat=54"},"img":{"alt_text":"","src":"","width":0,"height":0},"classes":[]},{"id":9584,"url":"https:\/\/www.24baires.com\/?p=9584","url_meta":{"origin":16877,"position":2},"title":"Ley de Medios: el juez Alfonso acept\u00f3 la apelaci\u00f3n de Clar\u00edn","author":"AF","date":"18\/12\/2012","format":false,"excerpt":"El juez subrogante de primera instancia en lo Civil y Comercial, Horacio Alfonso, acept\u00f3 este martes la apelaci\u00f3n del Grupo Clar\u00edn respecto del fallo que sosten\u00eda la constitucionalidad de los art\u00edculos 161 y 45 de la ley de Servicios de Comunicaci\u00f3n Audiovisual. La C\u00e1mara Nacional de Apelaciones en lo Civil\u2026","rel":"","context":"En \u00abMedios\u00bb","block_context":{"text":"Medios","link":"https:\/\/www.24baires.com\/?cat=54"},"img":{"alt_text":"alfonso juez","src":"https:\/\/i0.wp.com\/www.24baires.com\/wp-content\/uploads\/2012\/12\/alfonso-juez-300x224.jpg?resize=350%2C200","width":350,"height":200},"classes":[]},{"id":13129,"url":"https:\/\/www.24baires.com\/?p=13129","url_meta":{"origin":16877,"position":3},"title":"Tanto el Gobierno como Clar\u00edn presentaron fundamentos de las apelaciones","author":"AF","date":"22\/01\/2013","format":false,"excerpt":"Se trata de los fundamentos de las apelaciones que hicieron el mes pasado contra el fallo del juez civil y comercial federal Horacio Alfonso, quien se pronunci\u00f3 en favor de la constitucionalidad de los art\u00edculos de la ley de medios. Se trata del fallo de primera instancia del juez Horacio\u2026","rel":"","context":"En \u00abMedios\u00bb","block_context":{"text":"Medios","link":"https:\/\/www.24baires.com\/?cat=54"},"img":{"alt_text":"","src":"","width":0,"height":0},"classes":[]},{"id":9207,"url":"https:\/\/www.24baires.com\/?p=9207","url_meta":{"origin":16877,"position":4},"title":"\u00abEl fallo de Alfonso repara la aberraci\u00f3n de la C\u00e1mara\u00bb, asegur\u00f3 Raimundi","author":"AF","date":"15\/12\/2012","format":false,"excerpt":"A trav\u00e9s de un comunicado, el diputado nacional por Nuevo Encuentro, Carlos Raimundi, se refiri\u00f3 al fallo que declar\u00f3 la constitucionalidad de los art\u00edculos de la Ley de Medios que cuestionara el Grupo Clar\u00edn. El legislador Carlos Raimundi record\u00f3 que la ley votada por amplia mayor\u00eda del Congreso hace tres\u2026","rel":"","context":"En \u00abMedios\u00bb","block_context":{"text":"Medios","link":"https:\/\/www.24baires.com\/?cat=54"},"img":{"alt_text":"raimundi","src":"https:\/\/i0.wp.com\/www.24baires.com\/wp-content\/uploads\/2012\/12\/raimundi-300x200.jpg?resize=350%2C200","width":350,"height":200},"classes":[]},{"id":7759,"url":"https:\/\/www.24baires.com\/?p=7759","url_meta":{"origin":16877,"position":5},"title":"El juez Alfonso reconoci\u00f3 a la AFSCA como autoridad de aplicaci\u00f3n de la Ley de Medios","author":"Grupo Sierra","date":"03\/12\/2012","format":false,"excerpt":"El juez civil y comercial federal Horacio Alfonso hizo lugar al pedido de la Autoridad Federal de Servicios de Comunicaci\u00f3n Audiovisual (AFSCA) e incorpor\u00f3 al organismo como parte en el juicio por la constitucionalidad del art\u00edculo 161 de la Ley de Medios. El magistrado dict\u00f3 esa resoluci\u00f3n cuatro d\u00edas antes\u2026","rel":"","context":"En \u00abMedios\u00bb","block_context":{"text":"Medios","link":"https:\/\/www.24baires.com\/?cat=54"},"img":{"alt_text":"","src":"","width":0,"height":0},"classes":[]}],"jetpack_sharing_enabled":true,"jetpack_likes_enabled":true,"_links":{"self":[{"href":"https:\/\/www.24baires.com\/index.php?rest_route=\/wp\/v2\/posts\/16877","targetHints":{"allow":["GET"]}}],"collection":[{"href":"https:\/\/www.24baires.com\/index.php?rest_route=\/wp\/v2\/posts"}],"about":[{"href":"https:\/\/www.24baires.com\/index.php?rest_route=\/wp\/v2\/types\/post"}],"author":[{"embeddable":true,"href":"https:\/\/www.24baires.com\/index.php?rest_route=\/wp\/v2\/users\/4"}],"replies":[{"embeddable":true,"href":"https:\/\/www.24baires.com\/index.php?rest_route=%2Fwp%2Fv2%2Fcomments&post=16877"}],"version-history":[{"count":3,"href":"https:\/\/www.24baires.com\/index.php?rest_route=\/wp\/v2\/posts\/16877\/revisions"}],"predecessor-version":[{"id":16879,"href":"https:\/\/www.24baires.com\/index.php?rest_route=\/wp\/v2\/posts\/16877\/revisions\/16879"}],"wp:attachment":[{"href":"https:\/\/www.24baires.com\/index.php?rest_route=%2Fwp%2Fv2%2Fmedia&parent=16877"}],"wp:term":[{"taxonomy":"category","embeddable":true,"href":"https:\/\/www.24baires.com\/index.php?rest_route=%2Fwp%2Fv2%2Fcategories&post=16877"},{"taxonomy":"post_tag","embeddable":true,"href":"https:\/\/www.24baires.com\/index.php?rest_route=%2Fwp%2Fv2%2Ftags&post=16877"}],"curies":[{"name":"wp","href":"https:\/\/api.w.org\/{rel}","templated":true}]}}