{"id":16874,"date":"2013-02-27T11:30:54","date_gmt":"2013-02-27T14:30:54","guid":{"rendered":"http:\/\/www.24baires.com\/?p=16874"},"modified":"2013-02-27T12:01:03","modified_gmt":"2013-02-27T15:01:03","slug":"el-77-de-las-mujeres-atendidas-por-violencia-de-genero-fueron-agredidas-por-su-pareja","status":"publish","type":"post","link":"https:\/\/www.24baires.com\/?p=16874","title":{"rendered":"El 77% de las mujeres atendidas por violencia de g\u00e9nero fueron agredidas por su pareja"},"content":{"rendered":"<p>Entre 2011 y 2012 se atendieron 895 casos de violencias en hospitales y centros de salud de la provincia de Buenos Aires: el 81,5 por ciento fueron mujeres. La franja m\u00e1s afectada es la que va de los 15 a 39 a\u00f1os y el tipo de violencia m\u00e1s com\u00fan es la f\u00edsica, asociada a otras violencias.<!--more--><\/p>\n<p>Un estudio del ministerio de Salud de la provincia de Buenos Aires sobre las situaciones de violencia atendidas en los hospitales entre 2011 y 2012 da cuenta que la violencia contra la mujer es altamente mayoritaria, sobre todo en la juventud, desde los 20 a los 39 a\u00f1os. En esa franja etaria, el agresor casi siempre es un hombre que tiene o tuvo un v\u00ednculo sentimental con la v\u00edctima, por lo menos en el 77,5 por ciento de los casos.<\/p>\n<p>\u201cLa problem\u00e1tica de la violencia contra la mujer debe ser abordada en el contexto de la atenci\u00f3n p\u00fablica de la salud en la provincia de Buenos Aires\u201d, afirm\u00f3 el ministro de Salud, Alejandro Collia. Buenos Aires fue la primera provincia del pa\u00eds en contar con un registro estad\u00edstico sobre casos de violencia de g\u00e9nero atendidos en los hospitales y centros de salud p\u00fablicos. Este estudio es el segundo que se realiza; el primero fue presentado en noviembre de 2011.<\/p>\n<p>El informe surge de las nuevas estad\u00edsticas, los datos comparados y del an\u00e1lisis epidemiol\u00f3gico sobre el per\u00edodo que va de enero de 2011 a diciembre de 2012 y fueron provistos por el Sistema de Informaci\u00f3n del Programa Provincial de Prevenci\u00f3n y Atenci\u00f3n de la Violencia Familiar y de G\u00e9nero. En total se contabilizaron 895 casos en las 12 Regiones Sanitarias en que se divide la Provincia : 729 corresponden a mujeres v\u00edctimas de violencia, es decir el 81,5 por ciento.<\/p>\n<p>El ministro Collia asegur\u00f3 que \u201ces fundamental para nosotros contar con estad\u00edsticas sobre el flagelo de la violencia de g\u00e9nero para dar un abordaje integral y una contenci\u00f3n real a las mujeres que ingresan a los hospitales por esta causa\u201d. En 2012 fueron atendidas 383 mujeres: el 61,9% correspondi\u00f3 a mujeres de 15 a 39 a\u00f1os; el 13,8% de 40 a 60; el 12,8% de 6 a 14; el 6% de 1 a 5; el 2,6% en mayores de 60; y el 2,9% en menores de 1 a\u00f1o.<\/p>\n<p>\u201cLas mujeres j\u00f3venes son las m\u00e1s afectadas por las violencias. Con este porcentaje estamos viendo varias cuestiones en simult\u00e1neo: entre ellas la incidencia de los llamados noviazgos violentos; la mayor vulnerabilidad de las mujeres durante su edad f\u00e9rtil, muchas de estas mujeres sufren la violencia en el embarazo o cuando est\u00e1n criando a sus hijas e hijos peque\u00f1os\u201d, explic\u00f3 la coordinadora del Programa, Lidia Tundidor.<\/p>\n<p>Adem\u00e1s, indic\u00f3 que la prominencia de mujeres j\u00f3venes \u201cexpresa un incremento del deseo de pedir ayuda y recurrir al sistema sanitario, menos naturalizaci\u00f3n de las violencias y m\u00e1s visibilidad, que aumentan nuestra responsabilidad y compromiso\u201d.<\/p>\n<p>VIOLENCIAS<\/p>\n<p>En la franja que va desde los15 a los 19 a\u00f1os se registraron 51 casos en 2012. En el 39,4% de las situaciones el agresor fue un hombre con alg\u00fan v\u00ednculo con la v\u00edctima. \u201cAc\u00e1 es donde vemos los llamados noviazgos violentos\u201d, afirm\u00f3 Tundidor. En tanto que en otro 37,4% de los casos el agresor fue alguien de la familia de la v\u00edctima.<\/p>\n<p>Otro dato a tener en cuenta es que el 44,7% de estas mujeres ingresaron al hospital por la guardia. \u201cEs decir que presentaban un alto compromiso de su estado de salud\u201d, dice Tundidor y explica que \u201ctoda violencia siempre empieza en el plano psicol\u00f3gico y emocional, cuando una mujer llega al hospital probablemente venga de hace 5 a\u00f1os de estar sometida a distintos tipos de violencias\u201d. Seg\u00fan el an\u00e1lisis del Programa, el 72,6% de las violencias ejercidas contra estas mujeres incluyeron la violencia f\u00edsica.<\/p>\n<p>En cuanto a la franja etaria que va de los 20 a 39 a\u00f1os la violencia se da con similares caracter\u00edsticas pero en forma m\u00e1s agravada: en el 77,5% de los casos el agresor fue la pareja o la ex pareja (esposo, pareja con la que convive o no, novio, ex novio); en el 81,8% incluy\u00f3 violencia f\u00edsica combinada con psicol\u00f3gica, sexual, verbal, econ\u00f3mica. Las mujeres llegaron al hospital a trav\u00e9s del ingreso por guardia en el 54,7% de los casos.<\/p>\n<p>Tambi\u00e9n en 2012, en cuanto a la franja etaria que va de los 20 a 39 a\u00f1os la violencia se dio con similares caracter\u00edsticas pero en forma m\u00e1s agravada: en el 77,5% de los casos el agresor fue la pareja o la ex pareja (esposo, pareja con la que convive o no, novio, ex novio); en el 81,8% incluy\u00f3 violencia f\u00edsica combinada con psicol\u00f3gica, sexual, verbal, econ\u00f3mica. Las mujeres llegaron al hospital a trav\u00e9s del ingreso por guardia en el 54,7% de los casos.<\/p>\n<p>\u201cEl ministro Collia ha puesto a la violencia de g\u00e9nero en la agenda sanitaria de la Provincia. M\u00e1s capacitaci\u00f3n a los equipos de salud, m\u00e1s gesti\u00f3n en red, m\u00e1s trabajo directo con la comunidad, siete protocolos de violencias con los que trabajamos en los hospitales, mejor informaci\u00f3n, tambi\u00e9n inciden en que las mujeres, j\u00f3venes o no, se acerquen al hospital a buscar ayuda\u201d, indic\u00f3 Tundidor.<\/p>\n<p>Tambi\u00e9n explic\u00f3 que \u201ctodos y todas estamos insertos y socializados en un orden social patriarcal, que juega en la determinaci\u00f3n de los roles, creencias, subjetividades, modos y sentidos relacionales. Entonces tenemos que entender que las violencias se dan en una situaci\u00f3n de asimetr\u00eda de poder y de dominaci\u00f3n y que, por eso mismo, las v\u00edctimas son mayoritariamente las mujeres\u201d. Finalmente Tundidor afirm\u00f3: \u201csabemos que una vida libre de violencias es posible y eso es construir salud y equidad con perspectiva de G\u00e9nero y Derecho, nuestro norte y desaf\u00edo de cada d\u00eda\u201d.<\/p>\n","protected":false},"excerpt":{"rendered":"<p>Entre 2011 y 2012 se atendieron 895 casos de violencias en hospitales y centros de salud de la provincia de Buenos Aires: el 81,5 por ciento fueron mujeres. La franja m\u00e1s afectada es la que va de los 15 a 39 a\u00f1os y el tipo de violencia m\u00e1s com\u00fan es la f\u00edsica, asociada a otras violencias.<\/p>\n","protected":false},"author":4,"featured_media":0,"comment_status":"open","ping_status":"open","sticky":false,"template":"","format":"standard","meta":{"_jetpack_newsletter_access":"","_jetpack_dont_email_post_to_subs":false,"_jetpack_newsletter_tier_id":0,"_jetpack_memberships_contains_paywalled_content":false,"_jetpack_memberships_contains_paid_content":false,"footnotes":""},"categories":[1],"tags":[],"class_list":["post-16874","post","type-post","status-publish","format-standard","hentry","category-sociedad"],"jetpack_featured_media_url":"","jetpack_shortlink":"https:\/\/wp.me\/p2JWE0-4oa","jetpack-related-posts":[{"id":41114,"url":"https:\/\/www.24baires.com\/?p=41114","url_meta":{"origin":16874,"position":0},"title":"Datos alarmantes: El 40% de las mujeres golpeadas convive con su agresor","author":"Grupo Sierra","date":"25\/02\/2014","format":false,"excerpt":"La estad\u00edstica es resultado de los registros de los hospitales p\u00fablicos bonaerenses. Piden tomar mayores medidas para la conciencia. De acuerdo a una estad\u00edstica sobre 1.388 casos elaborada por el Programa para la Atenci\u00f3n de la Violencia Familiar y de G\u00e9nero del ministerio de Salud bonaerense, m\u00e1s de la mitad\u2026","rel":"","context":"En \u00abSociedad\u00bb","block_context":{"text":"Sociedad","link":"https:\/\/www.24baires.com\/?cat=1"},"img":{"alt_text":"","src":"","width":0,"height":0},"classes":[]},{"id":6522,"url":"https:\/\/www.24baires.com\/?p=6522","url_meta":{"origin":16874,"position":1},"title":"Casi la mitad de las mujeres v\u00edctimas de violencia de g\u00e9nero convive con su agresor","author":"AF","date":"23\/11\/2012","format":false,"excerpt":"Seg\u00fan un informe del Ministerio de Salud de la Provincia, el 90 % de los casos de violencia de g\u00e9nero es ejercido contra la mujer y en casi su totalidad el agresor pertenece al c\u00edrculo \u00edntimo de la v\u00edctima, seg\u00fan se estableci\u00f3 a trav\u00e9s estad\u00edsticas difundidas en el marco de\u2026","rel":"","context":"En \u00abSociedad\u00bb","block_context":{"text":"Sociedad","link":"https:\/\/www.24baires.com\/?cat=1"},"img":{"alt_text":"","src":"","width":0,"height":0},"classes":[]},{"id":114321,"url":"https:\/\/www.24baires.com\/?p=114321","url_meta":{"origin":16874,"position":2},"title":"Kicillof reglament\u00f3 la Ley sobre licencias por violencia de g\u00e9nero en la Provincia","author":"GB","date":"06\/03\/2020","format":false,"excerpt":"En el marco del D\u00eda de la Mujer que celebra el 8 de marzo, el Gobernador firm\u00f3 el decreto que reglamenta la Ley N\u00b0 14.893, que establece la \"Licencia para mujeres v\u00edctimas de violencia\". La licencia contempla las ausencias y la flexibilidad horaria necesaria para atender situaciones de las v\u00edctimas\u2026","rel":"","context":"En \u00abProvincia\u00bb","block_context":{"text":"Provincia","link":"https:\/\/www.24baires.com\/?cat=40"},"img":{"alt_text":"","src":"https:\/\/i0.wp.com\/www.24baires.com\/wp-content\/uploads\/2020\/03\/lic.-violencia.jpg?resize=350%2C200","width":350,"height":200},"classes":[]},{"id":102300,"url":"https:\/\/www.24baires.com\/?p=102300","url_meta":{"origin":16874,"position":3},"title":"Denuncian que la Provincia ech\u00f3 a cinco trabajadoras por adherir a un paro","author":"GB","date":"23\/05\/2018","format":false,"excerpt":"Se trata de cinco empleadas del equipo de seguimiento de casos de violencia de g\u00e9nero que funciona en el Instituto de G\u00e9nero de la Provincia. El organismo depende de la Secretar\u00eda de Derechos Humanos Trabajadores del Instituto de G\u00e9nero y Diversidad Sexual de la provincia de Buenos Aires denunciaron que\u2026","rel":"","context":"En \u00abProvincia\u00bb","block_context":{"text":"Provincia","link":"https:\/\/www.24baires.com\/?cat=40"},"img":{"alt_text":"","src":"https:\/\/i0.wp.com\/www.24baires.com\/wp-content\/uploads\/2018\/01\/ate-300x200.jpg?resize=350%2C200","width":350,"height":200},"classes":[]},{"id":114549,"url":"https:\/\/www.24baires.com\/?p=114549","url_meta":{"origin":16874,"position":4},"title":"El ministerio de las Mujeres otorgar\u00e1 subsidios para casos de violencia de g\u00e9nero","author":"GB","date":"30\/03\/2020","format":false,"excerpt":"En lo que va del aislamiento social y obligatorio, ya se registraron 10 casos de femicidios. Ante el recrudecimiento de la violencia, Kicillof autoriz\u00f3 el otorgamiento de subsidios para gastos que puedan tener las v\u00edctimas. El gobernador bonaerense, Axel Kicillof, autoriz\u00f3 esta ma\u00f1ana, mediante el Decreto 178 al Ministerio de\u2026","rel":"","context":"En \u00abProvincia\u00bb","block_context":{"text":"Provincia","link":"https:\/\/www.24baires.com\/?cat=40"},"img":{"alt_text":"","src":"https:\/\/i0.wp.com\/www.24baires.com\/wp-content\/uploads\/2020\/03\/MINISTERIO-MUJERES.jpg?resize=350%2C200","width":350,"height":200,"srcset":"https:\/\/i0.wp.com\/www.24baires.com\/wp-content\/uploads\/2020\/03\/MINISTERIO-MUJERES.jpg?resize=350%2C200 1x, https:\/\/i0.wp.com\/www.24baires.com\/wp-content\/uploads\/2020\/03\/MINISTERIO-MUJERES.jpg?resize=525%2C300 1.5x"},"classes":[]},{"id":6741,"url":"https:\/\/www.24baires.com\/?p=6741","url_meta":{"origin":16874,"position":5},"title":"9 de cada 10 denuncias a un 0800 son por violencia psicol\u00f3gica y f\u00edsica de g\u00e9nero","author":"Grupo Sierra","date":"25\/11\/2012","format":false,"excerpt":"El Ministerio de Desarrollo Social de la provincia de Buenos Aires inform\u00f3 que 9 de cada 10 denuncias recibidas en la l\u00ednea de asistencia telef\u00f3nica gratuita 0800-666-5065 refieren a estos tipos de violencia. Tambi\u00e9n preocupan la violencia econ\u00f3mica, amenazas de muerte y abandono de persona. La violencia psicol\u00f3gica y la\u2026","rel":"","context":"En \u00abSociedad\u00bb","block_context":{"text":"Sociedad","link":"https:\/\/www.24baires.com\/?cat=1"},"img":{"alt_text":"","src":"","width":0,"height":0},"classes":[]}],"jetpack_sharing_enabled":true,"jetpack_likes_enabled":true,"_links":{"self":[{"href":"https:\/\/www.24baires.com\/index.php?rest_route=\/wp\/v2\/posts\/16874","targetHints":{"allow":["GET"]}}],"collection":[{"href":"https:\/\/www.24baires.com\/index.php?rest_route=\/wp\/v2\/posts"}],"about":[{"href":"https:\/\/www.24baires.com\/index.php?rest_route=\/wp\/v2\/types\/post"}],"author":[{"embeddable":true,"href":"https:\/\/www.24baires.com\/index.php?rest_route=\/wp\/v2\/users\/4"}],"replies":[{"embeddable":true,"href":"https:\/\/www.24baires.com\/index.php?rest_route=%2Fwp%2Fv2%2Fcomments&post=16874"}],"version-history":[{"count":2,"href":"https:\/\/www.24baires.com\/index.php?rest_route=\/wp\/v2\/posts\/16874\/revisions"}],"predecessor-version":[{"id":16876,"href":"https:\/\/www.24baires.com\/index.php?rest_route=\/wp\/v2\/posts\/16874\/revisions\/16876"}],"wp:attachment":[{"href":"https:\/\/www.24baires.com\/index.php?rest_route=%2Fwp%2Fv2%2Fmedia&parent=16874"}],"wp:term":[{"taxonomy":"category","embeddable":true,"href":"https:\/\/www.24baires.com\/index.php?rest_route=%2Fwp%2Fv2%2Fcategories&post=16874"},{"taxonomy":"post_tag","embeddable":true,"href":"https:\/\/www.24baires.com\/index.php?rest_route=%2Fwp%2Fv2%2Ftags&post=16874"}],"curies":[{"name":"wp","href":"https:\/\/api.w.org\/{rel}","templated":true}]}}