{"id":16863,"date":"2013-02-27T10:00:35","date_gmt":"2013-02-27T13:00:35","guid":{"rendered":"http:\/\/www.24baires.com\/?p=16863"},"modified":"2013-02-27T10:59:25","modified_gmt":"2013-02-27T13:59:25","slug":"crearan-mas-escuelas-de-policias-en-los-distritos-de-la-provincia","status":"publish","type":"post","link":"https:\/\/www.24baires.com\/?p=16863","title":{"rendered":"Crear\u00e1n m\u00e1s escuelas de Polic\u00edas en los distritos de la Provincia"},"content":{"rendered":"<p><img data-recalc-dims=\"1\" loading=\"lazy\" decoding=\"async\" class=\"alignleft size-full wp-image-16864\" alt=\"escuela de polic\u00eda\" src=\"https:\/\/i0.wp.com\/www.24baires.com\/wp-content\/uploads\/2013\/02\/escuela-de-polic%C3%ADa.jpeg?resize=205%2C138\" width=\"205\" height=\"138\" \/>Avanzan las gestiones para la creaci\u00f3n de escuelas policiales descentralizadas en todos los municipios de la provincia de Buenos Aires.<!--more--><br \/>\nEl ministro de Seguridad y Justicia bonaerense Ricardo Casal, se reuni\u00f3 con los intendentes Marisa Fassi (Ca\u00f1uelas), Ra\u00fal Basualdo (San Miguel del Monte), Juan Carlos Gasparini (Roque P\u00e9rez), Juan Carlos Veramendi (General Paz), Carlos Gorosito (Saladillo) y Gustavo Sobrero (Lobos), para avanzar en la creaci\u00f3n de escuelas policiales desecentralizadas.<br \/>\nEl objetivo es \u201cque m\u00e1s municipios cuenten con agentes locales que conozcan a sus vecinos\u201d y por ello la Provincia ya inaugur\u00f3 algunas escuelas descentralizadas.<br \/>\nDurante el encuentro, el ministro Casal ponder\u00f3 el \u201cmoderno modelo regional compuesto por un consorcio de municipios que act\u00faan de manera conjunta para la inscripci\u00f3n\u201d.<br \/>\nAsimismo, el ministro explic\u00f3 que la carrera \u201ctiene una modalidad sin internaci\u00f3n, con diez horas de cursada, con una curr\u00edcula supervisada por un consejo acad\u00e9mico con articulaci\u00f3n universitaria, como en el caso de las nuevas escuelas de La Matanza, Campana y San Mart\u00edn\u201d.<\/p>\n<p>&nbsp;<\/p>\n<p>&nbsp;<\/p>\n<p>&nbsp;<\/p>\n<p>&nbsp;<\/p>\n<p>&nbsp;<\/p>\n<p>&nbsp;<\/p>\n<p>&nbsp;<\/p>\n<p>&nbsp;<\/p>\n<p>&nbsp;<\/p>\n<p>&nbsp;<\/p>\n<p>&nbsp;<\/p>\n<p>&nbsp;<\/p>\n","protected":false},"excerpt":{"rendered":"<p>Avanzan las gestiones para la creaci\u00f3n de escuelas policiales descentralizadas en todos los municipios de la provincia de Buenos Aires.<\/p>\n","protected":false},"author":4,"featured_media":0,"comment_status":"open","ping_status":"open","sticky":false,"template":"","format":"standard","meta":{"_jetpack_newsletter_access":"","_jetpack_dont_email_post_to_subs":false,"_jetpack_newsletter_tier_id":0,"_jetpack_memberships_contains_paywalled_content":false,"_jetpack_memberships_contains_paid_content":false,"footnotes":""},"categories":[1],"tags":[],"class_list":["post-16863","post","type-post","status-publish","format-standard","hentry","category-sociedad"],"jetpack_featured_media_url":"","jetpack_shortlink":"https:\/\/wp.me\/p2JWE0-4nZ","jetpack-related-posts":[{"id":21336,"url":"https:\/\/www.24baires.com\/?p=21336","url_meta":{"origin":16863,"position":0},"title":"El Gobernador inaugur\u00f3 el ciclo lectivo policial 2013 en Berazategui","author":"AF","date":"18\/04\/2013","format":false,"excerpt":"El gobernador Daniel Scioli alent\u00f3 este jueves a seguir fortaleciendo \u201cel compromiso (policial) con la sociedad, con una s\u00f3lida preparaci\u00f3n\u201d, al inaugurar en el distrito de Berazategui el ciclo lectivo 2013 para 1.500 cadetes de tres escuelas del conurbano. Por otra parte, destac\u00f3 los progresos de las escuelas policiales descentralizadas\u2026","rel":"","context":"En \u00abSociedad\u00bb","block_context":{"text":"Sociedad","link":"https:\/\/www.24baires.com\/?cat=1"},"img":{"alt_text":"scioli casal","src":"https:\/\/i0.wp.com\/www.24baires.com\/wp-content\/uploads\/2013\/04\/scioli-casal.png?resize=350%2C200","width":350,"height":200},"classes":[]},{"id":24156,"url":"https:\/\/www.24baires.com\/?p=24156","url_meta":{"origin":16863,"position":1},"title":"Scioli inaugur\u00f3 otra Escuela de Polic\u00eda","author":"Grupo Sierra","date":"22\/05\/2013","format":false,"excerpt":"MORENO.- El Gobernador Daniel Scioli puso en marcha una nueva Escuela de Polic\u00eda descentralizada en Moreno y dio inicio al Ciclo Lectivo 2013 con m\u00e1s de 95 aspirantes oriundos del distrito, General Rodr\u00edguez y San Miguel. Estuvo acompa\u00f1ado por el ministro de Justicia y Seguridad, Ricardo Casal, y el diputado\u2026","rel":"","context":"En \u00abProvincia\u00bb","block_context":{"text":"Provincia","link":"https:\/\/www.24baires.com\/?cat=40"},"img":{"alt_text":"scioli moreno policia esc","src":"https:\/\/i0.wp.com\/www.24baires.com\/wp-content\/uploads\/2013\/05\/scioli-moreno-policia-esc.jpg?resize=350%2C200","width":350,"height":200,"srcset":"https:\/\/i0.wp.com\/www.24baires.com\/wp-content\/uploads\/2013\/05\/scioli-moreno-policia-esc.jpg?resize=350%2C200 1x, https:\/\/i0.wp.com\/www.24baires.com\/wp-content\/uploads\/2013\/05\/scioli-moreno-policia-esc.jpg?resize=525%2C300 1.5x"},"classes":[]},{"id":22240,"url":"https:\/\/www.24baires.com\/?p=22240","url_meta":{"origin":16863,"position":2},"title":"Abrir\u00e1n una Escuela de Polic\u00eda en Bah\u00eda Blanca","author":"AF","date":"30\/04\/2013","format":false,"excerpt":"El intendente del municipio de Bah\u00eda Blanca, Gustavo Bevilacqua se reuni\u00f3 con el ministro de Justicia y Seguridad bonerense, Ricardo Casal, para abordar temas de seguridad del distrito. Durante el encuentro analizaron la conveniencia de la pr\u00f3xima puesta en marcha de la Escuela descentralizada de Bah\u00eda Blanca que permitir\u00e1 incorporar\u2026","rel":"","context":"En \u00abLocales\u00bb","block_context":{"text":"Locales","link":"https:\/\/www.24baires.com\/?cat=38"},"img":{"alt_text":"","src":"","width":0,"height":0},"classes":[]},{"id":23559,"url":"https:\/\/www.24baires.com\/?p=23559","url_meta":{"origin":16863,"position":3},"title":"Inauguraron en Tres de Febrero una Escuela de Polic\u00edas","author":"AF","date":"15\/05\/2013","format":false,"excerpt":"El gobernador Daniel Scioli acompa\u00f1ado por los intendentes Hugo Curto, encabez\u00f3 la apertura del ciclo lectivo de la Escuela de Formaci\u00f3n Policial descentralizada del municipio Tres de Febrero y destac\u00f3 \u201cla influencia regional\u201d que tendr\u00e1 este establecimiento \u201cpara dar respuesta a las expectativas que tiene nuestra sociedad\u201d. Durante le acto,\u2026","rel":"","context":"En \u00abLocales\u00bb","block_context":{"text":"Locales","link":"https:\/\/www.24baires.com\/?cat=38"},"img":{"alt_text":"","src":"","width":0,"height":0},"classes":[]},{"id":30535,"url":"https:\/\/www.24baires.com\/?p=30535","url_meta":{"origin":16863,"position":4},"title":"Incorporar\u00e1n m\u00e1s de 3 mil gendarmes para incrementar la seguridad en el Conurbano","author":"AF","date":"21\/08\/2013","format":false,"excerpt":"Ocupar\u00e1n \"espacios sensibles\" del GBA, como parte de una serie de medidas anunciadas por el ministro de Seguridad y Justicia bonaerense, Ricardo Casal, para combatir el delito en la provincia de Buenos Aires. Adem\u00e1s, el funcionario provincial adelant\u00f3 que se incorporar\u00e1n m\u00e1s patrulleros al servicio, se implementar\u00e1n c\u00e1maras de seguridad\u2026","rel":"","context":"En \u00abProvincia\u00bb","block_context":{"text":"Provincia","link":"https:\/\/www.24baires.com\/?cat=40"},"img":{"alt_text":"gendarmes","src":"https:\/\/i0.wp.com\/www.24baires.com\/wp-content\/uploads\/2013\/08\/gendarmes.jpg?resize=350%2C200","width":350,"height":200},"classes":[]},{"id":22914,"url":"https:\/\/www.24baires.com\/?p=22914","url_meta":{"origin":16863,"position":5},"title":"Scioli inaugur\u00f3 dos escuelas de polic\u00edas con Intendentes de numerosos partidos pol\u00edticos","author":"AF","date":"07\/05\/2013","format":false,"excerpt":"El gobernador Daniel Scioli inaugur\u00f3 ayer lunes dos sedes descentralizadas de formaci\u00f3n policial en los distritos de Rojas y Ramallo, donde se reuni\u00f3 con intendentes de distintos signos pol\u00edticos. El Gobernador inaugur\u00f3 dos nuevas escuelas descentralizadas de polic\u00eda con casi 350 aspirantes y en ese marco destac\u00f3 el \u201ccompromiso, la\u2026","rel":"","context":"En \u00abPol\u00edtica\u00bb","block_context":{"text":"Pol\u00edtica","link":"https:\/\/www.24baires.com\/?cat=51"},"img":{"alt_text":"","src":"","width":0,"height":0},"classes":[]}],"jetpack_sharing_enabled":true,"jetpack_likes_enabled":true,"_links":{"self":[{"href":"https:\/\/www.24baires.com\/index.php?rest_route=\/wp\/v2\/posts\/16863","targetHints":{"allow":["GET"]}}],"collection":[{"href":"https:\/\/www.24baires.com\/index.php?rest_route=\/wp\/v2\/posts"}],"about":[{"href":"https:\/\/www.24baires.com\/index.php?rest_route=\/wp\/v2\/types\/post"}],"author":[{"embeddable":true,"href":"https:\/\/www.24baires.com\/index.php?rest_route=\/wp\/v2\/users\/4"}],"replies":[{"embeddable":true,"href":"https:\/\/www.24baires.com\/index.php?rest_route=%2Fwp%2Fv2%2Fcomments&post=16863"}],"version-history":[{"count":2,"href":"https:\/\/www.24baires.com\/index.php?rest_route=\/wp\/v2\/posts\/16863\/revisions"}],"predecessor-version":[{"id":16866,"href":"https:\/\/www.24baires.com\/index.php?rest_route=\/wp\/v2\/posts\/16863\/revisions\/16866"}],"wp:attachment":[{"href":"https:\/\/www.24baires.com\/index.php?rest_route=%2Fwp%2Fv2%2Fmedia&parent=16863"}],"wp:term":[{"taxonomy":"category","embeddable":true,"href":"https:\/\/www.24baires.com\/index.php?rest_route=%2Fwp%2Fv2%2Fcategories&post=16863"},{"taxonomy":"post_tag","embeddable":true,"href":"https:\/\/www.24baires.com\/index.php?rest_route=%2Fwp%2Fv2%2Ftags&post=16863"}],"curies":[{"name":"wp","href":"https:\/\/api.w.org\/{rel}","templated":true}]}}