{"id":16827,"date":"2013-02-26T18:30:42","date_gmt":"2013-02-26T21:30:42","guid":{"rendered":"http:\/\/www.24baires.com\/?p=16827"},"modified":"2013-02-26T15:16:01","modified_gmt":"2013-02-26T18:16:01","slug":"buscan-en-berazategui-a-una-nena-de-11-anos-desaparecida-el-domingo-a-la-manana","status":"publish","type":"post","link":"https:\/\/www.24baires.com\/?p=16827","title":{"rendered":"Buscan en Berazategui a una nena de 11 a\u00f1os desaparecida el domingo a la ma\u00f1ana"},"content":{"rendered":"<p>Se trata de Yanela Medina, quien sali\u00f3 de su domicilio ubicado entre las calles 114 y 26 del barrio Santa Mar\u00eda a realizar unas compras y no regres\u00f3. Su familia la busca junto a autoridades locales y provinciales.<!--more--><\/p>\n<p><img data-recalc-dims=\"1\" loading=\"lazy\" decoding=\"async\" class=\"aligncenter size-full wp-image-16828\" alt=\"yanela\" src=\"https:\/\/i0.wp.com\/www.24baires.com\/wp-content\/uploads\/2013\/02\/yanela.jpg?resize=560%2C420\" width=\"560\" height=\"420\" srcset=\"https:\/\/i0.wp.com\/www.24baires.com\/wp-content\/uploads\/2013\/02\/yanela.jpg?w=560&amp;ssl=1 560w, https:\/\/i0.wp.com\/www.24baires.com\/wp-content\/uploads\/2013\/02\/yanela.jpg?resize=300%2C225&amp;ssl=1 300w\" sizes=\"auto, (max-width: 560px) 100vw, 560px\" \/>Yanela Medina de 11 a\u00f1os es buscada intensamente luego de desaparecer de su la casa ubicada entre las calles 114 y 26 del barrio Santa Mar\u00eda de la localidad bonaerense de Berazategui.<\/p>\n<p>Seg\u00fan informa el portal lanoticia1, la nena sali\u00f3 sola cerca de las 10.00 del domingo a realizar unas compras que no la demorar\u00edan m\u00e1s de 10 minutos y nunca m\u00e1s volvi\u00f3.<\/p>\n<p>Por estas horas, la b\u00fasqueda de Yanela es buscada intensamente por su familia y autoridades locales y provinciales.<\/p>\n<p>Ante cualquier novedad sobre el paradero de la nena, su padre, la comunidad puede comunicarse con Rodolfo Medina al tel\u00e9fono (011) 15- 3020 2054.<\/p>\n<p>&nbsp;<\/p>\n<p>&nbsp;<\/p>\n<p>&nbsp;<\/p>\n<p>&nbsp;<\/p>\n<p>&nbsp;<\/p>\n<p>&nbsp;<\/p>\n<p>&nbsp;<\/p>\n<p>&nbsp;<\/p>\n<p>&nbsp;<\/p>\n<p>&nbsp;<\/p>\n<p>&nbsp;<\/p>\n<p>&nbsp;<\/p>\n<p>&nbsp;<\/p>\n<p>&nbsp;<\/p>\n<p>&nbsp;<\/p>\n","protected":false},"excerpt":{"rendered":"<p>Se trata de Yanela Medina, quien sali\u00f3 de su domicilio ubicado entre las calles 114 y 26 del barrio Santa Mar\u00eda a realizar unas compras y no regres\u00f3. Su familia la busca junto a autoridades locales y provinciales.<\/p>\n","protected":false},"author":4,"featured_media":0,"comment_status":"open","ping_status":"open","sticky":false,"template":"","format":"standard","meta":{"_jetpack_newsletter_access":"","_jetpack_dont_email_post_to_subs":false,"_jetpack_newsletter_tier_id":0,"_jetpack_memberships_contains_paywalled_content":false,"_jetpack_memberships_contains_paid_content":false,"footnotes":""},"categories":[1],"tags":[],"class_list":["post-16827","post","type-post","status-publish","format-standard","hentry","category-sociedad"],"jetpack_featured_media_url":"","jetpack_shortlink":"https:\/\/wp.me\/p2JWE0-4np","jetpack-related-posts":[{"id":17462,"url":"https:\/\/www.24baires.com\/?p=17462","url_meta":{"origin":16827,"position":0},"title":"Apareci\u00f3 asesinada Yanela Medina, la nena de once a\u00f1os desaparecida en Berazategui","author":"AF","date":"04\/03\/2013","format":false,"excerpt":"QUILMES - El cad\u00e1ver hallado el s\u00e1bado en el interior de una bolsa flotando en un arroyo de la localidad bonaerense de Ezpeleta es el de Yanela Medina de 11 a\u00f1os, desaparecida el domingo 24 en Berazategui. Fuentes policiales anticiparon que se constat\u00f3 la lamentable noticia luego de identificarla por\u2026","rel":"","context":"En \u00abPoliciales\u00bb","block_context":{"text":"Policiales","link":"https:\/\/www.24baires.com\/?cat=49"},"img":{"alt_text":"","src":"","width":0,"height":0},"classes":[]},{"id":17740,"url":"https:\/\/www.24baires.com\/?p=17740","url_meta":{"origin":16827,"position":1},"title":"Buscan a otros dos acusados por el asesinato de Yanela Medina","author":"AF","date":"07\/03\/2013","format":false,"excerpt":"BERAZATEGUI - Ser\u00edan del mismo grupo que frecuentaba la plaza de Florencio Varela, donde estuvieron con la nena de 11 a\u00f1os, aparecida muerta. La fiscal compara el patr\u00f3n gen\u00e9tico de los imputados con las huellas en el cuerpo de la v\u00edctima. Por ahora, hay tres j\u00f3venes detenidos. \u00a0 La Polic\u00eda\u2026","rel":"","context":"En \u00abPoliciales\u00bb","block_context":{"text":"Policiales","link":"https:\/\/www.24baires.com\/?cat=49"},"img":{"alt_text":"yanela small","src":"https:\/\/i0.wp.com\/www.24baires.com\/wp-content\/uploads\/2013\/03\/yanela-small-250x300.jpg?resize=350%2C200","width":350,"height":200},"classes":[]},{"id":63253,"url":"https:\/\/www.24baires.com\/?p=63253","url_meta":{"origin":16827,"position":2},"title":"Buscan intensamente a una nena de 10 a\u00f1os desaparecida en Mar del Plata","author":"AF","date":"17\/03\/2015","format":false,"excerpt":"Una nena de 10 a\u00f1os desapareci\u00f3 ayer cuando sali\u00f3 de su casa para hacer mandados en el barrio El Martillo de la ciudad de Mar del Plata, por lo que es intensamente buscada por la polic\u00eda. Se trata de Carmen Mart\u00ednez, quien seg\u00fan la descripci\u00f3n mide 1,20 metros y tiene\u2026","rel":"","context":"En \u00abLocales\u00bb","block_context":{"text":"Locales","link":"https:\/\/www.24baires.com\/?cat=38"},"img":{"alt_text":"carmen mart\u00ednez","src":"https:\/\/i0.wp.com\/www.24baires.com\/wp-content\/uploads\/2015\/03\/carmen-mart%C3%ADnez.jpeg?resize=350%2C200","width":350,"height":200,"srcset":"https:\/\/i0.wp.com\/www.24baires.com\/wp-content\/uploads\/2015\/03\/carmen-mart%C3%ADnez.jpeg?resize=350%2C200 1x, https:\/\/i0.wp.com\/www.24baires.com\/wp-content\/uploads\/2015\/03\/carmen-mart%C3%ADnez.jpeg?resize=525%2C300 1.5x"},"classes":[]},{"id":89927,"url":"https:\/\/www.24baires.com\/?p=89927","url_meta":{"origin":16827,"position":3},"title":"Caseros: apareci\u00f3 sano y salvo el nene de 2 a\u00f1os que estaba desaparecido","author":"AF","date":"17\/11\/2016","format":false,"excerpt":"Tiene dos a\u00f1os y hab\u00eda desaparecido ayer a la tarde de la puerta de su casa. Su familia y personal policial con un perro sabueso lo buscaron intensamente por el barrio. Tras horas de angustia, un hombre lo encontr\u00f3 en el techo de su casa jugando con los perros. Marcos\u2026","rel":"","context":"En \u00abLocales\u00bb","block_context":{"text":"Locales","link":"https:\/\/www.24baires.com\/?cat=38"},"img":{"alt_text":"marcos-caseros","src":"https:\/\/i0.wp.com\/www.24baires.com\/wp-content\/uploads\/2016\/11\/marcos-caseros.jpg?resize=350%2C200","width":350,"height":200,"srcset":"https:\/\/i0.wp.com\/www.24baires.com\/wp-content\/uploads\/2016\/11\/marcos-caseros.jpg?resize=350%2C200 1x, https:\/\/i0.wp.com\/www.24baires.com\/wp-content\/uploads\/2016\/11\/marcos-caseros.jpg?resize=525%2C300 1.5x"},"classes":[]},{"id":112466,"url":"https:\/\/www.24baires.com\/?p=112466","url_meta":{"origin":16827,"position":4},"title":"Sigue la b\u00fasqueda desesperada de una nena de 10 a\u00f1os en Punta Indio","author":"GB","date":"11\/10\/2019","format":false,"excerpt":"Una nena de 10 a\u00f1os es intensamente buscada desde el jueves por la polic\u00eda luego que desapareciera cuando se hallaba en una zona de playa en la localidad bonaerense de Punta Indio. La nena, identificada como Abril Caballes, tiene tez blanca, mide 1,30 metros de estatura, es de contextura delgada,\u2026","rel":"","context":"En \u00abSociedad\u00bb","block_context":{"text":"Sociedad","link":"https:\/\/www.24baires.com\/?cat=1"},"img":{"alt_text":"","src":"https:\/\/i0.wp.com\/www.24baires.com\/wp-content\/uploads\/2019\/10\/nena-desaparecida.jpeg?resize=350%2C200","width":350,"height":200,"srcset":"https:\/\/i0.wp.com\/www.24baires.com\/wp-content\/uploads\/2019\/10\/nena-desaparecida.jpeg?resize=350%2C200 1x, https:\/\/i0.wp.com\/www.24baires.com\/wp-content\/uploads\/2019\/10\/nena-desaparecida.jpeg?resize=525%2C300 1.5x"},"classes":[]},{"id":120358,"url":"https:\/\/www.24baires.com\/?p=120358","url_meta":{"origin":16827,"position":5},"title":"Familiares, amigos y vecinos dieron su \u00faltimo adi\u00f3s a Morena","author":"GB","date":"10\/08\/2023","format":false,"excerpt":"El velatorio se realiz\u00f3 en la casa de la familia paterna d\u00f3nde viv\u00eda la nena de 11 a\u00f1os asesinada por motochorros en Lan\u00fas Familiares, amigos y vecinos de Morena Dom\u00ednguez, la nena de 11 a\u00f1os que muri\u00f3 tras ser atacada por motochorros a pocos metros de la escuela, despidieron este\u2026","rel":"","context":"En \u00abSociedad\u00bb","block_context":{"text":"Sociedad","link":"https:\/\/www.24baires.com\/?cat=1"},"img":{"alt_text":"","src":"https:\/\/i0.wp.com\/www.24baires.com\/wp-content\/uploads\/2023\/08\/ultimo-adios-morena.jpg?resize=350%2C200","width":350,"height":200,"srcset":"https:\/\/i0.wp.com\/www.24baires.com\/wp-content\/uploads\/2023\/08\/ultimo-adios-morena.jpg?resize=350%2C200 1x, https:\/\/i0.wp.com\/www.24baires.com\/wp-content\/uploads\/2023\/08\/ultimo-adios-morena.jpg?resize=525%2C300 1.5x, https:\/\/i0.wp.com\/www.24baires.com\/wp-content\/uploads\/2023\/08\/ultimo-adios-morena.jpg?resize=700%2C400 2x"},"classes":[]}],"jetpack_sharing_enabled":true,"jetpack_likes_enabled":true,"_links":{"self":[{"href":"https:\/\/www.24baires.com\/index.php?rest_route=\/wp\/v2\/posts\/16827","targetHints":{"allow":["GET"]}}],"collection":[{"href":"https:\/\/www.24baires.com\/index.php?rest_route=\/wp\/v2\/posts"}],"about":[{"href":"https:\/\/www.24baires.com\/index.php?rest_route=\/wp\/v2\/types\/post"}],"author":[{"embeddable":true,"href":"https:\/\/www.24baires.com\/index.php?rest_route=\/wp\/v2\/users\/4"}],"replies":[{"embeddable":true,"href":"https:\/\/www.24baires.com\/index.php?rest_route=%2Fwp%2Fv2%2Fcomments&post=16827"}],"version-history":[{"count":1,"href":"https:\/\/www.24baires.com\/index.php?rest_route=\/wp\/v2\/posts\/16827\/revisions"}],"predecessor-version":[{"id":16829,"href":"https:\/\/www.24baires.com\/index.php?rest_route=\/wp\/v2\/posts\/16827\/revisions\/16829"}],"wp:attachment":[{"href":"https:\/\/www.24baires.com\/index.php?rest_route=%2Fwp%2Fv2%2Fmedia&parent=16827"}],"wp:term":[{"taxonomy":"category","embeddable":true,"href":"https:\/\/www.24baires.com\/index.php?rest_route=%2Fwp%2Fv2%2Fcategories&post=16827"},{"taxonomy":"post_tag","embeddable":true,"href":"https:\/\/www.24baires.com\/index.php?rest_route=%2Fwp%2Fv2%2Ftags&post=16827"}],"curies":[{"name":"wp","href":"https:\/\/api.w.org\/{rel}","templated":true}]}}