{"id":16822,"date":"2013-02-26T16:30:15","date_gmt":"2013-02-26T19:30:15","guid":{"rendered":"http:\/\/www.24baires.com\/?p=16822"},"modified":"2013-02-26T16:44:22","modified_gmt":"2013-02-26T19:44:22","slug":"lanzaron-la-convocatoria-de-films-para-la-fesaalp-2013","status":"publish","type":"post","link":"https:\/\/www.24baires.com\/?p=16822","title":{"rendered":"Lanzaron la convocatoria de films para el FESAALP 2013"},"content":{"rendered":"<p>La direcci\u00f3n del Festival de Cine Latinoamericano de La Plata anunci\u00f3 que est\u00e1 abierta la convocatoria para la Competencia de Largos, Cortometrajes La Plata Filma y Nuevos Creadores (cortos) del 8\u00b0 Fesaalp. El plazo para la presentaci\u00f3n de obras es hasta el 5 de julio.<!--more--><\/p>\n<p>La direcci\u00f3n del Festival de Cine Latinoamericano de La Plata anunci\u00f3 que est\u00e1 abierta la convocatoria para la Competencia de Largos (Ficci\u00f3n, Documental), Cortometrajes (Ficci\u00f3n, documental, g\u00e9nero fant\u00e1stico, animaci\u00f3n, videominuto y videoclip), La Plata Filma (medio y largometrajes de la ciudad de La Plata) y Nuevos Creadores (cortos) del 8\u00b0 Fesaalp. El deadline de recepci\u00f3n de obras es hasta el 5 de julio.<\/p>\n<p>El Festival contin\u00faa con el objetivo de promover el cine de todos los pa\u00edses del continente, de dar un espacio para la proyecci\u00f3n de las obras que no pueden llegar a conocerse en el resto de los pa\u00edses del continente, de promover \u00f3peras primas, pel\u00edculas de j\u00f3venes talentos y continuar con los lazos con diversos festivales de Am\u00e9rica Latina. En esta octava edici\u00f3n el Fesaalp dedica su secci\u00f3n Pa\u00eds Invitado a la cinematograf\u00eda de Brasil.<\/p>\n<p>Para obtener mayor informaci\u00f3n dirigirse a: www.fesaalp.com.<\/p>\n<p>&nbsp;<\/p>\n<p>&nbsp;<\/p>\n<p>&nbsp;<\/p>\n<p>&nbsp;<\/p>\n<p>&nbsp;<\/p>\n<p>&nbsp;<\/p>\n<p>&nbsp;<\/p>\n<p>&nbsp;<\/p>\n<p>&nbsp;<\/p>\n<p>&nbsp;<\/p>\n<p>&nbsp;<\/p>\n<p>&nbsp;<\/p>\n<p>&nbsp;<\/p>\n<p>&nbsp;<\/p>\n<p>&nbsp;<\/p>\n<p>&nbsp;<\/p>\n","protected":false},"excerpt":{"rendered":"<p>La direcci\u00f3n del Festival de Cine Latinoamericano de La Plata anunci\u00f3 que est\u00e1 abierta la convocatoria para la Competencia de Largos, Cortometrajes La Plata Filma y Nuevos Creadores (cortos) del 8\u00b0 Fesaalp. El plazo para la presentaci\u00f3n de obras es hasta el 5 de julio.<\/p>\n","protected":false},"author":4,"featured_media":0,"comment_status":"open","ping_status":"open","sticky":false,"template":"","format":"standard","meta":{"_jetpack_newsletter_access":"","_jetpack_dont_email_post_to_subs":false,"_jetpack_newsletter_tier_id":0,"_jetpack_memberships_contains_paywalled_content":false,"_jetpack_memberships_contains_paid_content":false,"footnotes":""},"categories":[1],"tags":[],"class_list":["post-16822","post","type-post","status-publish","format-standard","hentry","category-sociedad"],"jetpack_featured_media_url":"","jetpack_shortlink":"https:\/\/wp.me\/p2JWE0-4nk","jetpack-related-posts":[{"id":5922,"url":"https:\/\/www.24baires.com\/?p=5922","url_meta":{"origin":16822,"position":0},"title":"Comenz\u00f3 el 27\u00ba Festival Internacional de Cine en Mar del Plata","author":"AF","date":"18\/11\/2012","format":false,"excerpt":"Con gran presencia latinoamericana, este s\u00e1bado dio inicio en La Feliz, una nueva edici\u00f3n del encuentro de cine. Estrenos, retrospectivas y secciones flamantes durante ocho d\u00edas. Mar del Plata y una nueva edici\u00f3n del Festival Internacional de Cine. Pel\u00edculas, visitas, jurados, competencias, presentaciones de libros, mesas redondas, homenajes, eventos de\u2026","rel":"","context":"En \u00abArte &amp; Cultura\u00bb","block_context":{"text":"Arte &amp; Cultura","link":"https:\/\/www.24baires.com\/?cat=53"},"img":{"alt_text":"","src":"https:\/\/i0.wp.com\/www.24baires.com\/wp-content\/uploads\/2012\/11\/festival-cine-mdp.jpg?resize=350%2C200","width":350,"height":200},"classes":[]},{"id":6767,"url":"https:\/\/www.24baires.com\/?p=6767","url_meta":{"origin":16822,"position":1},"title":"El Astor de Oro fue para una pel\u00edcula rumana","author":"Grupo Sierra","date":"25\/11\/2012","format":false,"excerpt":"El filme rumano \u201cBeyond the hills\u201d, en el que Cristian Mungiu narra la historia de un amor imposible entre dos j\u00f3venes que viven en un contexto de religiosidad extrema, se consagr\u00f3 como la Mejor Pel\u00edcula del 27mo. Festival Internacional de Cine de Mar del Plata, que concluy\u00f3 hoy en una\u2026","rel":"","context":"En \u00abArte &amp; Cultura\u00bb","block_context":{"text":"Arte &amp; Cultura","link":"https:\/\/www.24baires.com\/?cat=53"},"img":{"alt_text":"","src":"https:\/\/i0.wp.com\/www.24baires.com\/wp-content\/uploads\/2012\/11\/beyondthehills.jpg?resize=350%2C200","width":350,"height":200,"srcset":"https:\/\/i0.wp.com\/www.24baires.com\/wp-content\/uploads\/2012\/11\/beyondthehills.jpg?resize=350%2C200 1x, https:\/\/i0.wp.com\/www.24baires.com\/wp-content\/uploads\/2012\/11\/beyondthehills.jpg?resize=525%2C300 1.5x"},"classes":[]},{"id":35668,"url":"https:\/\/www.24baires.com\/?p=35668","url_meta":{"origin":16822,"position":2},"title":"\u00abLa Jaula de Oro\u00bb la mejor pel\u00edcula del Festival de cine de Mar del Plata","author":"GB","date":"24\/11\/2013","format":false,"excerpt":"La coproducci\u00f3n mexicano-espa\u00f1ola \u201cLa jaula de oro\u201d, del espa\u00f1ol Diego Quemada-Diez gan\u00f3 el Astor de Oro a la Mejor Pel\u00edcula y el Premio del P\u00fablico de la Competencia Internacional del 28vo. Festival de Cine de Mar del Plata, que termin\u00f3 anoche. Asistente de c\u00e1mara de Ken Loach y operador de\u2026","rel":"","context":"En \u00abEspectaculos\u00bb","block_context":{"text":"Espectaculos","link":"https:\/\/www.24baires.com\/?cat=41"},"img":{"alt_text":"la jaula de oro","src":"https:\/\/i0.wp.com\/www.24baires.com\/wp-content\/uploads\/2013\/11\/la-jaula-de-oro.jpg?resize=350%2C200","width":350,"height":200,"srcset":"https:\/\/i0.wp.com\/www.24baires.com\/wp-content\/uploads\/2013\/11\/la-jaula-de-oro.jpg?resize=350%2C200 1x, https:\/\/i0.wp.com\/www.24baires.com\/wp-content\/uploads\/2013\/11\/la-jaula-de-oro.jpg?resize=525%2C300 1.5x"},"classes":[]},{"id":4828,"url":"https:\/\/www.24baires.com\/?p=4828","url_meta":{"origin":16822,"position":3},"title":"Tandil Cortos: Comienza la competencia oficial","author":"Grupo Sierra","date":"09\/11\/2012","format":false,"excerpt":"En la novena edici\u00f3n del ya cl\u00e1sico encuentro en Tandil, 49 cortos competir\u00e1n por \"El Ojo de Piedra\". Muestras, actividades especiales y distinciones a importantes personalidades del cine ser\u00e1n parte de Tandil Cortos 2012. Este viernes a las 20, se llevar\u00e1 a cabo la ceremonia de apertura del 9\u00ba TANDIL\u2026","rel":"","context":"En \u00abLocales\u00bb","block_context":{"text":"Locales","link":"https:\/\/www.24baires.com\/?cat=38"},"img":{"alt_text":"","src":"","width":0,"height":0},"classes":[]},{"id":57015,"url":"https:\/\/www.24baires.com\/?p=57015","url_meta":{"origin":16822,"position":4},"title":"Mar del Plata: Presentaron una nueva edici\u00f3n del Festival de Cine","author":"GB","date":"12\/11\/2014","format":false,"excerpt":"Se desarrollar\u00e1 del 22 al 30 de noviembre pr\u00f3ximos y fue presentada oficialmente por la titular del Instituto Nacional de Cine y Artes Audiovisuales (Incaa), Lucrecia Cardoso; el presidente del certamen, Jos\u00e9 Mart\u00ednez Su\u00e1rez; y el director art\u00edstico de la muestra, Fernando Spiner. Trescientas setenta y nueve pel\u00edculas de 42\u2026","rel":"","context":"En \u00abEspectaculos\u00bb","block_context":{"text":"Espectaculos","link":"https:\/\/www.24baires.com\/?cat=41"},"img":{"alt_text":"presentacion festival de cine","src":"https:\/\/i0.wp.com\/www.24baires.com\/wp-content\/uploads\/2014\/11\/presentacion-festival-de-cine.jpg?resize=350%2C200","width":350,"height":200,"srcset":"https:\/\/i0.wp.com\/www.24baires.com\/wp-content\/uploads\/2014\/11\/presentacion-festival-de-cine.jpg?resize=350%2C200 1x, https:\/\/i0.wp.com\/www.24baires.com\/wp-content\/uploads\/2014\/11\/presentacion-festival-de-cine.jpg?resize=525%2C300 1.5x"},"classes":[]},{"id":74285,"url":"https:\/\/www.24baires.com\/?p=74285","url_meta":{"origin":16822,"position":5},"title":"El viernes comienza la 30ma. edici\u00f3n del Festival de Cine de Mar del Plata","author":"GB","date":"28\/10\/2015","format":false,"excerpt":"El filme \"Tres recuerdos de mi juventud\", del realizador franc\u00e9s Arnaud Desplechin, ser\u00e1 el encargado de dejar inaugurada la trig\u00e9sima edici\u00f3n del festival, que desde este viernes y hasta el pr\u00f3ximo s\u00e1bado 7 de noviembre se desarrollar\u00e1 en esa ciudad balnearia. Cuatrocientas pel\u00edculas de las m\u00e1s diversas procedencias, tem\u00e1ticas y\u2026","rel":"","context":"En \u00abEspectaculos\u00bb","block_context":{"text":"Espectaculos","link":"https:\/\/www.24baires.com\/?cat=41"},"img":{"alt_text":"cino capu","src":"https:\/\/i0.wp.com\/www.24baires.com\/wp-content\/uploads\/2015\/10\/cino-capu.jpg?resize=350%2C200","width":350,"height":200,"srcset":"https:\/\/i0.wp.com\/www.24baires.com\/wp-content\/uploads\/2015\/10\/cino-capu.jpg?resize=350%2C200 1x, https:\/\/i0.wp.com\/www.24baires.com\/wp-content\/uploads\/2015\/10\/cino-capu.jpg?resize=525%2C300 1.5x"},"classes":[]}],"jetpack_sharing_enabled":true,"jetpack_likes_enabled":true,"_links":{"self":[{"href":"https:\/\/www.24baires.com\/index.php?rest_route=\/wp\/v2\/posts\/16822","targetHints":{"allow":["GET"]}}],"collection":[{"href":"https:\/\/www.24baires.com\/index.php?rest_route=\/wp\/v2\/posts"}],"about":[{"href":"https:\/\/www.24baires.com\/index.php?rest_route=\/wp\/v2\/types\/post"}],"author":[{"embeddable":true,"href":"https:\/\/www.24baires.com\/index.php?rest_route=\/wp\/v2\/users\/4"}],"replies":[{"embeddable":true,"href":"https:\/\/www.24baires.com\/index.php?rest_route=%2Fwp%2Fv2%2Fcomments&post=16822"}],"version-history":[{"count":2,"href":"https:\/\/www.24baires.com\/index.php?rest_route=\/wp\/v2\/posts\/16822\/revisions"}],"predecessor-version":[{"id":16833,"href":"https:\/\/www.24baires.com\/index.php?rest_route=\/wp\/v2\/posts\/16822\/revisions\/16833"}],"wp:attachment":[{"href":"https:\/\/www.24baires.com\/index.php?rest_route=%2Fwp%2Fv2%2Fmedia&parent=16822"}],"wp:term":[{"taxonomy":"category","embeddable":true,"href":"https:\/\/www.24baires.com\/index.php?rest_route=%2Fwp%2Fv2%2Fcategories&post=16822"},{"taxonomy":"post_tag","embeddable":true,"href":"https:\/\/www.24baires.com\/index.php?rest_route=%2Fwp%2Fv2%2Ftags&post=16822"}],"curies":[{"name":"wp","href":"https:\/\/api.w.org\/{rel}","templated":true}]}}