{"id":16801,"date":"2013-02-26T14:29:29","date_gmt":"2013-02-26T17:29:29","guid":{"rendered":"http:\/\/www.24baires.com\/?p=16801"},"modified":"2013-02-27T13:46:31","modified_gmt":"2013-02-27T16:46:31","slug":"scioli-aseguro-que-hay-voluntad-para-que-se-solucione-el-conflicto-docente","status":"publish","type":"post","link":"https:\/\/www.24baires.com\/?p=16801","title":{"rendered":"Scioli asegur\u00f3 que \u00abhay voluntad\u00bb para que se solucione el conflicto docente"},"content":{"rendered":"<p style=\"text-align: center;\"><img data-recalc-dims=\"1\" loading=\"lazy\" decoding=\"async\" class=\" wp-image-16818 aligncenter\" alt=\"scioli tierras\" src=\"https:\/\/i0.wp.com\/www.24baires.com\/wp-content\/uploads\/2013\/02\/scioli-tierras.jpg?resize=560%2C340\" width=\"560\" height=\"340\" \/><\/p>\n<p>\u00abMa\u00f1ana habr\u00e1 un encuentro de trabajo y como siempre escucharemos los reclamos y vamos a poner toda la voluntad como lo venimos haciendo para encontrar soluciones\u00bb, expres\u00f3 el Gobernador de la provincia de Buenos Aires. La primera de las reuniones paritarias de ma\u00f1ana se fij\u00f3 para las 17, con los representantes de los docentes, y a las 19 con estatales.<!--more--><\/p>\n<p>El gobernador bonaerense, Daniel Scioli, afirm\u00f3 hoy que existe \u00abvoluntad\u00bb de encontrar soluciones a los planteos salariales de los docentes y los trabajadores de la administraci\u00f3n p\u00fablica provincial.<\/p>\n<p>\u00abMa\u00f1ana habr\u00e1 un encuentro de trabajo y como siempre escucharemos los reclamos y vamos a poner toda la voluntad como lo venimos haciendo para encontrar soluciones\u00bb, expres\u00f3 el gobernador Daniel Scioli en declaraciones period\u00edsticas.<\/p>\n<p>El gobernador efectu\u00f3 estas declaraciones hoy tras repasar con parte de su gabinete los contenidos que el gobierno provincial plantear\u00e1 ma\u00f1ana en paritarias a los representantes de los gremios estatales y docentes, en el marco de una reuni\u00f3n mantenida en la Casa de Gobierno provincial, en La Plata.<\/p>\n<p>La primera de las reuniones paritarias de ma\u00f1ana se fij\u00f3 para las 17, con los representantes de los docentes, mientras que los enrolados en la Ley N\u00ba10.430 (estatales) concurrir\u00e1n a las 19 a la Subsecretar\u00eda de la Negociaci\u00f3n Colectiva del Sector P\u00fablico del Ministerio de Trabajo, en calle 56 entre 17 y 18 de La Plata.<\/p>\n<p>&nbsp;<\/p>\n<p>&nbsp;<\/p>\n<p>&nbsp;<\/p>\n<p>&nbsp;<\/p>\n<p>&nbsp;<\/p>\n<p>&nbsp;<\/p>\n<p>&nbsp;<\/p>\n<p>&nbsp;<\/p>\n<p>&nbsp;<\/p>\n<p>&nbsp;<\/p>\n<p>&nbsp;<\/p>\n<p>&nbsp;<\/p>\n<p>&nbsp;<\/p>\n<p>&nbsp;<\/p>\n<p>&nbsp;<\/p>\n<p>&nbsp;<\/p>\n<p>&nbsp;<\/p>\n","protected":false},"excerpt":{"rendered":"<p>\u00abMa\u00f1ana habr\u00e1 un encuentro de trabajo y como siempre escucharemos los reclamos y vamos a poner toda la voluntad como lo venimos haciendo para encontrar soluciones\u00bb, expres\u00f3 el Gobernador de la provincia de Buenos Aires. La primera de las reuniones paritarias de ma\u00f1ana se fij\u00f3 para las 17, con los representantes de los docentes, y a las 19 con estatales.<\/p>\n","protected":false},"author":4,"featured_media":0,"comment_status":"open","ping_status":"open","sticky":false,"template":"","format":"standard","meta":{"_jetpack_newsletter_access":"","_jetpack_dont_email_post_to_subs":false,"_jetpack_newsletter_tier_id":0,"_jetpack_memberships_contains_paywalled_content":false,"_jetpack_memberships_contains_paid_content":false,"footnotes":""},"categories":[1],"tags":[],"class_list":["post-16801","post","type-post","status-publish","format-standard","hentry","category-sociedad"],"jetpack_featured_media_url":"","jetpack_shortlink":"https:\/\/wp.me\/p2JWE0-4mZ","jetpack-related-posts":[{"id":19631,"url":"https:\/\/www.24baires.com\/?p=19631","url_meta":{"origin":16801,"position":0},"title":"Scioli: \u00abSoy un buscador incansable de soluciones\u00bb","author":"AF","date":"29\/03\/2013","format":false,"excerpt":"As\u00ed lo manifest\u00f3 el gobernador a un programa de cable. Asegur\u00f3 que sus energ\u00edas \"no se agotan\" y que es el conflicto salarial que m\u00e1s \"lo conmueve\" porque \"involucra a m\u00e1s de cuatro millones de chicos\". De Luc\u00eda manifest\u00f3 que \"la pr\u00f3xima semana nos vamos a estar encontrando de nuevo\u2026","rel":"","context":"En \u00abPol\u00edtica\u00bb","block_context":{"text":"Pol\u00edtica","link":"https:\/\/www.24baires.com\/?cat=51"},"img":{"alt_text":"scioli tierras","src":"https:\/\/i0.wp.com\/www.24baires.com\/wp-content\/uploads\/2013\/02\/scioli-tierras-300x180.jpg?resize=350%2C200","width":350,"height":200},"classes":[]},{"id":8572,"url":"https:\/\/www.24baires.com\/?p=8572","url_meta":{"origin":16801,"position":1},"title":"Docentes reiteran que \u00abno comenzar\u00e1n las clases\u201d tras la reuni\u00f3n con Scioli","author":"Grupo Sierra","date":"10\/12\/2012","format":false,"excerpt":"LA PLATA - Lo advirtieron al finalizar el encuentro entre el gobierno bonaerense y el Frente Gremial. Se produjo un cuarto intermedio hasta el mi\u00e9rcoles \u201csolicitado por el gobernador\u201d, donde \u201cesperamos tener una respuesta\u201d, asegur\u00f3 Petrocini de la FEB. Por su parte, Roberto Baradel de SUTEBAdjo que \u201clos docentes no\u2026","rel":"","context":"En \u00abProvincia\u00bb","block_context":{"text":"Provincia","link":"https:\/\/www.24baires.com\/?cat=40"},"img":{"alt_text":"","src":"https:\/\/i0.wp.com\/www.24baires.com\/wp-content\/uploads\/2012\/12\/baradel-declaraciones.jpg?resize=350%2C200","width":350,"height":200,"srcset":"https:\/\/i0.wp.com\/www.24baires.com\/wp-content\/uploads\/2012\/12\/baradel-declaraciones.jpg?resize=350%2C200 1x, https:\/\/i0.wp.com\/www.24baires.com\/wp-content\/uploads\/2012\/12\/baradel-declaraciones.jpg?resize=525%2C300 1.5x"},"classes":[]},{"id":120181,"url":"https:\/\/www.24baires.com\/?p=120181","url_meta":{"origin":16801,"position":2},"title":"El Frente de Todos pasa a llamarse \u00abUni\u00f3n por la Patria\u00bb","author":"AF","date":"14\/06\/2023","format":false,"excerpt":"Los distintos sectores que componen el frente oficialista mantienen reuniones para definir, entre otras cosas, la constituci\u00f3n de su junta partidaria y el reglamento electoral que fijar\u00e1 pisos y porcentajes para la integraci\u00f3n de listas. El Frente de Todos (FdT) se llamar\u00e1 Uni\u00f3n por la Patria (UxP) en las pr\u00f3ximas\u2026","rel":"","context":"En \u00abPol\u00edtica\u00bb","block_context":{"text":"Pol\u00edtica","link":"https:\/\/www.24baires.com\/?cat=51"},"img":{"alt_text":"","src":"https:\/\/i0.wp.com\/www.24baires.com\/wp-content\/uploads\/2023\/06\/cfk-25-5.png?resize=350%2C200","width":350,"height":200,"srcset":"https:\/\/i0.wp.com\/www.24baires.com\/wp-content\/uploads\/2023\/06\/cfk-25-5.png?resize=350%2C200 1x, https:\/\/i0.wp.com\/www.24baires.com\/wp-content\/uploads\/2023\/06\/cfk-25-5.png?resize=525%2C300 1.5x, https:\/\/i0.wp.com\/www.24baires.com\/wp-content\/uploads\/2023\/06\/cfk-25-5.png?resize=700%2C400 2x"},"classes":[]},{"id":25004,"url":"https:\/\/www.24baires.com\/?p=25004","url_meta":{"origin":16801,"position":3},"title":"\u201cSoy un fan\u00e1tico del di\u00e1logo y de las reuniones de trabajo\u201d asegur\u00f3 Scioli","author":"Grupo Sierra","date":"03\/06\/2013","format":false,"excerpt":"El Gobernador bonaerense reiter\u00f3 su voluntad de di\u00e1logo con los docentes a fin de destrabar el conflicto salarial con el sector. \u201cEst\u00e1n pidiendo di\u00e1logo, yo soy un especialista, un fan\u00e1tico del di\u00e1logo, y de las reuniones de trabajo y de hacer todo lo que tengamos que hacer\u201d, enfatiz\u00f3. El Gobernador\u2026","rel":"","context":"En \u00abProvincia\u00bb","block_context":{"text":"Provincia","link":"https:\/\/www.24baires.com\/?cat=40"},"img":{"alt_text":"scioli ok","src":"https:\/\/i0.wp.com\/www.24baires.com\/wp-content\/uploads\/2012\/12\/scioli-ok-300x231.jpg?resize=350%2C200","width":350,"height":200},"classes":[]},{"id":105389,"url":"https:\/\/www.24baires.com\/?p=105389","url_meta":{"origin":16801,"position":4},"title":"Vidal prometi\u00f3 \u00abnueva propuesta\u00bb a docentes","author":"GB","date":"12\/11\/2018","format":false,"excerpt":"La gobernadora Mar\u00eda Eugenia Vidal asegur\u00f3 hoy que convocar\u00e1 a los gremios docentes antes de fin de a\u00f1o para hacerles una \"nueva propuesta\". Apunt\u00f3 contra la industria del juego y volvi\u00f3 a negar posible candidatura a presidenta. \"Vamos a volver a convocar a los docentes antes de fin de aa\u00f1o\u2026","rel":"","context":"En \u00abProvincia\u00bb","block_context":{"text":"Provincia","link":"https:\/\/www.24baires.com\/?cat=40"},"img":{"alt_text":"","src":"https:\/\/i0.wp.com\/www.24baires.com\/wp-content\/uploads\/2018\/03\/vidal-1.jpg?resize=350%2C200","width":350,"height":200,"srcset":"https:\/\/i0.wp.com\/www.24baires.com\/wp-content\/uploads\/2018\/03\/vidal-1.jpg?resize=350%2C200 1x, https:\/\/i0.wp.com\/www.24baires.com\/wp-content\/uploads\/2018\/03\/vidal-1.jpg?resize=525%2C300 1.5x"},"classes":[]},{"id":102717,"url":"https:\/\/www.24baires.com\/?p=102717","url_meta":{"origin":16801,"position":5},"title":"Stolbizer: \u00abLa gesti\u00f3n de Vidal es tan mala como la de Scioli\u00bb","author":"GB","date":"13\/06\/2018","format":false,"excerpt":"La l\u00edder del GEN endureci\u00f3 su discurso contra la Gobernadora y afirm\u00f3 que \"no puede mostrar avances\" en educaci\u00f3n, salud y seguridad. Margarita Stolbizer abandon\u00f3 el discurso conciliador con Mar\u00eda Eugenia Vidal y afirm\u00f3 que su gesti\u00f3n \"es tan mala\" como la de su antecesor Daniel Scioli. Durante una visita\u2026","rel":"","context":"En \u00abPol\u00edtica\u00bb","block_context":{"text":"Pol\u00edtica","link":"https:\/\/www.24baires.com\/?cat=51"},"img":{"alt_text":"","src":"https:\/\/i0.wp.com\/www.24baires.com\/wp-content\/uploads\/2016\/08\/vidal-stolbizer.jpg?resize=350%2C200","width":350,"height":200,"srcset":"https:\/\/i0.wp.com\/www.24baires.com\/wp-content\/uploads\/2016\/08\/vidal-stolbizer.jpg?resize=350%2C200 1x, https:\/\/i0.wp.com\/www.24baires.com\/wp-content\/uploads\/2016\/08\/vidal-stolbizer.jpg?resize=525%2C300 1.5x"},"classes":[]}],"jetpack_sharing_enabled":true,"jetpack_likes_enabled":true,"_links":{"self":[{"href":"https:\/\/www.24baires.com\/index.php?rest_route=\/wp\/v2\/posts\/16801","targetHints":{"allow":["GET"]}}],"collection":[{"href":"https:\/\/www.24baires.com\/index.php?rest_route=\/wp\/v2\/posts"}],"about":[{"href":"https:\/\/www.24baires.com\/index.php?rest_route=\/wp\/v2\/types\/post"}],"author":[{"embeddable":true,"href":"https:\/\/www.24baires.com\/index.php?rest_route=\/wp\/v2\/users\/4"}],"replies":[{"embeddable":true,"href":"https:\/\/www.24baires.com\/index.php?rest_route=%2Fwp%2Fv2%2Fcomments&post=16801"}],"version-history":[{"count":3,"href":"https:\/\/www.24baires.com\/index.php?rest_route=\/wp\/v2\/posts\/16801\/revisions"}],"predecessor-version":[{"id":16817,"href":"https:\/\/www.24baires.com\/index.php?rest_route=\/wp\/v2\/posts\/16801\/revisions\/16817"}],"wp:attachment":[{"href":"https:\/\/www.24baires.com\/index.php?rest_route=%2Fwp%2Fv2%2Fmedia&parent=16801"}],"wp:term":[{"taxonomy":"category","embeddable":true,"href":"https:\/\/www.24baires.com\/index.php?rest_route=%2Fwp%2Fv2%2Fcategories&post=16801"},{"taxonomy":"post_tag","embeddable":true,"href":"https:\/\/www.24baires.com\/index.php?rest_route=%2Fwp%2Fv2%2Ftags&post=16801"}],"curies":[{"name":"wp","href":"https:\/\/api.w.org\/{rel}","templated":true}]}}