{"id":16790,"date":"2013-02-26T12:30:45","date_gmt":"2013-02-26T15:30:45","guid":{"rendered":"http:\/\/www.24baires.com\/?p=16790"},"modified":"2013-02-26T12:36:56","modified_gmt":"2013-02-26T15:36:56","slug":"aguardan-que-la-fiscalia-acompane-el-pedido-de-perpetua-para-pedraza","status":"publish","type":"post","link":"https:\/\/www.24baires.com\/?p=16790","title":{"rendered":"Aguardan que la fiscal\u00eda acompa\u00f1e el pedido de perpetua para Pedraza"},"content":{"rendered":"<p><img data-recalc-dims=\"1\" loading=\"lazy\" decoding=\"async\" class=\"alignleft size-medium wp-image-16791\" alt=\"juicio m ferreyra\" src=\"https:\/\/i0.wp.com\/www.24baires.com\/wp-content\/uploads\/2013\/02\/juicio-m-ferreyra.jpg?resize=300%2C200\" width=\"300\" height=\"200\" srcset=\"https:\/\/i0.wp.com\/www.24baires.com\/wp-content\/uploads\/2013\/02\/juicio-m-ferreyra.jpg?resize=300%2C200&amp;ssl=1 300w, https:\/\/i0.wp.com\/www.24baires.com\/wp-content\/uploads\/2013\/02\/juicio-m-ferreyra.jpg?w=510&amp;ssl=1 510w\" sizes=\"auto, (max-width: 300px) 100vw, 300px\" \/>Los familiares de Mariano Ferreyra esperan que la fiscal\u00eda acompa\u00f1e en su alegato el pedido de perpetua para el ex titular de la Uni\u00f3n Ferroviaria. En la audiencia, la fiscal consider\u00f3 que Pedraza orden\u00f3 el ataque a los tercerizados.<!--more--><br \/>\nLa fiscal Mar\u00eda Luz Jalbert asever\u00f3 hoy que el ex secretario general de la Uni\u00f3n Ferroviaria Jos\u00e9 Pedraza fue quien \u00aborden\u00f3 evitar con todos los medios necesarios, incluido el uso de armas de fuego\u00bb, la manifestaci\u00f3n de tercerizados del ferrocarril Roca del 20 de octubre de 2010, cuando fue asesinado el joven militante Mariano Ferreyra.<br \/>\nampliar<\/p>\n<p>Pedraza \u00aborden\u00f3\u00bb la convocatoria a trabajadores de la l\u00ednea Roca para el 20 de octubre de 2010 con el fin de \u00abque echaran con todo lo necesario, incluso el uso de armas de fuego, a los empleados tercerizados y manifestantes que se hicieran presentes. Esa orden se cumpli\u00f3 con la muerte resultante de Mariano Ferreyra\u00bb, expres\u00f3 Jalbert ante el Tribunal Oral en lo Criminal 21. Jalbert afirm\u00f3 adem\u00e1s que los detenidos Cristian Favale, Gabriel Sanchez y un tercer tirador no identificado dispararon con armas de fuego el 20 de octubre de 2010. \u00abEl imputado Favale, desde el medio de la calzada, y Sanchez, quien se parapet\u00f3 entre un \u00e1rbol y un autom\u00f3vil, y al menos un tercer individuo que no ha podido ser individualizado, comenzaron a realizar disparos de armas de fuego hacia los manifestantes y un disparo alcanz\u00f3 y se llev\u00f3 la vida de Mariano Ferreyra\u00bb, dijo Jalbert en su alegato ante el Tribunal Oral en lo Criminal 21. Antes de comenzar de audiencia, Pablo Ferreyra, hermano de Mariano, asegur\u00f3 en declaraciones a T\u00e9lam: \u00abCreemos y estamos convencidos que la fiscal\u00eda nos acompa\u00f1ar\u00e1 en su alegato, por el peso hist\u00f3rico que tiene la causa, por la condena social que existe, y por tratarse de un crimen social\u00bb.<\/p>\n<p>La audiencia comenz\u00f3 esta ma\u00f1ana en los Tribunales de Comodoro Py, y se espera que se extienda durante toda la jornada.<\/p>\n<p>Los acusados en este juicio son, adem\u00e1s de Pedraza y Fern\u00e1ndez (tambi\u00e9n de la UF), los delegados Pablo D\u00edaz y Claudio Arcocel, los ferroviarios Salvador Pipit\u00f3, Juan Carlos P\u00e9rez, Jorge Gonz\u00e1lez y Guillermo U\u00f1o, y los barrabrava Cristian Favale y Gabriel S\u00e1nchez, acusados de hacer los disparos que mataron a Ferreyra y generaron distintos heridos.<\/p>\n<p>Tambi\u00e9n los comisarios de la Polic\u00eda Federal Hugo Lompizano, Luis Mansilla y Jorge Ferreyra, los subcomisarios Rolando Garay y Luis Echavarr\u00eda, el principal Gast\u00f3n Conti y el agente David Villalba, acusados de liberar la zona para el ataque de los ferroviarios.<\/p>\n<p>&nbsp;<\/p>\n<p>&nbsp;<\/p>\n<p>&nbsp;<\/p>\n<p>&nbsp;<\/p>\n<p>&nbsp;<\/p>\n<p>&nbsp;<\/p>\n<p>&nbsp;<\/p>\n<p>&nbsp;<\/p>\n<p>&nbsp;<\/p>\n<p>&nbsp;<\/p>\n<p>&nbsp;<\/p>\n<p>&nbsp;<\/p>\n<p>&nbsp;<\/p>\n<p>&nbsp;<\/p>\n<p>&nbsp;<\/p>\n<p>&nbsp;<\/p>\n<p>&nbsp;<\/p>\n<p>&nbsp;<\/p>\n<p>&nbsp;<\/p>\n<p>&nbsp;<\/p>\n","protected":false},"excerpt":{"rendered":"<p>Los familiares de Mariano Ferreyra esperan que la fiscal\u00eda acompa\u00f1e en su alegato el pedido de perpetua para el ex titular de la Uni\u00f3n Ferroviaria. En la audiencia, la fiscal consider\u00f3 que Pedraza orden\u00f3 el ataque a los tercerizados.<\/p>\n","protected":false},"author":4,"featured_media":0,"comment_status":"open","ping_status":"open","sticky":false,"template":"","format":"standard","meta":{"_jetpack_newsletter_access":"","_jetpack_dont_email_post_to_subs":false,"_jetpack_newsletter_tier_id":0,"_jetpack_memberships_contains_paywalled_content":false,"_jetpack_memberships_contains_paid_content":false,"footnotes":""},"categories":[1],"tags":[],"class_list":["post-16790","post","type-post","status-publish","format-standard","hentry","category-sociedad"],"jetpack_featured_media_url":"","jetpack_shortlink":"https:\/\/wp.me\/p2JWE0-4mO","jetpack-related-posts":[{"id":20269,"url":"https:\/\/www.24baires.com\/?p=20269","url_meta":{"origin":16790,"position":0},"title":"El 19 de abril se conocer\u00e1 el veredicto por el crimen de Mariano Ferreyra","author":"AF","date":"05\/04\/2013","format":false,"excerpt":"El tribunal que juzga el crimen del militante del PO dar\u00e1 a conocer el veredicto ese d\u00eda, luego de escuchar las \u00faltimas palabras de todos los procesados, entre ellos el ex titular de la Uni\u00f3n Ferroviaria Jos\u00e9 Pedraza. El anuncio fue hecho por el Tribunal Oral en lo Criminal 21\u2026","rel":"","context":"En \u00abSociedad\u00bb","block_context":{"text":"Sociedad","link":"https:\/\/www.24baires.com\/?cat=1"},"img":{"alt_text":"ferreyra mariano","src":"https:\/\/i0.wp.com\/www.24baires.com\/wp-content\/uploads\/2013\/01\/ferreyra-mariano.jpg?resize=350%2C200","width":350,"height":200},"classes":[]},{"id":32760,"url":"https:\/\/www.24baires.com\/?p=32760","url_meta":{"origin":16790,"position":1},"title":"Casaci\u00f3n revisar\u00e1 las condenas a Pedraza por el caso Mariano Ferreyra","author":"AF","date":"30\/09\/2013","format":false,"excerpt":"La C\u00e1mara Federal de Casaci\u00f3n Penal rever\u00e1 las condenas otorgadas al ex titular de la Uni\u00f3n Ferroviaria, y har\u00e1 lo mismo con los detenidos por el crimen del joven militante del Partido Obrero. Esto se da luego de que las defensas presentar\u00e1n sus respectivas apelaciones contra el fallo del Tribunal\u2026","rel":"","context":"En \u00abJUDICIALES\u00bb","block_context":{"text":"JUDICIALES","link":"https:\/\/www.24baires.com\/?cat=68"},"img":{"alt_text":"","src":"","width":0,"height":0},"classes":[]},{"id":55681,"url":"https:\/\/www.24baires.com\/?p=55681","url_meta":{"origin":16790,"position":2},"title":"A cuatro a\u00f1os del asesinato de Mariano Ferreyra, la causa sigue abierta","author":"AF","date":"20\/10\/2014","format":false,"excerpt":"Hoy se cumplen cuatro a\u00f1os del asesinato de Mariano Ferreyra, militante del Partido Obrero baleado por una patota de la Uni\u00f3n Ferroviaria durante una protesta sindical. Los autores materiales y los instigadores fueron condenados. La justicia investiga un intento de coimas para favorecer a Jos\u00e9 Pedraza, el entonces titular del\u2026","rel":"","context":"En \u00abSociedad\u00bb","block_context":{"text":"Sociedad","link":"https:\/\/www.24baires.com\/?cat=1"},"img":{"alt_text":"mariano-ferreyra","src":"https:\/\/i0.wp.com\/www.24baires.com\/wp-content\/uploads\/2014\/07\/mariano-ferreyra.jpg?resize=350%2C200","width":350,"height":200,"srcset":"https:\/\/i0.wp.com\/www.24baires.com\/wp-content\/uploads\/2014\/07\/mariano-ferreyra.jpg?resize=350%2C200 1x, https:\/\/i0.wp.com\/www.24baires.com\/wp-content\/uploads\/2014\/07\/mariano-ferreyra.jpg?resize=525%2C300 1.5x"},"classes":[]},{"id":29356,"url":"https:\/\/www.24baires.com\/?p=29356","url_meta":{"origin":16790,"position":3},"title":"Querellantes y condenados pidieron apelar el veredicto del caso Mariano Ferreyra","author":"AF","date":"01\/08\/2013","format":false,"excerpt":"La querella del Partido Obrero, el ex titular de la Uni\u00f3n Ferroviaria Jos\u00e9 Pedraza y los dem\u00e1s condenados por el crimen del militante apelaron las penas. Los jueces del tribunal que juzg\u00f3 el asesinato deber\u00e1n ahora resolver si les dan curso y abren el camino hacia la C\u00e1mara Federal de\u2026","rel":"","context":"En \u00abSociedad\u00bb","block_context":{"text":"Sociedad","link":"https:\/\/www.24baires.com\/?cat=1"},"img":{"alt_text":"ferreyra mariano","src":"https:\/\/i0.wp.com\/www.24baires.com\/wp-content\/uploads\/2013\/01\/ferreyra-mariano.jpg?resize=350%2C200","width":350,"height":200},"classes":[]},{"id":73825,"url":"https:\/\/www.24baires.com\/?p=73825","url_meta":{"origin":16790,"position":4},"title":"Recuerdan con un acto a Mariano Ferreyra a cinco a\u00f1os de su asesinato","author":"AF","date":"20\/10\/2015","format":false,"excerpt":"El Partido Obrero (PO) recordar\u00e1 este martes a Mariano Ferreyra, el joven militante de esa organizaci\u00f3n asesinado hace cinco a\u00f1os por una patota de la Uni\u00f3n Ferroviaria (UF) cuando participaba de una protesta de trabajadores tercerizados del ferrocarril Roca que denunciaban despidos y reclamaban el pase a planta permanente. Ferreyra\u2026","rel":"","context":"En \u00abSociedad\u00bb","block_context":{"text":"Sociedad","link":"https:\/\/www.24baires.com\/?cat=1"},"img":{"alt_text":"mariano-ferreyra","src":"https:\/\/i0.wp.com\/www.24baires.com\/wp-content\/uploads\/2014\/07\/mariano-ferreyra.jpg?resize=350%2C200","width":350,"height":200,"srcset":"https:\/\/i0.wp.com\/www.24baires.com\/wp-content\/uploads\/2014\/07\/mariano-ferreyra.jpg?resize=350%2C200 1x, https:\/\/i0.wp.com\/www.24baires.com\/wp-content\/uploads\/2014\/07\/mariano-ferreyra.jpg?resize=525%2C300 1.5x"},"classes":[]},{"id":38961,"url":"https:\/\/www.24baires.com\/?p=38961","url_meta":{"origin":16790,"position":5},"title":"Mariano Ferreyra: Casaci\u00f3n revisa la condena a Pedraza","author":"GB","date":"21\/01\/2014","format":false,"excerpt":"Tras las apelaciones de las querellas, la fiscal\u00eda y las defensas, la C\u00e1mara Federal de Casaci\u00f3n Penal comenz\u00f3 a revisar la condena a 15 a\u00f1os de prisi\u00f3n dictada por el Tribunal Oral Criminal 21 contra el ex sindicalista ferroviario Jos\u00e9 Pedraza, por el asesinato del militante del Partido Obrero, Mariano\u2026","rel":"","context":"En \u00abJUDICIALES\u00bb","block_context":{"text":"JUDICIALES","link":"https:\/\/www.24baires.com\/?cat=68"},"img":{"alt_text":"","src":"","width":0,"height":0},"classes":[]}],"jetpack_sharing_enabled":true,"jetpack_likes_enabled":true,"_links":{"self":[{"href":"https:\/\/www.24baires.com\/index.php?rest_route=\/wp\/v2\/posts\/16790","targetHints":{"allow":["GET"]}}],"collection":[{"href":"https:\/\/www.24baires.com\/index.php?rest_route=\/wp\/v2\/posts"}],"about":[{"href":"https:\/\/www.24baires.com\/index.php?rest_route=\/wp\/v2\/types\/post"}],"author":[{"embeddable":true,"href":"https:\/\/www.24baires.com\/index.php?rest_route=\/wp\/v2\/users\/4"}],"replies":[{"embeddable":true,"href":"https:\/\/www.24baires.com\/index.php?rest_route=%2Fwp%2Fv2%2Fcomments&post=16790"}],"version-history":[{"count":2,"href":"https:\/\/www.24baires.com\/index.php?rest_route=\/wp\/v2\/posts\/16790\/revisions"}],"predecessor-version":[{"id":16793,"href":"https:\/\/www.24baires.com\/index.php?rest_route=\/wp\/v2\/posts\/16790\/revisions\/16793"}],"wp:attachment":[{"href":"https:\/\/www.24baires.com\/index.php?rest_route=%2Fwp%2Fv2%2Fmedia&parent=16790"}],"wp:term":[{"taxonomy":"category","embeddable":true,"href":"https:\/\/www.24baires.com\/index.php?rest_route=%2Fwp%2Fv2%2Fcategories&post=16790"},{"taxonomy":"post_tag","embeddable":true,"href":"https:\/\/www.24baires.com\/index.php?rest_route=%2Fwp%2Fv2%2Ftags&post=16790"}],"curies":[{"name":"wp","href":"https:\/\/api.w.org\/{rel}","templated":true}]}}