{"id":16766,"date":"2013-02-25T21:26:31","date_gmt":"2013-02-26T00:26:31","guid":{"rendered":"http:\/\/www.24baires.com\/?p=16766"},"modified":"2013-02-25T21:26:31","modified_gmt":"2013-02-26T00:26:31","slug":"investigan-el-incumplimiento-de-la-tarifa-de-cablevision","status":"publish","type":"post","link":"https:\/\/www.24baires.com\/?p=16766","title":{"rendered":"Investigan el incumplimiento de la tarifa de Cablevisi\u00f3n"},"content":{"rendered":"<p><img data-recalc-dims=\"1\" loading=\"lazy\" decoding=\"async\" class=\"alignleft size-medium wp-image-13639\" alt=\"cablevisi\u00f3n\" src=\"https:\/\/i0.wp.com\/www.24baires.com\/wp-content\/uploads\/2013\/01\/cablevisi%C3%B3n.jpg?resize=300%2C199\" width=\"300\" height=\"199\" srcset=\"https:\/\/i0.wp.com\/www.24baires.com\/wp-content\/uploads\/2013\/01\/cablevisi%C3%B3n.jpg?resize=300%2C199&amp;ssl=1 300w, https:\/\/i0.wp.com\/www.24baires.com\/wp-content\/uploads\/2013\/01\/cablevisi%C3%B3n.jpg?w=510&amp;ssl=1 510w\" sizes=\"auto, (max-width: 300px) 100vw, 300px\" \/>La justicia federal de La Plata pidi\u00f3 al juzgado federal penal que investigue la posible comisi\u00f3n de delitos por parte de los directivos de Cablevisi\u00f3n S.A. ante el incumplimiento de una medida cautelar que le exige ajustar la tarifa del abono a 130 pesos.<!--more--><\/p>\n<p>&nbsp;<\/p>\n<p>La medida la adopt\u00f3 este lunes el juez Federal de La Plata, Adolfo Ziulu que adem\u00e1s intim\u00f3 a la empresa a que \u201cen forma inmediata\u201d de cumplimiento a la medida cautelar que le ordena facturar en 130 pesos la tarifa b\u00e1sica de televisi\u00f3n por cable.<\/p>\n<p>El vocero explic\u00f3 que, ante el incumplimiento de Cablevisi\u00f3n, el\u00a0 magistrado \u201cremiti\u00f3 copias certificadas de la causa al Juzgado Federal Penal en turno, a fin de que investigue la posible comisi\u00f3n de eventuales il\u00edcitos de acci\u00f3n p\u00fablica \u201c.<\/p>\n<p>Ziulu hizo lugar a un pedido formulado por el Defensor del Pueblo de la provincia de Buenos Aires, Carlos Bonicatto quien solicit\u00f3 se remitan copias de las actuaciones a la Justicia Federal Penal de turno, a fin de que se investigue la comisi\u00f3n del delito de desobediencia por parte de la prestadora, tipificado en el art\u00edculo 239 del C\u00f3digo Penal.<\/p>\n<p>Dicho art\u00edculo, indica que ser\u00e1 reprimido con prisi\u00f3n de quince d\u00edas a un a\u00f1o, el que resistiere o desobedeciere a un funcionario p\u00fablico en el ejercicio leg\u00edtimo de sus funciones o a la persona que le prestare asistencia a requerimiento de aqu\u00e9l o en virtud de una obligaci\u00f3n legal.<\/p>\n<p>Bonicatto hab\u00eda pedido tambi\u00e9n que se intime a Cablevisi\u00f3n\u00a0 al pago de 100 mil pesos diarios por incumplir con la disposici\u00f3n judicial que exige ajustar la tarifa del abono de cable a 130 pesos.<\/p>\n<p>&nbsp;<\/p>\n<p>&nbsp;<\/p>\n<p>&nbsp;<\/p>\n<p>&nbsp;<\/p>\n<p>&nbsp;<\/p>\n<p>&nbsp;<\/p>\n<p>&nbsp;<\/p>\n<p>&nbsp;<\/p>\n<p>&nbsp;<\/p>\n<p>&nbsp;<\/p>\n<p>&nbsp;<\/p>\n<p>&nbsp;<\/p>\n<p>&nbsp;<\/p>\n<p>&nbsp;<\/p>\n<p>&nbsp;<\/p>\n","protected":false},"excerpt":{"rendered":"<p>La justicia federal de La Plata pidi\u00f3 al juzgado federal penal que investigue la posible comisi\u00f3n de delitos por parte de los directivos de Cablevisi\u00f3n S.A. ante el incumplimiento de una medida cautelar que le exige ajustar la tarifa del abono a 130 pesos.<\/p>\n","protected":false},"author":4,"featured_media":0,"comment_status":"open","ping_status":"open","sticky":false,"template":"","format":"standard","meta":{"_jetpack_newsletter_access":"","_jetpack_dont_email_post_to_subs":false,"_jetpack_newsletter_tier_id":0,"_jetpack_memberships_contains_paywalled_content":false,"_jetpack_memberships_contains_paid_content":false,"footnotes":""},"categories":[54],"tags":[],"class_list":["post-16766","post","type-post","status-publish","format-standard","hentry","category-medios"],"jetpack_featured_media_url":"","jetpack_shortlink":"https:\/\/wp.me\/p2JWE0-4mq","jetpack-related-posts":[{"id":15087,"url":"https:\/\/www.24baires.com\/?p=15087","url_meta":{"origin":16766,"position":0},"title":"Juez de La Plata intim\u00f3 a Cablevisi\u00f3n a acreditar si ajust\u00f3 la tarifa a lo ordenado","author":"Grupo Sierra","date":"08\/02\/2013","format":false,"excerpt":"El juez federal de La Plata, Adolfo Gabino Ziulu, intim\u00f3 a la empresa a que acredite si se encuentra cumpliendo con una medida cautelar anterior por la cual se le orden\u00f3 ajustar su tarifa por abono a la suma autorizada por la Secretar\u00eda de Comercio Interior. El caso podr\u00eda terminar\u2026","rel":"","context":"En \u00abMedios\u00bb","block_context":{"text":"Medios","link":"https:\/\/www.24baires.com\/?cat=54"},"img":{"alt_text":"cablevision","src":"https:\/\/i0.wp.com\/www.24baires.com\/wp-content\/uploads\/2012\/12\/cablevision.jpg?resize=350%2C200","width":350,"height":200,"srcset":"https:\/\/i0.wp.com\/www.24baires.com\/wp-content\/uploads\/2012\/12\/cablevision.jpg?resize=350%2C200 1x, https:\/\/i0.wp.com\/www.24baires.com\/wp-content\/uploads\/2012\/12\/cablevision.jpg?resize=525%2C300 1.5x"},"classes":[]},{"id":21482,"url":"https:\/\/www.24baires.com\/?p=21482","url_meta":{"origin":16766,"position":1},"title":"Cablevisi\u00f3n deber\u00e1 pagar $100 mil por d\u00eda hasta que baje su tarifa a $130","author":"AF","date":"20\/04\/2013","format":false,"excerpt":"La sanci\u00f3n fue resuelta por el magistrado platense Adolfo Ziulu, tras hacer lugar a un pedido de la Defensor\u00eda del Pueblo bonaerense. A pesar de las sucesivas \u00f3rdenes judiciales, la cableoperadora del Grupo Clar\u00edn se ha negado hasta el momento a adecuar el su abono b\u00e1sico mensual a los 130\u2026","rel":"","context":"En \u00abMedios\u00bb","block_context":{"text":"Medios","link":"https:\/\/www.24baires.com\/?cat=54"},"img":{"alt_text":"cablevisi\u00f3n","src":"https:\/\/i0.wp.com\/www.24baires.com\/wp-content\/uploads\/2013\/01\/cablevisi%C3%B3n-300x199.jpg?resize=350%2C200","width":350,"height":200},"classes":[]},{"id":20756,"url":"https:\/\/www.24baires.com\/?p=20756","url_meta":{"origin":16766,"position":2},"title":"Rechazan la presentaci\u00f3n de Cablevisi\u00f3n y fijan el abono en $130","author":"AF","date":"11\/04\/2013","format":false,"excerpt":"La C\u00e1mara Federal de Apelaciones de La Plata rechaz\u00f3 el planteo realizado por la empresa Cablevisi\u00f3n S.A. y aval\u00f3 la presentaci\u00f3n realizada por la Defensor\u00eda del Pueblo de la provincia de Buenos Aires que fija en 130 pesos el abono b\u00e1sico de cable. La C\u00e1mara Federal rechaz\u00f3 un recurso extraordinario\u2026","rel":"","context":"En \u00abMedios\u00bb","block_context":{"text":"Medios","link":"https:\/\/www.24baires.com\/?cat=54"},"img":{"alt_text":"","src":"","width":0,"height":0},"classes":[]},{"id":30722,"url":"https:\/\/www.24baires.com\/?p=30722","url_meta":{"origin":16766,"position":3},"title":"El Defensor del Pueblo de la Provincia afirm\u00f3 que \u00abCablevisi\u00f3n presiona a la Justicia\u00bb","author":"Grupo Sierra","date":"24\/08\/2013","format":false,"excerpt":"Carlos Bonicatto acus\u00f3 a la empresa Cablevisi\u00f3n, del Grupo Clar\u00edn, de \u201cagraviar a las instituciones y presionar a la Justicia\u201d para que ese organismo sea apartado de la causa por sobrefacturaci\u00f3n en la tarifa de televisi\u00f3n por cable a los usuarios. El Defensor del Pueblo bonaerense Carlos Bonicatto, acus\u00f3 hoy\u2026","rel":"","context":"En \u00abMedios\u00bb","block_context":{"text":"Medios","link":"https:\/\/www.24baires.com\/?cat=54"},"img":{"alt_text":"","src":"","width":0,"height":0},"classes":[]},{"id":20564,"url":"https:\/\/www.24baires.com\/?p=20564","url_meta":{"origin":16766,"position":4},"title":"Cablevisi\u00f3n \u201cNo quiere cumplir con lo que se le ordena\u00bb advirti\u00f3 Bonicatto","author":"AF","date":"09\/04\/2013","format":false,"excerpt":"El Defensor del Pueblo bonaerense, Carlos Bonicatto, dialog\u00f3 sobre la causa contra la empresa del Grupo Clar\u00edn por el cobro indebido de sus servicio en la Provincia. Adelant\u00f3 que en los pr\u00f3ximos d\u00edas podr\u00eda haber novedades de la Justicia, ya que eval\u00faa un nuevo pedido para que la cableoperadora se\u2026","rel":"","context":"En \u00abMedios\u00bb","block_context":{"text":"Medios","link":"https:\/\/www.24baires.com\/?cat=54"},"img":{"alt_text":"bonicatto","src":"https:\/\/i0.wp.com\/www.24baires.com\/wp-content\/uploads\/2013\/04\/bonicatto.jpg?resize=350%2C200","width":350,"height":200,"srcset":"https:\/\/i0.wp.com\/www.24baires.com\/wp-content\/uploads\/2013\/04\/bonicatto.jpg?resize=350%2C200 1x, https:\/\/i0.wp.com\/www.24baires.com\/wp-content\/uploads\/2013\/04\/bonicatto.jpg?resize=525%2C300 1.5x"},"classes":[]},{"id":24419,"url":"https:\/\/www.24baires.com\/?p=24419","url_meta":{"origin":16766,"position":5},"title":"El Senado bonaerense apoy\u00f3 el reclamo contra Cablevisi\u00f3n por el precio del abono","author":"Grupo Sierra","date":"26\/05\/2013","format":false,"excerpt":"La C\u00e1mara de Senadores bonaerense respald\u00f3 la presentaci\u00f3n judicial de la Defensor\u00eda del Pueblo provincial contra la empresa Cablevisi\u00f3n S.A., por el valor del servicio, y solicit\u00f3 que la firma adecue el costo del abono b\u00e1sico del cable. La C\u00e1mara Alta acompa\u00f1\u00f3 el proyecto elevado por el senador del Frente\u2026","rel":"","context":"En \u00abMedios\u00bb","block_context":{"text":"Medios","link":"https:\/\/www.24baires.com\/?cat=54"},"img":{"alt_text":"senadobonaerense2-679x350","src":"https:\/\/i0.wp.com\/www.24baires.com\/wp-content\/uploads\/2013\/05\/senadobonaerense2-679x350.jpg?resize=350%2C200","width":350,"height":200,"srcset":"https:\/\/i0.wp.com\/www.24baires.com\/wp-content\/uploads\/2013\/05\/senadobonaerense2-679x350.jpg?resize=350%2C200 1x, https:\/\/i0.wp.com\/www.24baires.com\/wp-content\/uploads\/2013\/05\/senadobonaerense2-679x350.jpg?resize=525%2C300 1.5x"},"classes":[]}],"jetpack_sharing_enabled":true,"jetpack_likes_enabled":true,"_links":{"self":[{"href":"https:\/\/www.24baires.com\/index.php?rest_route=\/wp\/v2\/posts\/16766","targetHints":{"allow":["GET"]}}],"collection":[{"href":"https:\/\/www.24baires.com\/index.php?rest_route=\/wp\/v2\/posts"}],"about":[{"href":"https:\/\/www.24baires.com\/index.php?rest_route=\/wp\/v2\/types\/post"}],"author":[{"embeddable":true,"href":"https:\/\/www.24baires.com\/index.php?rest_route=\/wp\/v2\/users\/4"}],"replies":[{"embeddable":true,"href":"https:\/\/www.24baires.com\/index.php?rest_route=%2Fwp%2Fv2%2Fcomments&post=16766"}],"version-history":[{"count":1,"href":"https:\/\/www.24baires.com\/index.php?rest_route=\/wp\/v2\/posts\/16766\/revisions"}],"predecessor-version":[{"id":16767,"href":"https:\/\/www.24baires.com\/index.php?rest_route=\/wp\/v2\/posts\/16766\/revisions\/16767"}],"wp:attachment":[{"href":"https:\/\/www.24baires.com\/index.php?rest_route=%2Fwp%2Fv2%2Fmedia&parent=16766"}],"wp:term":[{"taxonomy":"category","embeddable":true,"href":"https:\/\/www.24baires.com\/index.php?rest_route=%2Fwp%2Fv2%2Fcategories&post=16766"},{"taxonomy":"post_tag","embeddable":true,"href":"https:\/\/www.24baires.com\/index.php?rest_route=%2Fwp%2Fv2%2Ftags&post=16766"}],"curies":[{"name":"wp","href":"https:\/\/api.w.org\/{rel}","templated":true}]}}