{"id":16751,"date":"2013-02-25T20:30:37","date_gmt":"2013-02-25T23:30:37","guid":{"rendered":"http:\/\/www.24baires.com\/?p=16751"},"modified":"2013-02-25T20:17:42","modified_gmt":"2013-02-25T23:17:42","slug":"presentan-proyecto-de-ley-para-agilizar-los-tramites-de-divorcio","status":"publish","type":"post","link":"https:\/\/www.24baires.com\/?p=16751","title":{"rendered":"Presentan proyecto de ley para agilizar los tr\u00e1mites de divorcio"},"content":{"rendered":"<p>Esto permitir\u00eda que sea decretado por el juez antes, sin tener en cuenta las causas y plazos que actualmente establece la ley.<!--more--><br \/>\nLa diputada nacional de Uni\u00f3n Popular, Liliana Parada, present\u00f3 un proyecto de ley para permitir que el divorcio sea decretado por el juez sin tener en cuenta las causas y los plazos que actualmente establece la ley.<\/p>\n<p>A su vez aclar\u00f3 que todas las dem\u00e1s cuestiones derivadas del matrimonio disuelto contin\u00faan su tr\u00e1mite normal y agreg\u00f3 que los actuales plazos legales son injustos.<\/p>\n<p>La legisladora afirm\u00f3 que \u201chay que estar m\u00ednimamente dos a\u00f1os casados o tres para solicitar el divorcio; hay que estar dos a\u00f1os separados para solicitar el divorcio vincular y agreg\u00f3 que se somete a plazos una situaci\u00f3n e hecho que es que esa pareja est\u00e1 separada\u201d.<\/p>\n<p>A su vez dijo que \u201cse somete a un plazo que es absolutamente injusto porque uno puede casarse y a la semana descubrir y tener suficientes razones que no tiene porqu\u00e9 someter ante un tribunal y someter al criterio de un juez para descasarse\u201d.<\/p>\n<p>Por \u00faltimo enfatiz\u00f3 que \u201ca\u00fan hoy el divorcio siempre va a ser decretado, siempre ser\u00e1 al sentencia final de cualquier juez, as\u00eds sea pro cualquiera de las causales que existen hoy en la ley\u201d y asegur\u00f3 que \u201clo que nosotros hacemos es anticipar esa decisi\u00f3n final que a veces se eterniza en los tribunales argentinos\u201d.<\/p>\n<p>&nbsp;<\/p>\n<p>&nbsp;<\/p>\n<p>&nbsp;<\/p>\n<p>&nbsp;<\/p>\n<p>&nbsp;<\/p>\n<p>&nbsp;<\/p>\n<p>&nbsp;<\/p>\n<p>&nbsp;<\/p>\n<p>&nbsp;<\/p>\n<p>&nbsp;<\/p>\n<p>&nbsp;<\/p>\n<p>&nbsp;<\/p>\n<p>&nbsp;<\/p>\n<p>&nbsp;<\/p>\n","protected":false},"excerpt":{"rendered":"<p>Esto permitir\u00eda que sea decretado por el juez antes, sin tener en cuenta las causas y plazos que actualmente establece la ley.<\/p>\n","protected":false},"author":4,"featured_media":0,"comment_status":"open","ping_status":"open","sticky":false,"template":"","format":"standard","meta":{"_jetpack_newsletter_access":"","_jetpack_dont_email_post_to_subs":false,"_jetpack_newsletter_tier_id":0,"_jetpack_memberships_contains_paywalled_content":false,"_jetpack_memberships_contains_paid_content":false,"footnotes":""},"categories":[1],"tags":[],"class_list":["post-16751","post","type-post","status-publish","format-standard","hentry","category-sociedad"],"jetpack_featured_media_url":"","jetpack_shortlink":"https:\/\/wp.me\/p2JWE0-4mb","jetpack-related-posts":[{"id":52576,"url":"https:\/\/www.24baires.com\/?p=52576","url_meta":{"origin":16751,"position":0},"title":"Una jueza propone modificar el formulario de divorcio por ser \u00abdiscriminatorio\u00bb","author":"GB","date":"27\/08\/2014","format":false,"excerpt":"La jueza Mar\u00eda Laura Dump\u00e9, titular del Juzgado de Familia 7 de Viedma, dict\u00f3 el divorcio vincular de un matrimonio igualitario de mujeres, unidas legalmente en esta capital en 2010, y propuso modificar el formulario inicial del tr\u00e1mite correspondiente porque contiene \u201clenguaje discriminatorio\u201d. La jueza Mar\u00eda Laura Dump\u00e9, titular del\u2026","rel":"","context":"En \u00abSociedad\u00bb","block_context":{"text":"Sociedad","link":"https:\/\/www.24baires.com\/?cat=1"},"img":{"alt_text":"","src":"","width":0,"height":0},"classes":[]},{"id":71361,"url":"https:\/\/www.24baires.com\/?p=71361","url_meta":{"origin":16751,"position":1},"title":"Advierten que el divorcio express podr\u00eda generar \u00abviolencia familiar\u00bb","author":"GB","date":"30\/08\/2015","format":false,"excerpt":"Un especialista en derecho de familia advirti\u00f3 que las recientes modificaciones introducidas al r\u00e9gimen del matrimonio, particularmente la que abri\u00f3 la posibilidad del llamado \"divorcio expr\u00e9s\", podr\u00edan favorecer \"situaciones de violencia familiar\". Seg\u00fan el abogado Leonardo Glikin, especialista en planificaci\u00f3n patrimonial y sucesoria \"un sistema en el que se permite\u2026","rel":"","context":"En \u00abSociedad\u00bb","block_context":{"text":"Sociedad","link":"https:\/\/www.24baires.com\/?cat=1"},"img":{"alt_text":"violencia de g\u00e9nero","src":"https:\/\/i0.wp.com\/www.24baires.com\/wp-content\/uploads\/2013\/01\/violencia-de-g%C3%A9nero.jpg?resize=350%2C200","width":350,"height":200},"classes":[]},{"id":120864,"url":"https:\/\/www.24baires.com\/?p=120864","url_meta":{"origin":16751,"position":2},"title":"La Justicia dict\u00f3 la primera cautelar contra la suba de una prepaga trsd el DNU Milei","author":"AF","date":"15\/01\/2024","format":false,"excerpt":"Lo decidi\u00f3 la jueza Martina Forns en el marco de la causa contra el Hospital Italiano. Tiene efectos exclusivos a la afiliada que hizo el planteo: una jubilada de 78 a\u00f1os. Desde que Javier Milei dict\u00f3 el decreto 70\/2023, el 20 de diciembre \u00faltimo, se produjo una lluvia de medidas\u2026","rel":"","context":"En \u00abSociedad\u00bb","block_context":{"text":"Sociedad","link":"https:\/\/www.24baires.com\/?cat=1"},"img":{"alt_text":"","src":"https:\/\/i0.wp.com\/www.24baires.com\/wp-content\/uploads\/2024\/01\/WhatsApp-Image-2024-01-15-at-22.20.22.jpeg?resize=350%2C200","width":350,"height":200,"srcset":"https:\/\/i0.wp.com\/www.24baires.com\/wp-content\/uploads\/2024\/01\/WhatsApp-Image-2024-01-15-at-22.20.22.jpeg?resize=350%2C200 1x, https:\/\/i0.wp.com\/www.24baires.com\/wp-content\/uploads\/2024\/01\/WhatsApp-Image-2024-01-15-at-22.20.22.jpeg?resize=525%2C300 1.5x, https:\/\/i0.wp.com\/www.24baires.com\/wp-content\/uploads\/2024\/01\/WhatsApp-Image-2024-01-15-at-22.20.22.jpeg?resize=700%2C400 2x"},"classes":[]},{"id":102860,"url":"https:\/\/www.24baires.com\/?p=102860","url_meta":{"origin":16751,"position":3},"title":"Buscan que los funcionarios condenados por corrupci\u00f3n tengan penas m\u00e1s duras","author":"GB","date":"19\/06\/2018","format":false,"excerpt":"Macri enviar\u00e1 al Congreso la reforma al C\u00f3digo Penal que agrava las penas actuales. Pero no se pueden aplicar para las causas que ya est\u00e1n en tr\u00e1mite Los funcionarios del actual gobierno nacional de Mauricio Macri y de los que lo sucedan tendr\u00e1n m\u00e1s penas que las actuales en el\u2026","rel":"","context":"En \u00abPol\u00edtica\u00bb","block_context":{"text":"Pol\u00edtica","link":"https:\/\/www.24baires.com\/?cat=51"},"img":{"alt_text":"","src":"https:\/\/i0.wp.com\/www.24baires.com\/wp-content\/uploads\/2018\/05\/macri-olivos.jpg?resize=350%2C200","width":350,"height":200,"srcset":"https:\/\/i0.wp.com\/www.24baires.com\/wp-content\/uploads\/2018\/05\/macri-olivos.jpg?resize=350%2C200 1x, https:\/\/i0.wp.com\/www.24baires.com\/wp-content\/uploads\/2018\/05\/macri-olivos.jpg?resize=525%2C300 1.5x"},"classes":[]},{"id":2777,"url":"https:\/\/www.24baires.com\/?p=2777","url_meta":{"origin":16751,"position":4},"title":"Lezama m\u00e1s cerca de tener su propio Juzgado de Paz","author":"AF","date":"21\/10\/2012","format":false,"excerpt":"La C\u00e1mara de Diputados bonaerense aprob\u00f3 el proyecto del diputado Ramiro Guti\u00e9rrez para crear el Juzgado de Paz en el distrito de Lezama. Ahora, s\u00f3lo necesita la aprobaci\u00f3n del Senado para convertirse en Ley. Seg\u00fan se argument\u00f3, \"todas las comunas del interior bonaerense que no son cabecera de departamento judicial,\u2026","rel":"","context":"En \u00abMunicipios\u00bb","block_context":{"text":"Municipios","link":"https:\/\/www.24baires.com\/?cat=44"},"img":{"alt_text":"","src":"","width":0,"height":0},"classes":[]},{"id":112229,"url":"https:\/\/www.24baires.com\/?p=112229","url_meta":{"origin":16751,"position":5},"title":"La Corte le puso una bomba electoral a Macri: el Gobierno deber\u00e1 decidir antes de octubre si acepta la oferta del Correo","author":"GB","date":"25\/09\/2019","format":false,"excerpt":"Con la excusa de una presunta \u201cgravedad institucional\u201d, la Procuraci\u00f3n, en nombre del Gobierno, hab\u00eda pedido al m\u00e1ximo tribunal suspender por no menos de 120 d\u00edas el plazo para expedirse por la deuda de $ 70 mil millones de la firma del Grupo Macri con el Estado. La respuesta fue\u2026","rel":"","context":"En \u00abPol\u00edtica\u00bb","block_context":{"text":"Pol\u00edtica","link":"https:\/\/www.24baires.com\/?cat=51"},"img":{"alt_text":"","src":"https:\/\/i0.wp.com\/www.24baires.com\/wp-content\/uploads\/2014\/10\/correo-argentino.jpg?resize=350%2C200","width":350,"height":200,"srcset":"https:\/\/i0.wp.com\/www.24baires.com\/wp-content\/uploads\/2014\/10\/correo-argentino.jpg?resize=350%2C200 1x, https:\/\/i0.wp.com\/www.24baires.com\/wp-content\/uploads\/2014\/10\/correo-argentino.jpg?resize=525%2C300 1.5x"},"classes":[]}],"jetpack_sharing_enabled":true,"jetpack_likes_enabled":true,"_links":{"self":[{"href":"https:\/\/www.24baires.com\/index.php?rest_route=\/wp\/v2\/posts\/16751","targetHints":{"allow":["GET"]}}],"collection":[{"href":"https:\/\/www.24baires.com\/index.php?rest_route=\/wp\/v2\/posts"}],"about":[{"href":"https:\/\/www.24baires.com\/index.php?rest_route=\/wp\/v2\/types\/post"}],"author":[{"embeddable":true,"href":"https:\/\/www.24baires.com\/index.php?rest_route=\/wp\/v2\/users\/4"}],"replies":[{"embeddable":true,"href":"https:\/\/www.24baires.com\/index.php?rest_route=%2Fwp%2Fv2%2Fcomments&post=16751"}],"version-history":[{"count":2,"href":"https:\/\/www.24baires.com\/index.php?rest_route=\/wp\/v2\/posts\/16751\/revisions"}],"predecessor-version":[{"id":16753,"href":"https:\/\/www.24baires.com\/index.php?rest_route=\/wp\/v2\/posts\/16751\/revisions\/16753"}],"wp:attachment":[{"href":"https:\/\/www.24baires.com\/index.php?rest_route=%2Fwp%2Fv2%2Fmedia&parent=16751"}],"wp:term":[{"taxonomy":"category","embeddable":true,"href":"https:\/\/www.24baires.com\/index.php?rest_route=%2Fwp%2Fv2%2Fcategories&post=16751"},{"taxonomy":"post_tag","embeddable":true,"href":"https:\/\/www.24baires.com\/index.php?rest_route=%2Fwp%2Fv2%2Ftags&post=16751"}],"curies":[{"name":"wp","href":"https:\/\/api.w.org\/{rel}","templated":true}]}}