{"id":16748,"date":"2013-02-25T20:13:15","date_gmt":"2013-02-25T23:13:15","guid":{"rendered":"http:\/\/www.24baires.com\/?p=16748"},"modified":"2013-02-25T20:13:15","modified_gmt":"2013-02-25T23:13:15","slug":"celebracion-del-150-aniversario-de-la-corte-suprema-lorenzetti-encabezara-el-acto","status":"publish","type":"post","link":"https:\/\/www.24baires.com\/?p=16748","title":{"rendered":"Celebraci\u00f3n del 150\u00b0 aniversario de la Corte Suprema: Lorenzetti encabezar\u00e1 el acto"},"content":{"rendered":"<p>Ser\u00e1 este martes, a partir de las 11. En la misma ceremonia se llevar\u00e1 a cabo la apertura del a\u00f1o judicial. Participar\u00e1n los ministros del M\u00e1ximo Tribunal y representantes de los tres poderes del Estado.<!--more--><br \/>\nEl 26 de febrero pr\u00f3ximo, a partir de las 11:00, se realizar\u00e1 el acto por los 150 a\u00f1os de la Corte Suprema de Justicia de la Naci\u00f3n, que ser\u00e1 encabezado por su presidente, Ricardo Lorenzetti, y por los ministros del M\u00e1ximo Tribunal.<br \/>\nEn la misma ceremonia se realizar\u00e1 la apertura del a\u00f1o judicial. Ser\u00e1 en la Sala de Audiencias ubicada en el cuarto piso del Palacio de Tribunales (Talcahuano 550).<br \/>\nEl Centro de Informaci\u00f3n Judicial (CIJ) transmitir\u00e1 todas las instancias del acto por medio de CIJ TV (www.cij.gov.ar) y a trav\u00e9s de su cuenta en Twitter twitter.com\/cijudicial.<br \/>\nEl Tribunal celebra su aniversario con motivo de la primera sentencia, dictada el 15 de octubre de 1863, en el caso \u201cMiguel Otero c\/ Jos\u00e9 H. Nadal, su ejecuci\u00f3n\u201d. La fecha fue instituida en 1963 cuando la Corte celebr\u00f3 su centenario, en el inicio del gobierno democr\u00e1tico presidido por Arturo Humberto Illia.<\/p>\n<p>&nbsp;<\/p>\n<p>&nbsp;<\/p>\n<p>&nbsp;<\/p>\n<p>&nbsp;<\/p>\n<p>&nbsp;<\/p>\n<p>&nbsp;<\/p>\n<p>&nbsp;<\/p>\n<p>&nbsp;<\/p>\n<p>&nbsp;<\/p>\n<p>&nbsp;<\/p>\n<p>&nbsp;<\/p>\n<p>&nbsp;<\/p>\n<p>&nbsp;<\/p>\n<p>&nbsp;<\/p>\n<p>&nbsp;<\/p>\n","protected":false},"excerpt":{"rendered":"<p>Ser\u00e1 este martes, a partir de las 11. En la misma ceremonia se llevar\u00e1 a cabo la apertura del a\u00f1o judicial. Participar\u00e1n los ministros del M\u00e1ximo Tribunal y representantes de los tres poderes del Estado.<\/p>\n","protected":false},"author":4,"featured_media":0,"comment_status":"open","ping_status":"open","sticky":false,"template":"","format":"standard","meta":{"_jetpack_newsletter_access":"","_jetpack_dont_email_post_to_subs":false,"_jetpack_newsletter_tier_id":0,"_jetpack_memberships_contains_paywalled_content":false,"_jetpack_memberships_contains_paid_content":false,"footnotes":""},"categories":[1],"tags":[],"class_list":["post-16748","post","type-post","status-publish","format-standard","hentry","category-sociedad"],"jetpack_featured_media_url":"","jetpack_shortlink":"https:\/\/wp.me\/p2JWE0-4m8","jetpack-related-posts":[{"id":104400,"url":"https:\/\/www.24baires.com\/?p=104400","url_meta":{"origin":16748,"position":0},"title":"Lorenzetti dejar\u00e1 la presidencia de la Corte Suprema y lo reemplazar\u00e1 Rosenkrantz","author":"AF","date":"11\/09\/2018","format":false,"excerpt":"El juez ocupaba ese cargo desde enero de 2007. Lo reemplazar\u00eda Carlos Rosenkrantz. El cambio se har\u00e1 efectivo a partir del 1\u00b0 de octubre pr\u00f3ximo. Luego de 11 a\u00f1os Ricardo Lorenzetti dejar\u00e1 de ser el presidente de la Corte Suprema de Justicia. Su alejamiento del cargo se har\u00e1 efectivo el\u2026","rel":"","context":"En \u00abJUDICIALES\u00bb","block_context":{"text":"JUDICIALES","link":"https:\/\/www.24baires.com\/?cat=68"},"img":{"alt_text":"","src":"https:\/\/i0.wp.com\/www.24baires.com\/wp-content\/uploads\/2012\/10\/lorenzetti-corte-suprema.jpg?resize=350%2C200","width":350,"height":200,"srcset":"https:\/\/i0.wp.com\/www.24baires.com\/wp-content\/uploads\/2012\/10\/lorenzetti-corte-suprema.jpg?resize=350%2C200 1x, https:\/\/i0.wp.com\/www.24baires.com\/wp-content\/uploads\/2012\/10\/lorenzetti-corte-suprema.jpg?resize=525%2C300 1.5x"},"classes":[]},{"id":65862,"url":"https:\/\/www.24baires.com\/?p=65862","url_meta":{"origin":16748,"position":1},"title":"Con Fayt inclu\u00eddo, la Corte ratific\u00f3 la reelecci\u00f3n de Lorenzetti","author":"AF","date":"13\/05\/2015","format":false,"excerpt":"El m\u00e1ximo tribunal celebr\u00f3 un \u201cacuerdo extraordinario\u201d donde ratific\u00f3 la acordada 11 del 21 de abril \u00faltimo, que hab\u00eda aprobado la reelecci\u00f3n anticipada del presidente Ricardo Lorenzetti hasta el 2019 y que cont\u00f3 adem\u00e1s con la presencia del magistrado m\u00e1s veterano del cuerpo, el juez Carlos Fayt, quien hac\u00eda tiempo\u2026","rel":"","context":"En \u00abJUDICIALES\u00bb","block_context":{"text":"JUDICIALES","link":"https:\/\/www.24baires.com\/?cat=68"},"img":{"alt_text":"lorenzetti2","src":"https:\/\/i0.wp.com\/www.24baires.com\/wp-content\/uploads\/2015\/03\/lorenzetti2.jpg?resize=350%2C200","width":350,"height":200,"srcset":"https:\/\/i0.wp.com\/www.24baires.com\/wp-content\/uploads\/2015\/03\/lorenzetti2.jpg?resize=350%2C200 1x, https:\/\/i0.wp.com\/www.24baires.com\/wp-content\/uploads\/2015\/03\/lorenzetti2.jpg?resize=525%2C300 1.5x"},"classes":[]},{"id":62632,"url":"https:\/\/www.24baires.com\/?p=62632","url_meta":{"origin":16748,"position":2},"title":"La Corte neg\u00f3 que el atentado a la Embajada de Israel sea \u00abcosa juzgada\u00bb","author":"GB","date":"04\/03\/2015","format":false,"excerpt":"El m\u00e1ximo tribunal sostuvo que \"contin\u00faa la investigaci\u00f3n\" del atentado contra la sede diplom\u00e1tica israel\u00ed, lo que se contrapone con las afirmaciones de Ricardo Lorenzetti, quien dijo que era \"cosa juzgada\". La Corte Suprema de Justicia difundi\u00f3, a trav\u00e9s del Centro de Informaci\u00f3n Judicial (CIJ), un informe en el que\u2026","rel":"","context":"En \u00abPol\u00edtica\u00bb","block_context":{"text":"Pol\u00edtica","link":"https:\/\/www.24baires.com\/?cat=51"},"img":{"alt_text":"","src":"","width":0,"height":0},"classes":[]},{"id":105619,"url":"https:\/\/www.24baires.com\/?p=105619","url_meta":{"origin":16748,"position":3},"title":"La Corte Suprema define si los jueces pagan o no Ganancias","author":"GB","date":"27\/11\/2018","format":false,"excerpt":"Se aguarda que tres de los cinco integrantes del m\u00e1ximo tribunal voten a favor del pago. En 2018, AFIP perdi\u00f3 m\u00e1s de $ 6.900 millones por la exenci\u00f3n de ingresos a magistrados y funcionarios del Poder Judicial. En un mes de fuertes definiciones por parte de la Corte Suprema de\u2026","rel":"","context":"En \u00abPol\u00edtica\u00bb","block_context":{"text":"Pol\u00edtica","link":"https:\/\/www.24baires.com\/?cat=51"},"img":{"alt_text":"","src":"https:\/\/i0.wp.com\/www.24baires.com\/wp-content\/uploads\/2016\/08\/corte-suprema1.jpg?resize=350%2C200","width":350,"height":200,"srcset":"https:\/\/i0.wp.com\/www.24baires.com\/wp-content\/uploads\/2016\/08\/corte-suprema1.jpg?resize=350%2C200 1x, https:\/\/i0.wp.com\/www.24baires.com\/wp-content\/uploads\/2016\/08\/corte-suprema1.jpg?resize=525%2C300 1.5x"},"classes":[]},{"id":41638,"url":"https:\/\/www.24baires.com\/?p=41638","url_meta":{"origin":16748,"position":4},"title":"Lorenzetti: \u00abHay que reformar el poder judicial\u00bb","author":"Grupo Sierra","date":"06\/03\/2014","format":false,"excerpt":"El presidente de la Corte Suprema lo dijo durante la ceremonia en la que inaugur\u00f3 formalmente el \"a\u00f1o judicial\" y expuso los lineamientos de trabajo para 2014. Ministros del gobierno nacional, secretarios de Estado y funcionarios judiciales asistieron hoy al acto en el que el presidente de la Corte Suprema\u2026","rel":"","context":"En \u00abJUDICIALES\u00bb","block_context":{"text":"JUDICIALES","link":"https:\/\/www.24baires.com\/?cat=68"},"img":{"alt_text":"","src":"","width":0,"height":0},"classes":[]},{"id":65363,"url":"https:\/\/www.24baires.com\/?p=65363","url_meta":{"origin":16748,"position":5},"title":"La Corte ratific\u00f3 a Lorenzetti como presidente","author":"GB","date":"05\/05\/2015","format":false,"excerpt":"La Corte Suprema de Justicia ratific\u00f3 \"total y absolutamente\" la acordada que reeligi\u00f3 a su presidente Ricardo Lorenzetti y a la vicepresidenta Elena Highton de Nolasco para ocupar nuevamente los cargos a partir del 1 de enero de 2016. Mediante un comunicado de tres l\u00edneas publicado esta ma\u00f1ana en el\u2026","rel":"","context":"En \u00abPol\u00edtica\u00bb","block_context":{"text":"Pol\u00edtica","link":"https:\/\/www.24baires.com\/?cat=51"},"img":{"alt_text":"lorenzetti2","src":"https:\/\/i0.wp.com\/www.24baires.com\/wp-content\/uploads\/2015\/03\/lorenzetti2.jpg?resize=350%2C200","width":350,"height":200,"srcset":"https:\/\/i0.wp.com\/www.24baires.com\/wp-content\/uploads\/2015\/03\/lorenzetti2.jpg?resize=350%2C200 1x, https:\/\/i0.wp.com\/www.24baires.com\/wp-content\/uploads\/2015\/03\/lorenzetti2.jpg?resize=525%2C300 1.5x"},"classes":[]}],"jetpack_sharing_enabled":true,"jetpack_likes_enabled":true,"_links":{"self":[{"href":"https:\/\/www.24baires.com\/index.php?rest_route=\/wp\/v2\/posts\/16748","targetHints":{"allow":["GET"]}}],"collection":[{"href":"https:\/\/www.24baires.com\/index.php?rest_route=\/wp\/v2\/posts"}],"about":[{"href":"https:\/\/www.24baires.com\/index.php?rest_route=\/wp\/v2\/types\/post"}],"author":[{"embeddable":true,"href":"https:\/\/www.24baires.com\/index.php?rest_route=\/wp\/v2\/users\/4"}],"replies":[{"embeddable":true,"href":"https:\/\/www.24baires.com\/index.php?rest_route=%2Fwp%2Fv2%2Fcomments&post=16748"}],"version-history":[{"count":2,"href":"https:\/\/www.24baires.com\/index.php?rest_route=\/wp\/v2\/posts\/16748\/revisions"}],"predecessor-version":[{"id":16750,"href":"https:\/\/www.24baires.com\/index.php?rest_route=\/wp\/v2\/posts\/16748\/revisions\/16750"}],"wp:attachment":[{"href":"https:\/\/www.24baires.com\/index.php?rest_route=%2Fwp%2Fv2%2Fmedia&parent=16748"}],"wp:term":[{"taxonomy":"category","embeddable":true,"href":"https:\/\/www.24baires.com\/index.php?rest_route=%2Fwp%2Fv2%2Fcategories&post=16748"},{"taxonomy":"post_tag","embeddable":true,"href":"https:\/\/www.24baires.com\/index.php?rest_route=%2Fwp%2Fv2%2Ftags&post=16748"}],"curies":[{"name":"wp","href":"https:\/\/api.w.org\/{rel}","templated":true}]}}