{"id":16739,"date":"2013-02-25T20:00:32","date_gmt":"2013-02-25T23:00:32","guid":{"rendered":"http:\/\/www.24baires.com\/?p=16739"},"modified":"2013-02-25T20:03:03","modified_gmt":"2013-02-25T23:03:03","slug":"murio-la-mujer-acusada-de-prostituir-a-marita-veron","status":"publish","type":"post","link":"https:\/\/www.24baires.com\/?p=16739","title":{"rendered":"Muri\u00f3 la mujer acusada de prostituir a Marita Ver\u00f3n"},"content":{"rendered":"<p><img data-recalc-dims=\"1\" loading=\"lazy\" decoding=\"async\" class=\"alignleft size-medium wp-image-16740\" alt=\"lidia medina\" src=\"https:\/\/i0.wp.com\/www.24baires.com\/wp-content\/uploads\/2013\/02\/lidia-medina.jpg?resize=300%2C199\" width=\"300\" height=\"199\" srcset=\"https:\/\/i0.wp.com\/www.24baires.com\/wp-content\/uploads\/2013\/02\/lidia-medina.jpg?resize=300%2C199&amp;ssl=1 300w, https:\/\/i0.wp.com\/www.24baires.com\/wp-content\/uploads\/2013\/02\/lidia-medina.jpg?w=320&amp;ssl=1 320w\" sizes=\"auto, (max-width: 300px) 100vw, 300px\" \/>Lidia Medina, la acusada que fue absuelta en diciembre pasado, muri\u00f3 este lunes en un hospital de La Rioja, en donde estaba internada desde el viernes tras haber sufrido un infarto.<!--more--><br \/>\nMedina hab\u00eda sufrido una descompensaci\u00f3n en el Servicio Penitenciario Provincial (SPP) donde se encontraba detenida por una causa de estupefacientes tras ser visitada por su hijo Fernando por lo que fue trasladada al hospital por sufrir \u00abun paro cardiorespiratorio\u00bb.<br \/>\nLa mujer tuvo otros dos paros durante el fin de semana de los cuales pudo salir a trav\u00e9s de t\u00e9cnicas de resucitaci\u00f3n cardio pulmonar, y hoy se encontraba \u00abestable\u00bb, seg\u00fan fuentes del centro asistencial.<\/p>\n<p>Fernando \u00abChenguita\u00bb Gomez, hijo de Medina y tambi\u00e9n imputado por la desaparici\u00f3n de Marita dijo que apenas se fue \u00abde la visita me llamaron por tel\u00e9fono para decirme que mi madre se hab\u00eda descompensado y que su estado de salud era delicado\u00bb.<\/p>\n<p>Medina fue absuelta junto a sus dos hijos en la causa por la desaparici\u00f3n de Marita Ver\u00f3n pero estaba detenida por infracci\u00f3n a la Ley de Estupefaciente cuando fue sorprendida en la terminal de \u00d3mnibus con un paquete con droga.<\/p>\n<p>La mujer estaba a disposici\u00f3n del juez federal de primera Instancia Daniel Herrera Piedrabuena.<\/p>\n<p>&nbsp;<\/p>\n<p>&nbsp;<\/p>\n<p>&nbsp;<\/p>\n<p>&nbsp;<\/p>\n<p>&nbsp;<\/p>\n<p>&nbsp;<\/p>\n<p>&nbsp;<\/p>\n<p>&nbsp;<\/p>\n<p>&nbsp;<\/p>\n<p>&nbsp;<\/p>\n<p>&nbsp;<\/p>\n<p>&nbsp;<\/p>\n","protected":false},"excerpt":{"rendered":"<p>Lidia Medina, la acusada que fue absuelta en diciembre pasado, muri\u00f3 este lunes en un hospital de La Rioja, en donde estaba internada desde el viernes tras haber sufrido un infarto.<\/p>\n","protected":false},"author":4,"featured_media":0,"comment_status":"open","ping_status":"open","sticky":false,"template":"","format":"standard","meta":{"_jetpack_newsletter_access":"","_jetpack_dont_email_post_to_subs":false,"_jetpack_newsletter_tier_id":0,"_jetpack_memberships_contains_paywalled_content":false,"_jetpack_memberships_contains_paid_content":false,"footnotes":""},"categories":[1],"tags":[],"class_list":["post-16739","post","type-post","status-publish","format-standard","hentry","category-sociedad"],"jetpack_featured_media_url":"","jetpack_shortlink":"https:\/\/wp.me\/p2JWE0-4lZ","jetpack-related-posts":[{"id":37142,"url":"https:\/\/www.24baires.com\/?p=37142","url_meta":{"origin":16739,"position":0},"title":"Caso Marita Ver\u00f3n: designaron a los jueces que dictar\u00e1n las penas a los condenados","author":"GB","date":"19\/12\/2013","format":false,"excerpt":"Los magistrados Emilio P\u00e1ez de la Torre, Dante Iba\u00f1ez y Mar\u00eda Elisa Molina integrar\u00e1n la Sala II de la C\u00e1mara Penal, en la que otorgar\u00e1n las penas a los condenados en el marco del juicio por el secuestro y desaparici\u00f3n de Marita Ver\u00f3n en 2002. Los jueces que decidir\u00e1n las\u2026","rel":"","context":"En \u00abJUDICIALES\u00bb","block_context":{"text":"JUDICIALES","link":"https:\/\/www.24baires.com\/?cat=68"},"img":{"alt_text":"","src":"","width":0,"height":0},"classes":[]},{"id":37092,"url":"https:\/\/www.24baires.com\/?p=37092","url_meta":{"origin":16739,"position":1},"title":"\u00abEl fallo es una luz de esperanza en la lucha contra la trata\u00bb asegur\u00f3 Susana Trimarco","author":"GB","date":"18\/12\/2013","format":false,"excerpt":"Susana Trimarco, madre de Marita Ver\u00f3n, se refiri\u00f3 as\u00ed al fallo que revoc\u00f3 la absoluci\u00f3n de 10 de los 13 acusados por el secuestro y desaparici\u00f3n de su hija en 2002. Fue al salir de la Casa Rosada. El fallo de la Corte Suprema de Justicia de Tucum\u00e1n, que ayer\u2026","rel":"","context":"En \u00abSociedad\u00bb","block_context":{"text":"Sociedad","link":"https:\/\/www.24baires.com\/?cat=1"},"img":{"alt_text":"trimarco","src":"https:\/\/i0.wp.com\/www.24baires.com\/wp-content\/uploads\/2012\/11\/trimarco.jpg?resize=350%2C200","width":350,"height":200},"classes":[]},{"id":25703,"url":"https:\/\/www.24baires.com\/?p=25703","url_meta":{"origin":16739,"position":2},"title":"Muri\u00f3 el joven que hab\u00eda sido prendido fuego por su novia en La Plata","author":"AF","date":"12\/06\/2013","format":false,"excerpt":"Un joven muri\u00f3 tras agonizar durante m\u00e1s de una semana luego que su pareja lo prendiera fuego durante una discusi\u00f3n en la casa que habitaban en la periferia de la ciudad de La Plata, informaron fuentes policiales. Se trata de Lucas Ariel Ponce, de 26 a\u00f1os, quien permanec\u00eda internado en\u2026","rel":"","context":"En \u00abPoliciales\u00bb","block_context":{"text":"Policiales","link":"https:\/\/www.24baires.com\/?cat=49"},"img":{"alt_text":"hospital san mart\u00edn","src":"https:\/\/i0.wp.com\/www.24baires.com\/wp-content\/uploads\/2013\/06\/hospital-san-mart%C3%ADn.jpg?resize=350%2C200","width":350,"height":200,"srcset":"https:\/\/i0.wp.com\/www.24baires.com\/wp-content\/uploads\/2013\/06\/hospital-san-mart%C3%ADn.jpg?resize=350%2C200 1x, https:\/\/i0.wp.com\/www.24baires.com\/wp-content\/uploads\/2013\/06\/hospital-san-mart%C3%ADn.jpg?resize=525%2C300 1.5x"},"classes":[]},{"id":20061,"url":"https:\/\/www.24baires.com\/?p=20061","url_meta":{"origin":16739,"position":3},"title":"Once a\u00f1os sin Marita Ver\u00f3n: \u00abNo me van a parar hasta que la encuentre\u00bb, asegur\u00f3 Trimarco","author":"AF","date":"03\/04\/2013","format":false,"excerpt":"Familiares y amigos de Marita Ver\u00f3n, la joven que desapareci\u00f3 hace 11 a\u00f1os, contin\u00faan con la b\u00fasqueda que comenz\u00f3 el 3 de abril de 2002, d\u00eda en el que fue secuestrada. Adem\u00e1s, la comisi\u00f3n de Juicio Pol\u00edtico de la Legislatura decidir\u00e1 el futuro de los jueces que absolvieron a los\u2026","rel":"","context":"En \u00abMemoria\u00bb","block_context":{"text":"Memoria","link":"https:\/\/www.24baires.com\/?cat=50"},"img":{"alt_text":"susana trimarco","src":"https:\/\/i0.wp.com\/www.24baires.com\/wp-content\/uploads\/2013\/01\/susana-trimarco1-300x180.jpg?resize=350%2C200","width":350,"height":200},"classes":[]},{"id":4721,"url":"https:\/\/www.24baires.com\/?p=4721","url_meta":{"origin":16739,"position":4},"title":"Caso Marita Ver\u00f3n: termin\u00f3 otra jornada de alegatos","author":"AF","date":"07\/11\/2012","format":false,"excerpt":"Una nueva jornada de alegatos se cumpli\u00f3 en el juicio por la desaparici\u00f3n de Marita Ver\u00f3n y, tal como sucedi\u00f3 en las audiencias anteriores, los abogados solicitaron la absoluci\u00f3n de los imputados que defienden. Roberto Flores y Luis Acosta, defensores de Paola Gait\u00e1n y Carlos Luna, respectivamente, buscaron desmostrar que\u2026","rel":"","context":"En \u00abSociedad\u00bb","block_context":{"text":"Sociedad","link":"https:\/\/www.24baires.com\/?cat=1"},"img":{"alt_text":"","src":"https:\/\/i0.wp.com\/www.24baires.com\/wp-content\/uploads\/2012\/11\/trimarco.jpg?resize=350%2C200","width":350,"height":200},"classes":[]},{"id":61175,"url":"https:\/\/www.24baires.com\/?p=61175","url_meta":{"origin":16739,"position":5},"title":"La Matanza: muri\u00f3 un polic\u00eda en un tiroteo con delincuentes","author":"AF","date":"03\/02\/2015","format":false,"excerpt":"Un suboficial de la polic\u00eda bonaerense fue asesinado de un tiro en la cabeza por un sospechoso que fue visto armado en la calle y que se cree que acababa de cometer, junto a un c\u00f3mplice, un robo a una estaci\u00f3n de servicio en La Tablada, partido de La Matanza.\u2026","rel":"","context":"En \u00abLocales\u00bb","block_context":{"text":"Locales","link":"https:\/\/www.24baires.com\/?cat=38"},"img":{"alt_text":"","src":"","width":0,"height":0},"classes":[]}],"jetpack_sharing_enabled":true,"jetpack_likes_enabled":true,"_links":{"self":[{"href":"https:\/\/www.24baires.com\/index.php?rest_route=\/wp\/v2\/posts\/16739","targetHints":{"allow":["GET"]}}],"collection":[{"href":"https:\/\/www.24baires.com\/index.php?rest_route=\/wp\/v2\/posts"}],"about":[{"href":"https:\/\/www.24baires.com\/index.php?rest_route=\/wp\/v2\/types\/post"}],"author":[{"embeddable":true,"href":"https:\/\/www.24baires.com\/index.php?rest_route=\/wp\/v2\/users\/4"}],"replies":[{"embeddable":true,"href":"https:\/\/www.24baires.com\/index.php?rest_route=%2Fwp%2Fv2%2Fcomments&post=16739"}],"version-history":[{"count":3,"href":"https:\/\/www.24baires.com\/index.php?rest_route=\/wp\/v2\/posts\/16739\/revisions"}],"predecessor-version":[{"id":16742,"href":"https:\/\/www.24baires.com\/index.php?rest_route=\/wp\/v2\/posts\/16739\/revisions\/16742"}],"wp:attachment":[{"href":"https:\/\/www.24baires.com\/index.php?rest_route=%2Fwp%2Fv2%2Fmedia&parent=16739"}],"wp:term":[{"taxonomy":"category","embeddable":true,"href":"https:\/\/www.24baires.com\/index.php?rest_route=%2Fwp%2Fv2%2Fcategories&post=16739"},{"taxonomy":"post_tag","embeddable":true,"href":"https:\/\/www.24baires.com\/index.php?rest_route=%2Fwp%2Fv2%2Ftags&post=16739"}],"curies":[{"name":"wp","href":"https:\/\/api.w.org\/{rel}","templated":true}]}}