{"id":16728,"date":"2013-02-25T20:15:35","date_gmt":"2013-02-25T23:15:35","guid":{"rendered":"http:\/\/www.24baires.com\/?p=16728"},"modified":"2013-02-26T14:04:24","modified_gmt":"2013-02-26T17:04:24","slug":"para-la-feb-el-nivel-de-adhesion-al-paro-docente-es-entre-el-95-y-el-100","status":"publish","type":"post","link":"https:\/\/www.24baires.com\/?p=16728","title":{"rendered":"Para la FEB, el nivel de adhesi\u00f3n al paro docente es entre \u201cel 95 y el 100%\u201d"},"content":{"rendered":"<p><strong><img data-recalc-dims=\"1\" loading=\"lazy\" decoding=\"async\" class=\"alignleft size-full wp-image-2385\" alt=\"petrocini\" src=\"https:\/\/i0.wp.com\/www.24baires.com\/wp-content\/uploads\/2012\/10\/petrocini.png?resize=250%2C175\" width=\"250\" height=\"175\" \/>LA PLATA.<\/strong>&#8211; A horas de finalizar la primera jornada de paro docente convocado por el Frente Gremial, la titular de la Feb, Mirta Petrocini dialog\u00f3 con <strong>24baires<\/strong> y asegur\u00f3 que la adhesi\u00f3n a la medida de fuerza fue \u201calt\u00edsimo\u201d. No descartan movilizarse a Casa de Gobierno.<\/p>\n<p><!--more--><\/p>\n<p>\u201cEsto habla una vez m\u00e1s que la decisi\u00f3n la toman las bases ante el malestar, el enojo y la bronca que hay por esta situaci\u00f3n que se ha dado en este a\u00f1o 2013 que, a pesar de haber comenzado con anticipaci\u00f3n, la verdad es que fue positivo en un primer momento aquella convocatoria para transitar la negociaci\u00f3n y no llegar a esta instancia, la verdad es que qued\u00f3 trunco por falta de oferta del gobierno de la provincia de Buenos Aires y el rechazo absoluto de la negociaci\u00f3n a nivel nacional por los porcentajes y la forma en que lo present\u00f3.<br \/>\nEn la provincia de Buenos Aires tenemos distritos entre un 95, 96, 98 y distritos del cien por cien del nivel de adhesi\u00f3n\u201d, asegur\u00f3 Petrocini<\/p>\n<p>Consultada sobre los pasos a seguir, la dirigente gremial afirm\u00f3 que \u201cma\u00f1ana queda la otra medida de fuerza, el otro paro. El mi\u00e9rcoles se van a hacer distintas actividades de acuerdo a cada distrito, lo que est\u00e9 organizando, como asambleas, recorridos en las calles, marchas y dem\u00e1s. Cada distrito lo va a organizar de acuerdo a su contexto y sus caracter\u00edsticas. El d\u00eda jueves tenemos la movilizaci\u00f3n a la Casa de la Provincia en capital y el d\u00eda viernes nos estamos reuniendo nuevamente para definir las medidas del plan de lucha para la pr\u00f3xima semana\u201d.<\/p>\n<p>Por \u00faltimo, Petrocini no descart\u00f3 movilizarse a Casa de Gobierno y anticip\u00f3: \u201ceso lo vamos a evaluar el viernes y es lo m\u00e1s probable que dentro del plan de lucha hagamos una movilizaci\u00f3n\u201d.<\/p>\n<p>&nbsp;<\/p>\n<p>&nbsp;<\/p>\n<p>&nbsp;<\/p>\n<p>&nbsp;<\/p>\n","protected":false},"excerpt":{"rendered":"<p>LA PLATA.&#8211; A horas de finalizar la primera jornada de paro docente convocado por el Frente Gremial, la titular de la Feb, Mirta Petrocini dialog\u00f3 con 24baires y asegur\u00f3 que la adhesi\u00f3n a la medida de fuerza fue \u201calt\u00edsimo\u201d. No descartan movilizarse a Casa de Gobierno.<\/p>\n","protected":false},"author":11,"featured_media":0,"comment_status":"open","ping_status":"open","sticky":false,"template":"","format":"standard","meta":{"_jetpack_newsletter_access":"","_jetpack_dont_email_post_to_subs":false,"_jetpack_newsletter_tier_id":0,"_jetpack_memberships_contains_paywalled_content":false,"_jetpack_memberships_contains_paid_content":false,"footnotes":""},"categories":[1],"tags":[],"class_list":["post-16728","post","type-post","status-publish","format-standard","hentry","category-sociedad"],"jetpack_featured_media_url":"","jetpack_shortlink":"https:\/\/wp.me\/p2JWE0-4lO","jetpack-related-posts":[{"id":24461,"url":"https:\/\/www.24baires.com\/?p=24461","url_meta":{"origin":16728,"position":0},"title":"Aseguran que la adhesi\u00f3n al paro docente en la Provincia es \u00abalt\u00edsima\u00bb","author":"Grupo Sierra","date":"27\/05\/2013","format":false,"excerpt":"La titular de la Federaci\u00f3n de Educadores Bonaerenses (FEB), Mirta Petrocini, asegur\u00f3 hoy que \"tiene una alt\u00edsima adhesi\u00f3n\" la primera jornada del paro de 48 horas dispuesto por los docentes agrupados en el Frente Gremial. De acuerdo con el relevamiento realizado por la FEB, la medida de fuerza tiene \"un\u2026","rel":"","context":"En \u00abProvincia\u00bb","block_context":{"text":"Provincia","link":"https:\/\/www.24baires.com\/?cat=40"},"img":{"alt_text":"aula vac\u00eda","src":"https:\/\/i0.wp.com\/www.24baires.com\/wp-content\/uploads\/2013\/02\/aula-vac%C3%ADa.jpg?resize=350%2C200","width":350,"height":200,"srcset":"https:\/\/i0.wp.com\/www.24baires.com\/wp-content\/uploads\/2013\/02\/aula-vac%C3%ADa.jpg?resize=350%2C200 1x, https:\/\/i0.wp.com\/www.24baires.com\/wp-content\/uploads\/2013\/02\/aula-vac%C3%ADa.jpg?resize=525%2C300 1.5x"},"classes":[]},{"id":111948,"url":"https:\/\/www.24baires.com\/?p=111948","url_meta":{"origin":16728,"position":1},"title":"Gremios docentes aseguran que la adhesi\u00f3n al paro es muy alta","author":"GB","date":"05\/09\/2019","format":false,"excerpt":"En el arranque del paro nacional docente convocado tras las agresiones que sufri\u00f3 un grupo de maestros que realizaba un corte de ruta en Chubut al ser desalojados por petroleros, los gremios aseguraron que la adhesi\u00f3n en la provincia de Buenos Aires es muy alto. Tres de los gremios docentes\u2026","rel":"","context":"En \u00abPol\u00edtica\u00bb","block_context":{"text":"Pol\u00edtica","link":"https:\/\/www.24baires.com\/?cat=51"},"img":{"alt_text":"","src":"https:\/\/i0.wp.com\/www.24baires.com\/wp-content\/uploads\/2014\/03\/aulas-vac%C3%ADas.jpg?resize=350%2C200","width":350,"height":200},"classes":[]},{"id":62530,"url":"https:\/\/www.24baires.com\/?p=62530","url_meta":{"origin":16728,"position":2},"title":"Desde FEB dicen que \u00ab420 escuelas no abrieron\u00bb","author":"Grupo Sierra","date":"02\/03\/2015","format":false,"excerpt":"La presidenta de la Federaci\u00f3n de Educadores Bonaerense (FEB), Mirta Petrocini, desminti\u00f3 hoy el relevamiento realizado por el Gobierno provincial al afirmar que fueron 420, y no 160, las escuelas que permanecieron cerradas en la primera jornada de paro, al tiempo que asegur\u00f3 que existe una adhesi\u00f3n que \"est\u00e1 por\u2026","rel":"","context":"En \u00abProvincia\u00bb","block_context":{"text":"Provincia","link":"https:\/\/www.24baires.com\/?cat=40"},"img":{"alt_text":"feb","src":"https:\/\/i0.wp.com\/www.24baires.com\/wp-content\/uploads\/2013\/11\/feb.jpg?resize=350%2C200","width":350,"height":200,"srcset":"https:\/\/i0.wp.com\/www.24baires.com\/wp-content\/uploads\/2013\/11\/feb.jpg?resize=350%2C200 1x, https:\/\/i0.wp.com\/www.24baires.com\/wp-content\/uploads\/2013\/11\/feb.jpg?resize=525%2C300 1.5x"},"classes":[]},{"id":16717,"url":"https:\/\/www.24baires.com\/?p=16717","url_meta":{"origin":16728,"position":3},"title":"Alto acatamiento al paro de docentes en el que ser\u00eda el primer d\u00eda de clases","author":"AF","date":"25\/02\/2013","format":false,"excerpt":"Los cinco sindicatos nucleados en el Frente Gremial Docente Bonaerense realizan hoy un paro de 48 horas, por lo que se espera que en el inicio de clases del ciclo lectivo 2013 las aulas de las escuelas de la Regi\u00f3n luzcan vac\u00edas y la adhesi\u00f3n es muy alta, informaron fuentes\u2026","rel":"","context":"En \u00abSociedad\u00bb","block_context":{"text":"Sociedad","link":"https:\/\/www.24baires.com\/?cat=1"},"img":{"alt_text":"aula vac\u00eda","src":"https:\/\/i0.wp.com\/www.24baires.com\/wp-content\/uploads\/2013\/02\/aula-vac%C3%ADa.jpg?resize=350%2C200","width":350,"height":200,"srcset":"https:\/\/i0.wp.com\/www.24baires.com\/wp-content\/uploads\/2013\/02\/aula-vac%C3%ADa.jpg?resize=350%2C200 1x, https:\/\/i0.wp.com\/www.24baires.com\/wp-content\/uploads\/2013\/02\/aula-vac%C3%ADa.jpg?resize=525%2C300 1.5x"},"classes":[]},{"id":18839,"url":"https:\/\/www.24baires.com\/?p=18839","url_meta":{"origin":16728,"position":4},"title":"Aseguran que la adhesi\u00f3n al paro docente es \u00abcasi total\u00bb","author":"AF","date":"19\/03\/2013","format":false,"excerpt":"Seg\u00fan la FEB, la segunda jornada del paro de 48 horas definido por el Frente Gremial, registra hoy una adhesi\u00f3n de entre el 97% y el 100% en los establecimientos educativos de la provincia de Buenos Aires. De acuerdo con un relevamiento realizado por la Federaci\u00f3n de Educadores Bonaerenses (FEB),\u2026","rel":"","context":"En \u00abSociedad\u00bb","block_context":{"text":"Sociedad","link":"https:\/\/www.24baires.com\/?cat=1"},"img":{"alt_text":"","src":"","width":0,"height":0},"classes":[]},{"id":102976,"url":"https:\/\/www.24baires.com\/?p=102976","url_meta":{"origin":16728,"position":5},"title":"Docentes bonaerenses manifestaron su malestar tras 65 d\u00edas sin discusi\u00f3n salarial","author":"AF","date":"25\/06\/2018","format":false,"excerpt":"En medio de la adhesi\u00f3n al paro general, los docentes bonaerenses volvieron a manifestar el malestar por la falta de convocatoria del Gobierno, a 65 d\u00edas de la \u00faltima reuni\u00f3n. \"Hace 65 d\u00edas que no tenemos ning\u00fan tipo de convocatoria. Hemos hecho visible esta falta de respuestas, sobre todo esta\u2026","rel":"","context":"En \u00abSociedad\u00bb","block_context":{"text":"Sociedad","link":"https:\/\/www.24baires.com\/?cat=1"},"img":{"alt_text":"","src":"https:\/\/i0.wp.com\/www.24baires.com\/wp-content\/uploads\/2014\/03\/petrocini.jpg?resize=350%2C200","width":350,"height":200,"srcset":"https:\/\/i0.wp.com\/www.24baires.com\/wp-content\/uploads\/2014\/03\/petrocini.jpg?resize=350%2C200 1x, https:\/\/i0.wp.com\/www.24baires.com\/wp-content\/uploads\/2014\/03\/petrocini.jpg?resize=525%2C300 1.5x"},"classes":[]}],"jetpack_sharing_enabled":true,"jetpack_likes_enabled":true,"_links":{"self":[{"href":"https:\/\/www.24baires.com\/index.php?rest_route=\/wp\/v2\/posts\/16728","targetHints":{"allow":["GET"]}}],"collection":[{"href":"https:\/\/www.24baires.com\/index.php?rest_route=\/wp\/v2\/posts"}],"about":[{"href":"https:\/\/www.24baires.com\/index.php?rest_route=\/wp\/v2\/types\/post"}],"author":[{"embeddable":true,"href":"https:\/\/www.24baires.com\/index.php?rest_route=\/wp\/v2\/users\/11"}],"replies":[{"embeddable":true,"href":"https:\/\/www.24baires.com\/index.php?rest_route=%2Fwp%2Fv2%2Fcomments&post=16728"}],"version-history":[{"count":3,"href":"https:\/\/www.24baires.com\/index.php?rest_route=\/wp\/v2\/posts\/16728\/revisions"}],"predecessor-version":[{"id":16800,"href":"https:\/\/www.24baires.com\/index.php?rest_route=\/wp\/v2\/posts\/16728\/revisions\/16800"}],"wp:attachment":[{"href":"https:\/\/www.24baires.com\/index.php?rest_route=%2Fwp%2Fv2%2Fmedia&parent=16728"}],"wp:term":[{"taxonomy":"category","embeddable":true,"href":"https:\/\/www.24baires.com\/index.php?rest_route=%2Fwp%2Fv2%2Fcategories&post=16728"},{"taxonomy":"post_tag","embeddable":true,"href":"https:\/\/www.24baires.com\/index.php?rest_route=%2Fwp%2Fv2%2Ftags&post=16728"}],"curies":[{"name":"wp","href":"https:\/\/api.w.org\/{rel}","templated":true}]}}