{"id":1672,"date":"2012-10-11T11:40:03","date_gmt":"2012-10-11T14:40:03","guid":{"rendered":"http:\/\/www.24baires.com\/?p=1672"},"modified":"2012-10-11T11:59:06","modified_gmt":"2012-10-11T14:59:06","slug":"pami-podria-rescindir-contratos-con-clinicas-de-la-costa","status":"publish","type":"post","link":"https:\/\/www.24baires.com\/?p=1672","title":{"rendered":"PAMI podr\u00eda rescindir contratos con cl\u00ednicas de La Costa"},"content":{"rendered":"<p><img data-recalc-dims=\"1\" loading=\"lazy\" decoding=\"async\" class=\"alignleft size-medium wp-image-1673\" title=\"pami\" src=\"https:\/\/i0.wp.com\/www.24baires.com\/wp-content\/uploads\/2012\/10\/pami.jpg?resize=300%2C198\" alt=\"\" width=\"300\" height=\"198\" srcset=\"https:\/\/i0.wp.com\/www.24baires.com\/wp-content\/uploads\/2012\/10\/pami.jpg?resize=300%2C198&amp;ssl=1 300w, https:\/\/i0.wp.com\/www.24baires.com\/wp-content\/uploads\/2012\/10\/pami.jpg?w=457&amp;ssl=1 457w\" sizes=\"auto, (max-width: 300px) 100vw, 300px\" \/>Afiliados de PAMI pertenecientes al Partido de La Costa reclaman desde hace dos a\u00f1os que las autoridades pol\u00edticas y representantes de la cartera sanitaria tuvieran en cuenta que una enorme franja social de adultos mayores, se encontraban sin internaci\u00f3n en la zona centro de la regi\u00f3n.<!--more--><\/p>\n<p>\u201cPedimos la aceptaci\u00f3n por parte de las autoridades de PAMI, a la cl\u00ednica \u2018Santa Teresita\u2019 como prestadora en zona centro, este petitorio fue acompa\u00f1ado con casi 3000 firmas y chocamos contra la insensibilidad de todos\u201d, expresaron en un comunicado.<\/p>\n<p>En este sentido, advirtieron que \u201cestamos al tanto de que PAMI rescindir\u00eda los contratos a las cl\u00ednicas \u2018Santa B\u00e1rbara\u2019 de San Clemente y \u2018Porres\u2019 de Mar de Aj\u00f3, hoy prestadoras, por irregularidades en los servicios. Sabemos tambi\u00e9n que en un mes las rescisiones podr\u00edan ser definitivas\u201d.<\/p>\n<p>Asimismo, destacaron que los especialistas de las cl\u00ednicas ya no atienden a sus afiliados, que los \u201cviejos\u201d son rechazados y obligados a concurrir al hospital de Santa Teresita, donde escasean las camas, los insumos y los elementos necesarios para cubrir las atenciones.<\/p>\n<p>\u201cEs en este punto que nos preguntamos y les preguntamos a las autoridades: \u00bfqu\u00e9 va a pasar con los viejos? Alguien, alguna vez \u00bfha pensado en los viejos? Si a la cl\u00ednica Santa Teresita le ponen un mill\u00f3n de trabas para convertirse en prestadora y a las otras cl\u00ednicas se les rescinden los contratos, \u00bfcu\u00e1l es la intenci\u00f3n que tienen las autoridades?\u201d, resaltaron en la misiva.<\/p>\n<p>\u201c\u00bfCu\u00e1ndo se llevar\u00e1n adelante verdaderas inspecciones, no s\u00f3lo en las cl\u00ednicas? \u00bfCu\u00e1ndo se profundizar\u00e1n los controles en los hospitales y centros de salud municipales?\u201d, concluyeron.<\/p>\n","protected":false},"excerpt":{"rendered":"<p>Afiliados de PAMI pertenecientes al Partido de La Costa reclaman desde hace dos a\u00f1os que las autoridades pol\u00edticas y representantes de la cartera sanitaria tuvieran en cuenta que una enorme franja social de adultos mayores, se encontraban sin internaci\u00f3n en la zona centro de la regi\u00f3n.<\/p>\n","protected":false},"author":4,"featured_media":0,"comment_status":"open","ping_status":"open","sticky":false,"template":"","format":"standard","meta":{"_jetpack_newsletter_access":"","_jetpack_dont_email_post_to_subs":false,"_jetpack_newsletter_tier_id":0,"_jetpack_memberships_contains_paywalled_content":false,"_jetpack_memberships_contains_paid_content":false,"footnotes":""},"categories":[1],"tags":[],"class_list":["post-1672","post","type-post","status-publish","format-standard","hentry","category-sociedad"],"jetpack_featured_media_url":"","jetpack_shortlink":"https:\/\/wp.me\/p2JWE0-qY","jetpack-related-posts":[{"id":56352,"url":"https:\/\/www.24baires.com\/?p=56352","url_meta":{"origin":1672,"position":0},"title":"PAMI niega tener deudas con cl\u00ednicas y sanatorios privados","author":"AF","date":"31\/10\/2014","format":false,"excerpt":"El PAMI inform\u00f3 hoy que \u201cno existen retrasos en pagos o deudas con prestadores\u201d y que los centros asistenciales \u201cdeber\u00edan funcionar normalmente\u201d y atender a sus afiliados, en respuesta al conflicto que existe con la Asociaci\u00f3n de Cl\u00ednicas y Sanatorios Privados de la Rep\u00fablica Argentina (Adrecra) y la Confederaci\u00f3n Argentina\u2026","rel":"","context":"En \u00abSociedad\u00bb","block_context":{"text":"Sociedad","link":"https:\/\/www.24baires.com\/?cat=1"},"img":{"alt_text":"pami","src":"https:\/\/i0.wp.com\/www.24baires.com\/wp-content\/uploads\/2012\/10\/pami-300x198.jpg?resize=350%2C200","width":350,"height":200},"classes":[]},{"id":56324,"url":"https:\/\/www.24baires.com\/?p=56324","url_meta":{"origin":1672,"position":1},"title":"\u00abHay cl\u00ednicas que no van a seguir atendiendo con PAMI\u00bb","author":"Grupo Sierra","date":"30\/10\/2014","format":false,"excerpt":"El presidente de ADECRA, Jorge Cherro, reclam\u00f3 una reuni\u00f3n urgente con las autoridades de la entidad por la falta de financiamiento de un sector. El titular de la Asociaci\u00f3n de Cl\u00ednicas y Hospitales privados (Adecra), se\u00f1al\u00f3 que \u201cpeligra la atenci\u00f3n de 4.500.000 de afiliados por falta de financiamiento de un\u2026","rel":"","context":"En \u00abSociedad\u00bb","block_context":{"text":"Sociedad","link":"https:\/\/www.24baires.com\/?cat=1"},"img":{"alt_text":"jubilados2","src":"https:\/\/i0.wp.com\/www.24baires.com\/wp-content\/uploads\/2014\/05\/jubilados2.jpg?resize=350%2C200","width":350,"height":200,"srcset":"https:\/\/i0.wp.com\/www.24baires.com\/wp-content\/uploads\/2014\/05\/jubilados2.jpg?resize=350%2C200 1x, https:\/\/i0.wp.com\/www.24baires.com\/wp-content\/uploads\/2014\/05\/jubilados2.jpg?resize=525%2C300 1.5x"},"classes":[]},{"id":4904,"url":"https:\/\/www.24baires.com\/?p=4904","url_meta":{"origin":1672,"position":2},"title":"Partido de La Costa: denuncian que PAMI cort\u00f3 sus servicios por pedido del Intendente","author":"AF","date":"10\/11\/2012","format":false,"excerpt":"Hace una semana trascendi\u00f3 que los afiliados a Pami del Partido de la Costa, no podr\u00edan acceder a los servicios de esa prestaci\u00f3n m\u00e9dica porque estos hab\u00edan sido cortados por decisi\u00f3n de las autoridades. Por estas horas se conocieron los motivos. El intendente le habr\u00eda solicitado a la prestataria que\u2026","rel":"","context":"En \u00abLocales\u00bb","block_context":{"text":"Locales","link":"https:\/\/www.24baires.com\/?cat=38"},"img":{"alt_text":"","src":"https:\/\/i0.wp.com\/www.24baires.com\/wp-content\/uploads\/2012\/11\/de-jes%C3%BAs-pami-300x198.jpg?resize=350%2C200","width":350,"height":200},"classes":[]},{"id":94159,"url":"https:\/\/www.24baires.com\/?p=94159","url_meta":{"origin":1672,"position":3},"title":"Cl\u00ednicas anuncian que dejar\u00e1n de atender PAMI en todo el pa\u00eds desde mayo","author":"GB","date":"27\/04\/2017","format":false,"excerpt":"ALARMALos empresarios rechazan firmar el nuevo convenio que impuso el Gobierno unilateralmente. Denuncian un recorte del 50% en sus ingresos. Hoy cl\u00ednicas del conurbano oeste y norte decidieron no atender afiliados de PAMI ante el unilateral cambio de convenio que, denuncian, recorta en m\u00e1s del 50% sus ingresos. La semana\u2026","rel":"","context":"En \u00abSociedad\u00bb","block_context":{"text":"Sociedad","link":"https:\/\/www.24baires.com\/?cat=1"},"img":{"alt_text":"","src":"https:\/\/i0.wp.com\/www.24baires.com\/wp-content\/uploads\/2012\/11\/de-jes%C3%BAs-pami-300x198.jpg?resize=350%2C200","width":350,"height":200},"classes":[]},{"id":4243,"url":"https:\/\/www.24baires.com\/?p=4243","url_meta":{"origin":1672,"position":4},"title":"Partido de La Costa: afiliados al PAMI se quedaron sin servicio","author":"AF","date":"03\/11\/2012","format":false,"excerpt":"M\u00e1s de 10 mil adultos de la tercera edad quedaron totalmente desamparados en el Partido de La Costa, tras la decisi\u00f3n de autoridades de Pami de cortar la prestaci\u00f3n de servicios sociales y sanitarios. Si bien hay un compromiso de las autoridades municipales de suplir esa falta insertando a los\u2026","rel":"","context":"En \u00abLocales\u00bb","block_context":{"text":"Locales","link":"https:\/\/www.24baires.com\/?cat=38"},"img":{"alt_text":"","src":"","width":0,"height":0},"classes":[]},{"id":119907,"url":"https:\/\/www.24baires.com\/?p=119907","url_meta":{"origin":1672,"position":5},"title":"Lanzan un nuevo plan para agilizar la atenci\u00f3n m\u00e9dica de los afiliados del PAMI","author":"AF","date":"15\/03\/2023","format":false,"excerpt":"Luana Volnovich, titular del Programa de Atenci\u00f3n M\u00e9dica Integral (PAMI) para jubilados y pensionados, present\u00f3 el \"Nuevo Plan de M\u00e9dicos de Cabeceras\" que, asegur\u00f3, \"garantiza menos tr\u00e1mites y atenci\u00f3n m\u00e1s r\u00e1pida\". PAMI lanz\u00f3 lo que denomin\u00f3 \"Nuevo Plan de M\u00e9dicos de Cabeceras\", con el prop\u00f3sito de tornar \"m\u00e1s r\u00e1pida y\u2026","rel":"","context":"En \u00abSociedad\u00bb","block_context":{"text":"Sociedad","link":"https:\/\/www.24baires.com\/?cat=1"},"img":{"alt_text":"","src":"https:\/\/i0.wp.com\/www.24baires.com\/wp-content\/uploads\/2023\/03\/pami.jpg?resize=350%2C200","width":350,"height":200,"srcset":"https:\/\/i0.wp.com\/www.24baires.com\/wp-content\/uploads\/2023\/03\/pami.jpg?resize=350%2C200 1x, https:\/\/i0.wp.com\/www.24baires.com\/wp-content\/uploads\/2023\/03\/pami.jpg?resize=525%2C300 1.5x, https:\/\/i0.wp.com\/www.24baires.com\/wp-content\/uploads\/2023\/03\/pami.jpg?resize=700%2C400 2x"},"classes":[]}],"jetpack_sharing_enabled":true,"jetpack_likes_enabled":true,"_links":{"self":[{"href":"https:\/\/www.24baires.com\/index.php?rest_route=\/wp\/v2\/posts\/1672","targetHints":{"allow":["GET"]}}],"collection":[{"href":"https:\/\/www.24baires.com\/index.php?rest_route=\/wp\/v2\/posts"}],"about":[{"href":"https:\/\/www.24baires.com\/index.php?rest_route=\/wp\/v2\/types\/post"}],"author":[{"embeddable":true,"href":"https:\/\/www.24baires.com\/index.php?rest_route=\/wp\/v2\/users\/4"}],"replies":[{"embeddable":true,"href":"https:\/\/www.24baires.com\/index.php?rest_route=%2Fwp%2Fv2%2Fcomments&post=1672"}],"version-history":[{"count":0,"href":"https:\/\/www.24baires.com\/index.php?rest_route=\/wp\/v2\/posts\/1672\/revisions"}],"wp:attachment":[{"href":"https:\/\/www.24baires.com\/index.php?rest_route=%2Fwp%2Fv2%2Fmedia&parent=1672"}],"wp:term":[{"taxonomy":"category","embeddable":true,"href":"https:\/\/www.24baires.com\/index.php?rest_route=%2Fwp%2Fv2%2Fcategories&post=1672"},{"taxonomy":"post_tag","embeddable":true,"href":"https:\/\/www.24baires.com\/index.php?rest_route=%2Fwp%2Fv2%2Ftags&post=1672"}],"curies":[{"name":"wp","href":"https:\/\/api.w.org\/{rel}","templated":true}]}}