{"id":16719,"date":"2013-02-25T17:30:08","date_gmt":"2013-02-25T20:30:08","guid":{"rendered":"http:\/\/www.24baires.com\/?p=16719"},"modified":"2013-02-25T13:42:20","modified_gmt":"2013-02-25T16:42:20","slug":"entidades-de-carbap-se-reuniran-en-miramar-esta-semana","status":"publish","type":"post","link":"https:\/\/www.24baires.com\/?p=16719","title":{"rendered":"Entidades de Carbap se reunir\u00e1n en Miramar esta semana"},"content":{"rendered":"<p>La Confederaci\u00f3n de Asociaciones Rurales de Buenos Aires y la Pampa (Carbap) realizar\u00e1 el mi\u00e9rcoles 27 y jueves 28 su reuni\u00f3n mensual de Consejo Directivo en la ciudad bonaerense de Miramar, partido de General Alvarado. <!--more--><\/p>\n<p>El d\u00eda jueves deliberar\u00e1n las 114 sociedades rurales de Buenos Aires y la Pampa nucleadas en la entidad agropecuaria sobre presi\u00f3n impositiva nacional y provincial y situaci\u00f3n de carne, trigo, leche y otras producciones.<\/p>\n<p>El d\u00eda mi\u00e9rcoles, en las instalaciones del Hotel Van Dyke Resort de Miramar se llevar\u00e1n adelante las reuniones de Comisi\u00f3n a partir de las 10, efectu\u00e1ndose en esta oportunidad una Charla Abierta a los productores de la zona, inform\u00f3 Carbap en un comunicado.<\/p>\n<p>A las 20, el ex presidente del Banco Central de la Rep\u00fablica Argentina, Aldo Pignanelli, disertar\u00e1 sobre la situaci\u00f3n econ\u00f3mica del pa\u00eds.<\/p>\n<p>&nbsp;<\/p>\n<p>&nbsp;<\/p>\n<p>&nbsp;<\/p>\n<p>&nbsp;<\/p>\n<p>&nbsp;<\/p>\n<p>&nbsp;<\/p>\n<p>&nbsp;<\/p>\n<p>&nbsp;<\/p>\n<p>&nbsp;<\/p>\n<p>&nbsp;<\/p>\n<p>&nbsp;<\/p>\n<p>&nbsp;<\/p>\n<p>&nbsp;<\/p>\n<p>&nbsp;<\/p>\n<p>&nbsp;<\/p>\n<p>&nbsp;<\/p>\n<p>&nbsp;<\/p>\n","protected":false},"excerpt":{"rendered":"<p>La Confederaci\u00f3n de Asociaciones Rurales de Buenos Aires y la Pampa (Carbap) realizar\u00e1 el mi\u00e9rcoles 27 y jueves 28 su reuni\u00f3n mensual de Consejo Directivo en la ciudad bonaerense de Miramar, partido de General Alvarado.<\/p>\n","protected":false},"author":4,"featured_media":0,"comment_status":"open","ping_status":"open","sticky":false,"template":"","format":"standard","meta":{"_jetpack_newsletter_access":"","_jetpack_dont_email_post_to_subs":false,"_jetpack_newsletter_tier_id":0,"_jetpack_memberships_contains_paywalled_content":false,"_jetpack_memberships_contains_paid_content":false,"footnotes":""},"categories":[1],"tags":[],"class_list":["post-16719","post","type-post","status-publish","format-standard","hentry","category-sociedad"],"jetpack_featured_media_url":"","jetpack_shortlink":"https:\/\/wp.me\/p2JWE0-4lF","jetpack-related-posts":[{"id":16964,"url":"https:\/\/www.24baires.com\/?p=16964","url_meta":{"origin":16719,"position":0},"title":"El Campo bonaerense se re\u00fane en Miramar para debatir la \u00abpresi\u00f3n impositiva\u00bb","author":"AF","date":"28\/02\/2013","format":false,"excerpt":"La Confederaci\u00f3n de Asociaciones Rurales de Buenos Aires y la Pampa (Carbap) finalizar\u00e1 este jueves su reuni\u00f3n mensual de Consejo Directivo en Miramar, partido de General Alvarado, para analizar la \u201cpresi\u00f3n impositiva\u201d. Si bien ayer hubo reuniones de comisi\u00f3n, hoy ser\u00e1 el d\u00eda en el que deliberar\u00e1n las 114 sociedades\u2026","rel":"","context":"En \u00abSociedad\u00bb","block_context":{"text":"Sociedad","link":"https:\/\/www.24baires.com\/?cat=1"},"img":{"alt_text":"campo piquete","src":"https:\/\/i0.wp.com\/www.24baires.com\/wp-content\/uploads\/2013\/02\/campo-piquete.png?resize=350%2C200","width":350,"height":200},"classes":[]},{"id":5731,"url":"https:\/\/www.24baires.com\/?p=5731","url_meta":{"origin":16719,"position":1},"title":"Piden que se efectivicen los beneficios de la emergencia agropecuaria por las inundaciones","author":"Grupo Sierra","date":"16\/11\/2012","format":false,"excerpt":"Tras la designaci\u00f3n de otros 16 distritos bonaerenses en situaci\u00f3n de emergencia o desastre agropecuario, la Confederaci\u00f3n de Asociaciones Rurales de Buenos Aires y La Pampa (Carbap) solicit\u00f3 que se efectivicen los beneficios para los productores afectados. En di\u00e1logo con InfoGEI, Ignacio Azcueta, delegado de Carbap ante la Comisi\u00f3n de\u2026","rel":"","context":"En \u00abProvincia\u00bb","block_context":{"text":"Provincia","link":"https:\/\/www.24baires.com\/?cat=40"},"img":{"alt_text":"","src":"","width":0,"height":0},"classes":[]},{"id":525,"url":"https:\/\/www.24baires.com\/?p=525","url_meta":{"origin":16719,"position":2},"title":"Aseguran que hay m\u00e1s de 450 mil hect\u00e1reas afectadas por las inundaciones","author":"Grupo Sierra","date":"26\/09\/2012","format":false,"excerpt":"El presidente de la Confederaci\u00f3n de Asociaciones Rurales de Buenos Aires y La Pampa, Horacio Salaverri, se\u00f1al\u00f3 que \"hay m\u00e1s de 450 mil hect\u00e1reas afectadas de la cosecha fina\", por las inundaciones en territorio bonaerense. Tambi\u00e9n indic\u00f3 que \"hay m\u00e1s de 300 mil animales que han muerto, y calculamos en\u2026","rel":"","context":"En \u00abEconom\u00eda\u00bb","block_context":{"text":"Econom\u00eda","link":"https:\/\/www.24baires.com\/?cat=45"},"img":{"alt_text":"","src":"","width":0,"height":0},"classes":[]},{"id":101059,"url":"https:\/\/www.24baires.com\/?p=101059","url_meta":{"origin":16719,"position":3},"title":"El Gobierno convocar\u00e1 a la Comisi\u00f3n de Emergencias por la sequ\u00eda","author":"AF","date":"14\/03\/2018","format":false,"excerpt":"El Gobierno provincial confirm\u00f3 que convocar\u00e1 a una reuni\u00f3n de la Comisi\u00f3n de Emergencia y Desastre Agropecuario (Cedaba), la primera del a\u00f1o, para la \u00faltima semana de marzo, luego de que las entidades rurales reclamaran el encuentro en el marco de la extrema sequ\u00eda que atraviesa gran parte del territorio\u2026","rel":"","context":"En \u00abProvincia\u00bb","block_context":{"text":"Provincia","link":"https:\/\/www.24baires.com\/?cat=40"},"img":{"alt_text":"","src":"https:\/\/i0.wp.com\/www.24baires.com\/wp-content\/uploads\/2014\/01\/sequia.jpeg?resize=350%2C200","width":350,"height":200,"srcset":"https:\/\/i0.wp.com\/www.24baires.com\/wp-content\/uploads\/2014\/01\/sequia.jpeg?resize=350%2C200 1x, https:\/\/i0.wp.com\/www.24baires.com\/wp-content\/uploads\/2014\/01\/sequia.jpeg?resize=525%2C300 1.5x"},"classes":[]},{"id":97024,"url":"https:\/\/www.24baires.com\/?p=97024","url_meta":{"origin":16719,"position":4},"title":"Inundaciones afectan a un tercio de la producci\u00f3n agropecuaria del pa\u00eds","author":"GB","date":"29\/08\/2017","format":false,"excerpt":"Buenos Aires, La Pampa, el sur de C\u00f3rdoba y de Santa Fe son las zona m\u00e1s afectadas. Advierten por los problemas en los caminos rurales Las inundaciones que sufre buena parte de la pampa h\u00fameda afectan casi un tercio de la producci\u00f3n agropecuaria: concretamente, el 25% de la agricultura y\u2026","rel":"","context":"En \u00abEconom\u00eda\u00bb","block_context":{"text":"Econom\u00eda","link":"https:\/\/www.24baires.com\/?cat=45"},"img":{"alt_text":"","src":"https:\/\/i0.wp.com\/www.24baires.com\/wp-content\/uploads\/2017\/01\/inundaciones.jpg?resize=350%2C200","width":350,"height":200,"srcset":"https:\/\/i0.wp.com\/www.24baires.com\/wp-content\/uploads\/2017\/01\/inundaciones.jpg?resize=350%2C200 1x, https:\/\/i0.wp.com\/www.24baires.com\/wp-content\/uploads\/2017\/01\/inundaciones.jpg?resize=525%2C300 1.5x"},"classes":[]},{"id":111678,"url":"https:\/\/www.24baires.com\/?p=111678","url_meta":{"origin":16719,"position":5},"title":"Desde CARBAP advierten que \u201csi se lo quieren llevar puesto, el campo va a reaccionar\u201d","author":"GB","date":"17\/08\/2019","format":false,"excerpt":"La entidad ruralista organizar\u00e1 un encuentro para conocer de primera mano las propuestas de los cinco candidatos a gobernador por Buenos Aires. Entre los temas que m\u00e1s preocupan figuran la presi\u00f3n impositiva y los caminos rurales y anticipan que no quieren cambios bruscos en materia de pol\u00edticas para el sector.\u2026","rel":"","context":"En \u00abProvincia\u00bb","block_context":{"text":"Provincia","link":"https:\/\/www.24baires.com\/?cat=40"},"img":{"alt_text":"","src":"https:\/\/i0.wp.com\/www.24baires.com\/wp-content\/uploads\/2019\/08\/campo.jpg?resize=350%2C200","width":350,"height":200,"srcset":"https:\/\/i0.wp.com\/www.24baires.com\/wp-content\/uploads\/2019\/08\/campo.jpg?resize=350%2C200 1x, https:\/\/i0.wp.com\/www.24baires.com\/wp-content\/uploads\/2019\/08\/campo.jpg?resize=525%2C300 1.5x"},"classes":[]}],"jetpack_sharing_enabled":true,"jetpack_likes_enabled":true,"_links":{"self":[{"href":"https:\/\/www.24baires.com\/index.php?rest_route=\/wp\/v2\/posts\/16719","targetHints":{"allow":["GET"]}}],"collection":[{"href":"https:\/\/www.24baires.com\/index.php?rest_route=\/wp\/v2\/posts"}],"about":[{"href":"https:\/\/www.24baires.com\/index.php?rest_route=\/wp\/v2\/types\/post"}],"author":[{"embeddable":true,"href":"https:\/\/www.24baires.com\/index.php?rest_route=\/wp\/v2\/users\/4"}],"replies":[{"embeddable":true,"href":"https:\/\/www.24baires.com\/index.php?rest_route=%2Fwp%2Fv2%2Fcomments&post=16719"}],"version-history":[{"count":1,"href":"https:\/\/www.24baires.com\/index.php?rest_route=\/wp\/v2\/posts\/16719\/revisions"}],"predecessor-version":[{"id":16720,"href":"https:\/\/www.24baires.com\/index.php?rest_route=\/wp\/v2\/posts\/16719\/revisions\/16720"}],"wp:attachment":[{"href":"https:\/\/www.24baires.com\/index.php?rest_route=%2Fwp%2Fv2%2Fmedia&parent=16719"}],"wp:term":[{"taxonomy":"category","embeddable":true,"href":"https:\/\/www.24baires.com\/index.php?rest_route=%2Fwp%2Fv2%2Fcategories&post=16719"},{"taxonomy":"post_tag","embeddable":true,"href":"https:\/\/www.24baires.com\/index.php?rest_route=%2Fwp%2Fv2%2Ftags&post=16719"}],"curies":[{"name":"wp","href":"https:\/\/api.w.org\/{rel}","templated":true}]}}