{"id":16717,"date":"2013-02-25T16:30:56","date_gmt":"2013-02-25T19:30:56","guid":{"rendered":"http:\/\/www.24baires.com\/?p=16717"},"modified":"2013-02-25T13:35:19","modified_gmt":"2013-02-25T16:35:19","slug":"alto-acatamiento-al-paro-de-docentes-en-el-que-seria-el-primer-dia-de-clases","status":"publish","type":"post","link":"https:\/\/www.24baires.com\/?p=16717","title":{"rendered":"Alto acatamiento al paro de docentes en el que ser\u00eda el primer d\u00eda de clases"},"content":{"rendered":"<p><img data-recalc-dims=\"1\" loading=\"lazy\" decoding=\"async\" class=\"aligncenter size-full wp-image-16429\" alt=\"aula vac\u00eda\" src=\"https:\/\/i0.wp.com\/www.24baires.com\/wp-content\/uploads\/2013\/02\/aula-vac%C3%ADa.jpg?resize=560%2C449\" width=\"560\" height=\"449\" srcset=\"https:\/\/i0.wp.com\/www.24baires.com\/wp-content\/uploads\/2013\/02\/aula-vac%C3%ADa.jpg?w=560&amp;ssl=1 560w, https:\/\/i0.wp.com\/www.24baires.com\/wp-content\/uploads\/2013\/02\/aula-vac%C3%ADa.jpg?resize=300%2C240&amp;ssl=1 300w\" sizes=\"auto, (max-width: 560px) 100vw, 560px\" \/>Los cinco sindicatos nucleados en el Frente Gremial Docente Bonaerense realizan hoy un paro de 48 horas, por lo que se espera que en el inicio de clases del ciclo lectivo 2013 las aulas de las escuelas de la Regi\u00f3n luzcan vac\u00edas y la adhesi\u00f3n es muy alta, informaron fuentes gremiales.<!--more--><\/p>\n<p>En rigor, el Suteba y la Feb definieron 96 horas de paro. Las primeras 48 se cumplir\u00e1n, como qued\u00f3 dicho, hoy y ma\u00f1ana; mientras que sobre las otras 48 los sindicatos decidir\u00e1n el viernes que viene, \u201cen caso de que el Gobierno siga sin efectuar una oferta salarial\u201d, indicaron los referentes gremiales.<\/p>\n<p>Pero las medidas de fuerza no quedan solamente en las huelgas, pues el mi\u00e9rcoles habr\u00e1 marchas en todos los distritos bonaerenses y el jueves una \u201cmasiva\u201d movilizaci\u00f3n a la Casa de la Provincia, en capital federal.<\/p>\n<p>\u201cLa falta de una oferta de aumento salarial por parte del Ejecutivo provincial y, adem\u00e1s, de una instancia de negociaci\u00f3n\u201d, fue del detonante, seg\u00fan los sindicatos, de las medidas de fuerza.<\/p>\n<p>Podr\u00edan haber m\u00e1s paros \u201cen caso de no existir una oferta salarial del Gobierno\u201d<\/p>\n<p>\u201c No hubo convocatoria a paritaria. No hubo propuesta. No hubo negociaci\u00f3n. Lamentablemente, el paro lo decidi\u00f3 el Gobierno\u201d, afirmaron altos dirigentes docentes.<\/p>\n<p>En ese contexto, recordaron que \u201cpara lo \u00fanico que nos llamaron (el jueves de la semana pasada) fue para pedir una tregua hasta el 15 de marzo para entregar una propuesta de mejora salarial. Esa actitud, a un d\u00eda h\u00e1bil del inicio de las clases, no es seria, es in\u00e9dita, inconcebible e irresponsable\u201d, a\u00f1adieron.<\/p>\n<p>&nbsp;<\/p>\n<p>&nbsp;<\/p>\n<p>&nbsp;<\/p>\n<p>&nbsp;<\/p>\n<p>&nbsp;<\/p>\n<p>&nbsp;<\/p>\n<p>&nbsp;<\/p>\n<p>&nbsp;<\/p>\n<p>&nbsp;<\/p>\n<p>&nbsp;<\/p>\n<p>&nbsp;<\/p>\n<p>&nbsp;<\/p>\n<p>&nbsp;<\/p>\n<p>&nbsp;<\/p>\n<p>&nbsp;<\/p>\n<p>&nbsp;<\/p>\n<p>&nbsp;<\/p>\n","protected":false},"excerpt":{"rendered":"<p>Los cinco sindicatos nucleados en el Frente Gremial Docente Bonaerense realizan hoy un paro de 48 horas, por lo que se espera que en el inicio de clases del ciclo lectivo 2013 las aulas de las escuelas de la Regi\u00f3n luzcan vac\u00edas y la adhesi\u00f3n es muy alta, informaron fuentes gremiales.<\/p>\n","protected":false},"author":4,"featured_media":0,"comment_status":"open","ping_status":"open","sticky":false,"template":"","format":"standard","meta":{"_jetpack_newsletter_access":"","_jetpack_dont_email_post_to_subs":false,"_jetpack_newsletter_tier_id":0,"_jetpack_memberships_contains_paywalled_content":false,"_jetpack_memberships_contains_paid_content":false,"footnotes":""},"categories":[1],"tags":[],"class_list":["post-16717","post","type-post","status-publish","format-standard","hentry","category-sociedad"],"jetpack_featured_media_url":"","jetpack_shortlink":"https:\/\/wp.me\/p2JWE0-4lD","jetpack-related-posts":[{"id":18159,"url":"https:\/\/www.24baires.com\/?p=18159","url_meta":{"origin":16717,"position":0},"title":"Docentes, estatales y m\u00e9dicos bonaerenses paran reclamando mejoras salariales","author":"AF","date":"12\/03\/2013","format":false,"excerpt":"El Gobierno ofreci\u00f3 una suba del 18,6 % y el Frente Gremial Docente decret\u00f3 un paro de 48 horas en escuelas. Gremios estatales y m\u00e9dicos de Cicop ir\u00e1n a la huelga entre ma\u00f1ana y pasado. Provincia consider\u00f3 \"muy probable\" la conciliaci\u00f3n obligatoria. Los gremios docentes y estatales bonaerenses, que rechazaron\u2026","rel":"","context":"En \u00abSociedad\u00bb","block_context":{"text":"Sociedad","link":"https:\/\/www.24baires.com\/?cat=1"},"img":{"alt_text":"","src":"","width":0,"height":0},"classes":[]},{"id":16680,"url":"https:\/\/www.24baires.com\/?p=16680","url_meta":{"origin":16717,"position":1},"title":"Docentes, m\u00e9dicos y estatales paran hoy en la Provincia","author":"AF","date":"25\/02\/2013","format":false,"excerpt":"En el marco de sus reclamos por aumentos salariales, los docentes, los estatales de ATE y los m\u00e9dicos de Cicop realizan una medida de fuerza que mantiene sin actividad a las escuelas, organismos p\u00fablicos y hospitales. El Frente Gremial Docente bonaerense que comandan FEB y Suteba realiza un paro de\u2026","rel":"","context":"En \u00abSociedad\u00bb","block_context":{"text":"Sociedad","link":"https:\/\/www.24baires.com\/?cat=1"},"img":{"alt_text":"","src":"","width":0,"height":0},"classes":[]},{"id":4404,"url":"https:\/\/www.24baires.com\/?p=4404","url_meta":{"origin":16717,"position":2},"title":"Esta semana Scioli retoma las negociaciones con el gremio docente","author":"Grupo Sierra","date":"04\/11\/2012","format":false,"excerpt":"El Ejecutivo provincial y los gremios docentes retoman las negociaciones el pr\u00f3ximo martes. La Federaci\u00f3n de Educadores Bonaerenses defini\u00f3 un nuevo paro y lo at\u00f3 al resultado de la reuni\u00f3n. Amenaza con votar el no inicio de clases para el a\u00f1o pr\u00f3ximo. En medio de amenazas de nuevos paros en\u2026","rel":"","context":"En \u00abProvincia\u00bb","block_context":{"text":"Provincia","link":"https:\/\/www.24baires.com\/?cat=40"},"img":{"alt_text":"","src":"https:\/\/i0.wp.com\/www.24baires.com\/wp-content\/uploads\/2012\/11\/Scioli-clima-politico-300x214.jpg?resize=350%2C200","width":350,"height":200},"classes":[]},{"id":51339,"url":"https:\/\/www.24baires.com\/?p=51339","url_meta":{"origin":16717,"position":3},"title":"Conflicto docente: Udocba contin\u00faa con el paro hasta el viernes","author":"GB","date":"07\/08\/2014","format":false,"excerpt":"Pese a la tregua anunciada por el Frente Gremial Docente que lideran FEB y Suteba tras la reuni\u00f3n con Provincia, la actividad escolar bonaerense se ver\u00e1 resentida en lo que queda de la semana por un paro de Udocba. Los maestros nucleados en Udocba decidieron extender otras 48 horas el\u2026","rel":"","context":"En \u00abProvincia\u00bb","block_context":{"text":"Provincia","link":"https:\/\/www.24baires.com\/?cat=40"},"img":{"alt_text":"udocba","src":"https:\/\/i0.wp.com\/www.24baires.com\/wp-content\/uploads\/2014\/08\/udocba.jpg?resize=350%2C200","width":350,"height":200,"srcset":"https:\/\/i0.wp.com\/www.24baires.com\/wp-content\/uploads\/2014\/08\/udocba.jpg?resize=350%2C200 1x, https:\/\/i0.wp.com\/www.24baires.com\/wp-content\/uploads\/2014\/08\/udocba.jpg?resize=525%2C300 1.5x"},"classes":[]},{"id":17401,"url":"https:\/\/www.24baires.com\/?p=17401","url_meta":{"origin":16717,"position":4},"title":"Docentes: comenzando su primer d\u00eda de paro advierten sobre m\u00e1s medidas de fuerza","author":"AF","date":"04\/03\/2013","format":false,"excerpt":"El secretario general de Suteba, Roberto Baradel, dijo que podr\u00edan aplicarlas la semana pr\u00f3xima, en caso de que el gobierno bonaerense no mejore la oferta. Hoy comenzaron el paro de 48 horas. \"Si la actitud del gobierno no se modifica, la semana que viene va a estar paralizado todo el\u2026","rel":"","context":"En \u00abSociedad\u00bb","block_context":{"text":"Sociedad","link":"https:\/\/www.24baires.com\/?cat=1"},"img":{"alt_text":"baradel declaraciones","src":"https:\/\/i0.wp.com\/www.24baires.com\/wp-content\/uploads\/2012\/12\/baradel-declaraciones.jpg?resize=350%2C200","width":350,"height":200,"srcset":"https:\/\/i0.wp.com\/www.24baires.com\/wp-content\/uploads\/2012\/12\/baradel-declaraciones.jpg?resize=350%2C200 1x, https:\/\/i0.wp.com\/www.24baires.com\/wp-content\/uploads\/2012\/12\/baradel-declaraciones.jpg?resize=525%2C300 1.5x"},"classes":[]},{"id":104911,"url":"https:\/\/www.24baires.com\/?p=104911","url_meta":{"origin":16717,"position":5},"title":"Gobierno rechaz\u00f3 la contrapuesta y docentes parar\u00e1n por 48 horas","author":"AF","date":"12\/10\/2018","format":false,"excerpt":"Los docentes que integran el Frente de Unidad (FUDB) realizar\u00e1n un nuevo paro por 48 horas la semana pr\u00f3xima, luego de que el Gobierno rechazara hoy p\u00fablicamente la contrapropuesta salarial realizada por los sindicatos ayer en el marco de la paritaria del sector, y advirtiera que oficializar\u00e1 el incremento v\u00eda\u2026","rel":"","context":"En \u00abSociedad\u00bb","block_context":{"text":"Sociedad","link":"https:\/\/www.24baires.com\/?cat=1"},"img":{"alt_text":"","src":"https:\/\/i0.wp.com\/www.24baires.com\/wp-content\/uploads\/2018\/04\/paro-docente.jpg?resize=350%2C200","width":350,"height":200,"srcset":"https:\/\/i0.wp.com\/www.24baires.com\/wp-content\/uploads\/2018\/04\/paro-docente.jpg?resize=350%2C200 1x, https:\/\/i0.wp.com\/www.24baires.com\/wp-content\/uploads\/2018\/04\/paro-docente.jpg?resize=525%2C300 1.5x"},"classes":[]}],"jetpack_sharing_enabled":true,"jetpack_likes_enabled":true,"_links":{"self":[{"href":"https:\/\/www.24baires.com\/index.php?rest_route=\/wp\/v2\/posts\/16717","targetHints":{"allow":["GET"]}}],"collection":[{"href":"https:\/\/www.24baires.com\/index.php?rest_route=\/wp\/v2\/posts"}],"about":[{"href":"https:\/\/www.24baires.com\/index.php?rest_route=\/wp\/v2\/types\/post"}],"author":[{"embeddable":true,"href":"https:\/\/www.24baires.com\/index.php?rest_route=\/wp\/v2\/users\/4"}],"replies":[{"embeddable":true,"href":"https:\/\/www.24baires.com\/index.php?rest_route=%2Fwp%2Fv2%2Fcomments&post=16717"}],"version-history":[{"count":1,"href":"https:\/\/www.24baires.com\/index.php?rest_route=\/wp\/v2\/posts\/16717\/revisions"}],"predecessor-version":[{"id":16718,"href":"https:\/\/www.24baires.com\/index.php?rest_route=\/wp\/v2\/posts\/16717\/revisions\/16718"}],"wp:attachment":[{"href":"https:\/\/www.24baires.com\/index.php?rest_route=%2Fwp%2Fv2%2Fmedia&parent=16717"}],"wp:term":[{"taxonomy":"category","embeddable":true,"href":"https:\/\/www.24baires.com\/index.php?rest_route=%2Fwp%2Fv2%2Fcategories&post=16717"},{"taxonomy":"post_tag","embeddable":true,"href":"https:\/\/www.24baires.com\/index.php?rest_route=%2Fwp%2Fv2%2Ftags&post=16717"}],"curies":[{"name":"wp","href":"https:\/\/api.w.org\/{rel}","templated":true}]}}