{"id":16706,"date":"2013-02-25T13:30:21","date_gmt":"2013-02-25T16:30:21","guid":{"rendered":"http:\/\/www.24baires.com\/?p=16706"},"modified":"2013-02-25T12:59:04","modified_gmt":"2013-02-25T15:59:04","slug":"la-paritaria-no-se-reabre-porque-la-naturaleza-de-la-paritaria-nacional-es-esa-aseguro-sileoni","status":"publish","type":"post","link":"https:\/\/www.24baires.com\/?p=16706","title":{"rendered":"\u00abLa paritaria no se reabre porque la naturaleza de la paritaria nacional es esa\u00bb, asegur\u00f3 Sileoni"},"content":{"rendered":"<p>El ministro de Educaci\u00f3n record\u00f3 adem\u00e1s que la decisi\u00f3n final sobre los sueldos de los maestros compete a las provincias, y se mostr\u00f3 confiado en que pueda destrabarse el conflicto que hoy impide el normal inicio de clases.<!--more--><br \/>\nSileoni, al hablar por radio Vorterix, consider\u00f3 que las disputas salariales con los gremios de la educaci\u00f3n \u00abse van a ir arreglando\u00bb.<\/p>\n<p>\u00abLa paritaria no se reabre porque la naturaleza de la paritaria nacional es esa\u00bb, afirm\u00f3 el titular de la cartera educativa al hacer alusi\u00f3n a que la pauta de aumento del 22 por ciento garantiza un piso salarial, y asegur\u00f3 que en muchos casos los maestros cobrar\u00e1n por encima de esta cifra.<\/p>\n<p>\u00abYo me voy a Formosa a iniciar el ciclo lectivo, pero asumo que muchas provincias no tienen clases\u00bb, aclar\u00f3 Sileoni.<\/p>\n<p>\u00abTenemos que seguir trabajando\u00bb, agreg\u00f3, a la vez que insisti\u00f3 en que no es prerrogativa de su cartera fijar el n\u00famero final de incremento docente.<\/p>\n<p>Sin embargo, recalc\u00f3 que aunque no es responsabilidad primaria de su ministerio, desde esa repartici\u00f3n se invierten 5.200 millones de pesos en salarios de maestros, a trav\u00e9s de distintos fondos de ayuda a las provincias.<\/p>\n<p>\u00abLo que hace la Naci\u00f3n (en relaci\u00f3n a la paritaria) es fijar un m\u00ednimo, una orientaci\u00f3n, pero ninguna de las provincias va a cobrar ese m\u00ednimo&#8230;sino que van a ser propuestas superadoras\u00bb, finaliz\u00f3.<\/p>\n<p>Esta ma\u00f1ana, CTERA y SUTEBA confirmaron el paro por 48 horas, y anunciaron que el pr\u00f3ximo viernes habr\u00e1 una nueva asamblea donde podr\u00edan anunciar nuevas medidas de fuerza en caso de no tener hasta ese momento una mejor oferta salarial.<\/p>\n<p>&nbsp;<\/p>\n<p>&nbsp;<\/p>\n<p>&nbsp;<\/p>\n<p>&nbsp;<\/p>\n<p>&nbsp;<\/p>\n<p>&nbsp;<\/p>\n<p>&nbsp;<\/p>\n<p>&nbsp;<\/p>\n<p>&nbsp;<\/p>\n<p>&nbsp;<\/p>\n<p>&nbsp;<\/p>\n<p>&nbsp;<\/p>\n<p>&nbsp;<\/p>\n<p>&nbsp;<\/p>\n<p>&nbsp;<\/p>\n","protected":false},"excerpt":{"rendered":"<p>El ministro de Educaci\u00f3n record\u00f3 adem\u00e1s que la decisi\u00f3n final sobre los sueldos de los maestros compete a las provincias, y se mostr\u00f3 confiado en que pueda destrabarse el conflicto que hoy impide el normal inicio de clases.<\/p>\n","protected":false},"author":4,"featured_media":0,"comment_status":"open","ping_status":"open","sticky":false,"template":"","format":"standard","meta":{"_jetpack_newsletter_access":"","_jetpack_dont_email_post_to_subs":false,"_jetpack_newsletter_tier_id":0,"_jetpack_memberships_contains_paywalled_content":false,"_jetpack_memberships_contains_paid_content":false,"footnotes":""},"categories":[1],"tags":[],"class_list":["post-16706","post","type-post","status-publish","format-standard","hentry","category-sociedad"],"jetpack_featured_media_url":"","jetpack_shortlink":"https:\/\/wp.me\/p2JWE0-4ls","jetpack-related-posts":[{"id":17717,"url":"https:\/\/www.24baires.com\/?p=17717","url_meta":{"origin":16706,"position":0},"title":"Sileoni asegur\u00f3 que el conflicto con docentes bonaerenses es exclusivo de la Provincia","author":"AF","date":"07\/03\/2013","format":false,"excerpt":"Alberto Sileoni afirm\u00f3 que no existe \"un solo conflicto docente originado por el no acuerdo de la paritaria nacional\" y destac\u00f3 que sin ese piso m\u00ednimo del 22% fijado \"habr\u00eda m\u00e1s provincias con conflictos docentes\". Luego de la marcha realizada ayer mi\u00e9rcoles por sindicatos docentes a la sede de la\u2026","rel":"","context":"En \u00abSociedad\u00bb","block_context":{"text":"Sociedad","link":"https:\/\/www.24baires.com\/?cat=1"},"img":{"alt_text":"sileoni","src":"https:\/\/i0.wp.com\/www.24baires.com\/wp-content\/uploads\/2013\/02\/sileoni-300x171.jpg?resize=350%2C200","width":350,"height":200},"classes":[]},{"id":50171,"url":"https:\/\/www.24baires.com\/?p=50171","url_meta":{"origin":16706,"position":1},"title":"Sileoni duro con los docentes: \u00abYa est\u00e1 bien de perder d\u00edas de clases\u00bb","author":"GB","date":"18\/07\/2014","format":false,"excerpt":"\"Si hay alguna reflexi\u00f3n que hacer, que se discuta, pero no a costa de seguir perdiendo d\u00edas \", sostuvo el titular de Educaci\u00f3n, ante la amenaza de los sindicatos de no reiniciar el ciclo lectivo. El ministro de Educaci\u00f3n de la Naci\u00f3n, Alberto Sileoni, advirti\u00f3 a los gremios docentes que\u2026","rel":"","context":"En \u00abSociedad\u00bb","block_context":{"text":"Sociedad","link":"https:\/\/www.24baires.com\/?cat=1"},"img":{"alt_text":"sileoni","src":"https:\/\/i0.wp.com\/www.24baires.com\/wp-content\/uploads\/2014\/07\/sileoni.jpg?resize=350%2C200","width":350,"height":200,"srcset":"https:\/\/i0.wp.com\/www.24baires.com\/wp-content\/uploads\/2014\/07\/sileoni.jpg?resize=350%2C200 1x, https:\/\/i0.wp.com\/www.24baires.com\/wp-content\/uploads\/2014\/07\/sileoni.jpg?resize=525%2C300 1.5x"},"classes":[]},{"id":15750,"url":"https:\/\/www.24baires.com\/?p=15750","url_meta":{"origin":16706,"position":2},"title":"Sileoni y docentes se re\u00fanen por paritarias","author":"AF","date":"15\/02\/2013","format":false,"excerpt":"El titular de la cartera educativa, Alberto Sileoni, y los sindicatos que integran la mesa paritaria nacional docente, se reunen desde las 18.30 para intentar llegar a un acuerdo por el piso m\u00ednimo salarial del sector. El resultado de la negociaci\u00f3n es aguardado en las provincias para establecer sus propios\u2026","rel":"","context":"En \u00abSociedad\u00bb","block_context":{"text":"Sociedad","link":"https:\/\/www.24baires.com\/?cat=1"},"img":{"alt_text":"sileoni docentes","src":"https:\/\/i0.wp.com\/www.24baires.com\/wp-content\/uploads\/2013\/02\/sileoni-docentes.jpg?resize=350%2C200","width":350,"height":200},"classes":[]},{"id":16571,"url":"https:\/\/www.24baires.com\/?p=16571","url_meta":{"origin":16706,"position":3},"title":"Sileoni conf\u00eda en que se retome el di\u00e1logo con los gremios docentes","author":"Grupo Sierra","date":"23\/02\/2013","format":false,"excerpt":"El ministro de Educaci\u00f3n, Alberto Sileoni, record\u00f3 que el salario docente \"lo fija cada provincia\" y que la paritaria nacional \"es s\u00f3lo orientativa\", por lo que consider\u00f3 necesario \"ratificar este espacio de di\u00e1logo y rediscutir el enfoque\". El funcionario celebr\u00f3 que \"muchas provincias lograron acordar salarios, comenzar las clases, incluso,\u2026","rel":"","context":"En \u00abPol\u00edtica\u00bb","block_context":{"text":"Pol\u00edtica","link":"https:\/\/www.24baires.com\/?cat=51"},"img":{"alt_text":"","src":"","width":0,"height":0},"classes":[]},{"id":121010,"url":"https:\/\/www.24baires.com\/?p=121010","url_meta":{"origin":16706,"position":4},"title":"Sileoni confirm\u00f3 que las clases comenzar\u00e1n el 1\u00b0 de marzo","author":"GB","date":"22\/02\/2024","format":false,"excerpt":"El director general de Cultura y Educaci\u00f3n de la Provincia confirm\u00f3 que pese a las trabas del Gobierno Nacional y al ensa\u00f1amiento por desfinanciar a las instituciones, las clases en la Provincia comenzar\u00e1n seg\u00fan lo pactado. El director general de Cultura y Educaci\u00f3n bonaerense, Alberto Sileoni, reafirm\u00f3 hoy que el\u2026","rel":"","context":"En \u00abProvincia\u00bb","block_context":{"text":"Provincia","link":"https:\/\/www.24baires.com\/?cat=40"},"img":{"alt_text":"","src":"https:\/\/i0.wp.com\/www.24baires.com\/wp-content\/uploads\/2024\/02\/sileoni.jpg.webp?resize=350%2C200","width":350,"height":200,"srcset":"https:\/\/i0.wp.com\/www.24baires.com\/wp-content\/uploads\/2024\/02\/sileoni.jpg.webp?resize=350%2C200 1x, https:\/\/i0.wp.com\/www.24baires.com\/wp-content\/uploads\/2024\/02\/sileoni.jpg.webp?resize=525%2C300 1.5x, https:\/\/i0.wp.com\/www.24baires.com\/wp-content\/uploads\/2024\/02\/sileoni.jpg.webp?resize=700%2C400 2x"},"classes":[]},{"id":13188,"url":"https:\/\/www.24baires.com\/?p=13188","url_meta":{"origin":16706,"position":5},"title":"Docentes pidieron a Sileoni un aumento del 30% para lograr un b\u00e1sico de $ 3.650","author":"AF","date":"22\/01\/2013","format":false,"excerpt":"Fue en una reuni\u00f3n de los gremios con el ministro Sileoni. Le pidieron al Gobierno que haga \"un esfuerzo\" y lleve adelante \"una fuerte recomposici\u00f3n salarial\". Los gremios docentes que se reunieron esta tarde con el ministro de Educaci\u00f3n, Alberto Sileoni, pidieron un aumento salarial del 30 por ciento en\u2026","rel":"","context":"En \u00abSociedad\u00bb","block_context":{"text":"Sociedad","link":"https:\/\/www.24baires.com\/?cat=1"},"img":{"alt_text":"sileoni y docentes","src":"https:\/\/i0.wp.com\/www.24baires.com\/wp-content\/uploads\/2013\/01\/sileoni-y-docentes-300x180.jpg?resize=350%2C200","width":350,"height":200},"classes":[]}],"jetpack_sharing_enabled":true,"jetpack_likes_enabled":true,"_links":{"self":[{"href":"https:\/\/www.24baires.com\/index.php?rest_route=\/wp\/v2\/posts\/16706","targetHints":{"allow":["GET"]}}],"collection":[{"href":"https:\/\/www.24baires.com\/index.php?rest_route=\/wp\/v2\/posts"}],"about":[{"href":"https:\/\/www.24baires.com\/index.php?rest_route=\/wp\/v2\/types\/post"}],"author":[{"embeddable":true,"href":"https:\/\/www.24baires.com\/index.php?rest_route=\/wp\/v2\/users\/4"}],"replies":[{"embeddable":true,"href":"https:\/\/www.24baires.com\/index.php?rest_route=%2Fwp%2Fv2%2Fcomments&post=16706"}],"version-history":[{"count":2,"href":"https:\/\/www.24baires.com\/index.php?rest_route=\/wp\/v2\/posts\/16706\/revisions"}],"predecessor-version":[{"id":16708,"href":"https:\/\/www.24baires.com\/index.php?rest_route=\/wp\/v2\/posts\/16706\/revisions\/16708"}],"wp:attachment":[{"href":"https:\/\/www.24baires.com\/index.php?rest_route=%2Fwp%2Fv2%2Fmedia&parent=16706"}],"wp:term":[{"taxonomy":"category","embeddable":true,"href":"https:\/\/www.24baires.com\/index.php?rest_route=%2Fwp%2Fv2%2Fcategories&post=16706"},{"taxonomy":"post_tag","embeddable":true,"href":"https:\/\/www.24baires.com\/index.php?rest_route=%2Fwp%2Fv2%2Ftags&post=16706"}],"curies":[{"name":"wp","href":"https:\/\/api.w.org\/{rel}","templated":true}]}}