{"id":16694,"date":"2013-02-25T11:30:12","date_gmt":"2013-02-25T14:30:12","guid":{"rendered":"http:\/\/www.24baires.com\/?p=16694"},"modified":"2013-02-25T11:54:55","modified_gmt":"2013-02-25T14:54:55","slug":"continua-grave-el-golfista-alcanzado-por-un-rayo-en-coronel-suarez","status":"publish","type":"post","link":"https:\/\/www.24baires.com\/?p=16694","title":{"rendered":"Contin\u00faa grave el golfista alcanzado por un rayo en Coronel Su\u00e1rez"},"content":{"rendered":"<p><img data-recalc-dims=\"1\" loading=\"lazy\" decoding=\"async\" class=\"alignleft size-medium wp-image-16695\" alt=\"GOLFISTA RAYO\" src=\"https:\/\/i0.wp.com\/www.24baires.com\/wp-content\/uploads\/2013\/02\/GOLFISTA-RAYO.jpg?resize=300%2C219\" width=\"300\" height=\"219\" srcset=\"https:\/\/i0.wp.com\/www.24baires.com\/wp-content\/uploads\/2013\/02\/GOLFISTA-RAYO.jpg?resize=300%2C219&amp;ssl=1 300w, https:\/\/i0.wp.com\/www.24baires.com\/wp-content\/uploads\/2013\/02\/GOLFISTA-RAYO.jpg?w=560&amp;ssl=1 560w\" sizes=\"auto, (max-width: 300px) 100vw, 300px\" \/>Ocurri\u00f3 en la localidad de Coronel Su\u00e1rez el s\u00e1bado a la tarde. La descarga el\u00e9ctrica alcanz\u00f3 a Carlos Juan De Lusarreta (38), quien est\u00e1 internado. Tambi\u00e9n le ocasion\u00f3 lesiones menores a otros dos deportistas.<!--more--><br \/>\nContinua siendo grave el estado de salud de Carlos Juan de Lusarreta, el golfista de 38 a\u00f1os alcanzado por un rayo el s\u00e1bado a la tarde mientras participaba de un torneo. El deportista permanece inconsciente, internado en el \u00e1rea de terapia intensiva del Hospital Municipal.<\/p>\n<p>Sufri\u00f3 tres paros card\u00edacos, y se lo someti\u00f3 a un enfriamiento t\u00e9rapeutico para evitar da\u00f1os cerebrales. Seg\u00fan informaron fuentes seguras del nosocomio, \u201cSe encuentra estabilizado, aunque su estado sigue siendo grave\u201d.<\/p>\n<p>De Lusarreta, Presidente de la subcomisi\u00f3n del Golf del Polo Club de Cnel. Su\u00e1rez, participaba de un torneo el s\u00e1bado por la tarde cuando un rayo cay\u00f3 a escasos metros de donde se encontraba parado, sobre una lomada a la altura del green del hoyo N\u00b07.<\/p>\n<p>En el incidente tambi\u00e9n sufrieron lesiones de menor consideraci\u00f3n dos de sus compa\u00f1eros quienes ya recibieron el alta m\u00e9dico.<\/p>\n<p>&nbsp;<\/p>\n<p>&nbsp;<\/p>\n<p>&nbsp;<\/p>\n<p>&nbsp;<\/p>\n<p>&nbsp;<\/p>\n<p>&nbsp;<\/p>\n<p>&nbsp;<\/p>\n<p>&nbsp;<\/p>\n<p>&nbsp;<\/p>\n<p>&nbsp;<\/p>\n<p>&nbsp;<\/p>\n<p>&nbsp;<\/p>\n<p>&nbsp;<\/p>\n<p>&nbsp;<\/p>\n<p>&nbsp;<\/p>\n","protected":false},"excerpt":{"rendered":"<p>Ocurri\u00f3 en la localidad de Coronel Su\u00e1rez el s\u00e1bado a la tarde. La descarga el\u00e9ctrica alcanz\u00f3 a Carlos Juan De Lusarreta (38), quien est\u00e1 internado. Tambi\u00e9n le ocasion\u00f3 lesiones menores a otros dos deportistas.<\/p>\n","protected":false},"author":4,"featured_media":0,"comment_status":"open","ping_status":"open","sticky":false,"template":"","format":"standard","meta":{"_jetpack_newsletter_access":"","_jetpack_dont_email_post_to_subs":false,"_jetpack_newsletter_tier_id":0,"_jetpack_memberships_contains_paywalled_content":false,"_jetpack_memberships_contains_paid_content":false,"footnotes":""},"categories":[1],"tags":[],"class_list":["post-16694","post","type-post","status-publish","format-standard","hentry","category-sociedad"],"jetpack_featured_media_url":"","jetpack_shortlink":"https:\/\/wp.me\/p2JWE0-4lg","jetpack-related-posts":[{"id":16882,"url":"https:\/\/www.24baires.com\/?p=16882","url_meta":{"origin":16694,"position":0},"title":"Despert\u00f3 el golfista suarense alcanzado por un rayo, pero contin\u00faa en terapia intensiva","author":"AF","date":"27\/02\/2013","format":false,"excerpt":"CORONEL SU\u00c1REZ - En la tarde del martes, y por unos minutos, recobr\u00f3 la conciencia Carlos Juan de Lusarreta, el golfista de 38 a\u00f1os alcanzado por un rayo el s\u00e1bado a la tarde mientras participaba de un torneo. No obstante, el deportista contin\u00faa internado en el \u00e1rea de terapia intensiva\u2026","rel":"","context":"En \u00abLocales\u00bb","block_context":{"text":"Locales","link":"https:\/\/www.24baires.com\/?cat=38"},"img":{"alt_text":"GOLFISTA RAYO","src":"https:\/\/i0.wp.com\/www.24baires.com\/wp-content\/uploads\/2013\/02\/GOLFISTA-RAYO-300x219.jpg?resize=350%2C200","width":350,"height":200},"classes":[]},{"id":18729,"url":"https:\/\/www.24baires.com\/?p=18729","url_meta":{"origin":16694,"position":1},"title":"Mejora considerablemente la salud del golfista suarenze alcanzado por un rayo","author":"AF","date":"18\/03\/2013","format":false,"excerpt":"CORONEL SU\u00c1REZ - Juan Carlos Lusarreta, el hombre alcanzado por un rayo mientras jugaba al golf hace poco menos de un mes, dio se\u00f1ales de mejor\u00edas. Responde ante m\u00ednimos requerimieneto y manifest\u00f3 ganas de comer. Buenas y aliviadoras noticias recibi\u00f3 la familia de Carlos Juan de Lusarreta esta semana que\u2026","rel":"","context":"En \u00abLocales\u00bb","block_context":{"text":"Locales","link":"https:\/\/www.24baires.com\/?cat=38"},"img":{"alt_text":"","src":"","width":0,"height":0},"classes":[]},{"id":16669,"url":"https:\/\/www.24baires.com\/?p=16669","url_meta":{"origin":16694,"position":2},"title":"Les cay\u00f3 encima un rayo mientras jugaban al golf","author":"Grupo Sierra","date":"24\/02\/2013","format":false,"excerpt":"CORONEL SU\u00c1REZ.- Tres hombres resultaron heridos luego de recibir una fuerte descarga el\u00e9ctrica en momentos en que jugaban al golf en un club de la localidad bonaerense de Coronel Su\u00e1rez, informaron fuentes policiales. El hecho ocurri\u00f3 en las \u00faltimas horas cuando las v\u00edctimas, identificadas como Carlos Lusarreta, de 38 a\u00f1os,\u2026","rel":"","context":"En \u00abPoliciales\u00bb","block_context":{"text":"Policiales","link":"https:\/\/www.24baires.com\/?cat=49"},"img":{"alt_text":"","src":"","width":0,"height":0},"classes":[]},{"id":111574,"url":"https:\/\/www.24baires.com\/?p=111574","url_meta":{"origin":16694,"position":3},"title":"Gay sufri\u00f3 un fuerte corte de boleta y Susbielles qued\u00f3 a dos puntos de cara a octubre","author":"GB","date":"12\/08\/2019","format":false,"excerpt":"En Bah\u00eda Blanca, Mar\u00eda Eugenia Vidal obtuvo un 45% pero H\u00e9ctor Gay alcanz\u00f3 un 39% que dej\u00f3 a Susbielles, con un 37%, con vida de cara a octubre. Detalles sobre otros distritos de la sexta secci\u00f3n. El intendente de Bah\u00eda Blanca, H\u00e9ctor Gay, se impuso en la elecci\u00f3n municipal por\u2026","rel":"","context":"En \u00abMunicipios\u00bb","block_context":{"text":"Municipios","link":"https:\/\/www.24baires.com\/?cat=44"},"img":{"alt_text":"","src":"https:\/\/i0.wp.com\/www.24baires.com\/wp-content\/uploads\/2016\/06\/gay-bah%C3%ACa-blanca.jpg?resize=350%2C200","width":350,"height":200,"srcset":"https:\/\/i0.wp.com\/www.24baires.com\/wp-content\/uploads\/2016\/06\/gay-bah%C3%ACa-blanca.jpg?resize=350%2C200 1x, https:\/\/i0.wp.com\/www.24baires.com\/wp-content\/uploads\/2016\/06\/gay-bah%C3%ACa-blanca.jpg?resize=525%2C300 1.5x"},"classes":[]},{"id":60845,"url":"https:\/\/www.24baires.com\/?p=60845","url_meta":{"origin":16694,"position":4},"title":"Vecinos de Coronel Su\u00e1rez cortaron la ruta 67 para pedir mejoras","author":"Grupo Sierra","date":"27\/01\/2015","format":false,"excerpt":"M\u00e1s de 400 vecinos se manifestaron ayer lunes portando carteles con cr\u00edticas a Scioli y con propaganda massista. \"Seguiremos con los cortes hasta que se nos deje de pisotear\", se\u00f1alaron. La medida se repetir\u00e1 el s\u00e1bado 31, d\u00eda de recambio tur\u00edstico. Convocados a trav\u00e9s de las redes sociales, vecinos de\u2026","rel":"","context":"En \u00abLocales\u00bb","block_context":{"text":"Locales","link":"https:\/\/www.24baires.com\/?cat=38"},"img":{"alt_text":"","src":"","width":0,"height":0},"classes":[]},{"id":115678,"url":"https:\/\/www.24baires.com\/?p=115678","url_meta":{"origin":16694,"position":5},"title":"Comienza una nueva etapa de la cuarentena para los bonaerenses","author":"GB","date":"20\/07\/2020","format":false,"excerpt":"Del total de los 135 municipios que tiene la provincia, 59 est\u00e1n en la fase 5 del aislamiento, con la mayor\u00eda de sus actividades habilitadas, mientras que las 38 ciudades que integran el AMBA y se encuentran en la fase 3 inician hoy una flexibilizaci\u00f3n escalonada. Un total de 59\u2026","rel":"","context":"En \u00abProvincia\u00bb","block_context":{"text":"Provincia","link":"https:\/\/www.24baires.com\/?cat=40"},"img":{"alt_text":"","src":"https:\/\/i0.wp.com\/www.24baires.com\/wp-content\/uploads\/2020\/05\/cuarentena.jpeg?resize=350%2C200","width":350,"height":200,"srcset":"https:\/\/i0.wp.com\/www.24baires.com\/wp-content\/uploads\/2020\/05\/cuarentena.jpeg?resize=350%2C200 1x, https:\/\/i0.wp.com\/www.24baires.com\/wp-content\/uploads\/2020\/05\/cuarentena.jpeg?resize=525%2C300 1.5x"},"classes":[]}],"jetpack_sharing_enabled":true,"jetpack_likes_enabled":true,"_links":{"self":[{"href":"https:\/\/www.24baires.com\/index.php?rest_route=\/wp\/v2\/posts\/16694","targetHints":{"allow":["GET"]}}],"collection":[{"href":"https:\/\/www.24baires.com\/index.php?rest_route=\/wp\/v2\/posts"}],"about":[{"href":"https:\/\/www.24baires.com\/index.php?rest_route=\/wp\/v2\/types\/post"}],"author":[{"embeddable":true,"href":"https:\/\/www.24baires.com\/index.php?rest_route=\/wp\/v2\/users\/4"}],"replies":[{"embeddable":true,"href":"https:\/\/www.24baires.com\/index.php?rest_route=%2Fwp%2Fv2%2Fcomments&post=16694"}],"version-history":[{"count":2,"href":"https:\/\/www.24baires.com\/index.php?rest_route=\/wp\/v2\/posts\/16694\/revisions"}],"predecessor-version":[{"id":16697,"href":"https:\/\/www.24baires.com\/index.php?rest_route=\/wp\/v2\/posts\/16694\/revisions\/16697"}],"wp:attachment":[{"href":"https:\/\/www.24baires.com\/index.php?rest_route=%2Fwp%2Fv2%2Fmedia&parent=16694"}],"wp:term":[{"taxonomy":"category","embeddable":true,"href":"https:\/\/www.24baires.com\/index.php?rest_route=%2Fwp%2Fv2%2Fcategories&post=16694"},{"taxonomy":"post_tag","embeddable":true,"href":"https:\/\/www.24baires.com\/index.php?rest_route=%2Fwp%2Fv2%2Ftags&post=16694"}],"curies":[{"name":"wp","href":"https:\/\/api.w.org\/{rel}","templated":true}]}}