{"id":16692,"date":"2013-02-25T11:00:43","date_gmt":"2013-02-25T14:00:43","guid":{"rendered":"http:\/\/www.24baires.com\/?p=16692"},"modified":"2013-02-25T11:44:16","modified_gmt":"2013-02-25T14:44:16","slug":"murieron-dos-jovenes-en-el-ultra-music-festival-por-aparente-intoxicacion","status":"publish","type":"post","link":"https:\/\/www.24baires.com\/?p=16692","title":{"rendered":"Murieron dos j\u00f3venes en el Ultra Music Festival por aparente intoxicaci\u00f3n"},"content":{"rendered":"<p><strong>CAPITAL FEDERAL &#8211; <\/strong>Dos hombres j\u00f3venes, de entre 28 y 30 a\u00f1os, que asist\u00edan desde la noche del s\u00e1bado a una multitudinaria fiesta electr\u00f3nica en la Costanera Sur de la ciudad de Buenos Aires, murieron el domingo presuntamente por intoxicaci\u00f3n con drogas y alcohol, informaron fuentes m\u00e9dicas.<!--more--><\/p>\n<p>Los decesos se produjeron en el hospital \u00abCosme Argerich\u00bb al que ambos hab\u00edan sido llevados de urgencia durante la madrugada por ambulancias del Sistema de Atenci\u00f3n M\u00e9dica de Emergencia (SAME).<\/p>\n<p>El director del SAME, Alberto Crescenti, confirm\u00f3 los fallecimientos e inform\u00f3 que no hubo otra intervenci\u00f3n del organismo de emergencias de la ciudad.<\/p>\n<p>La jefa de guardia del Argerich, Ana Mar\u00eda Bianchi, relat\u00f3 que el primero de los pacientes lleg\u00f3 a las 5.30 con respiraci\u00f3n ag\u00f3nica, sufri\u00f3 un paro card\u00edaco, se le hicieron maniobras de reanimaci\u00f3n pero falleci\u00f3.<\/p>\n<p>El otro lleg\u00f3 a las 8.15, \u00abhizo dos paros y sali\u00f3, tuvo un tercero, y despu\u00e9s de 40 minutos de maniobras, no sali\u00f3\u00bb, detall\u00f3 la m\u00e9dica a un canal porte\u00f1o de noticias.<\/p>\n<p>Sobre las causas, Crescenti se limit\u00f3 a decir que hab\u00eda que esperar la autopsia. Bianchi solo habl\u00f3 de una \u00abpresunta intoxicaci\u00f3n\u00bb.<\/p>\n<p>Bianchi inform\u00f3 que el Argerich, en el barrio porte\u00f1o de La Boca, recibi\u00f3 a otras seis personas, todas j\u00f3venes, que llegaron por sus propios medios del mismo lugar y aparentemente intoxicadas.<\/p>\n<p>Se sospecha que las v\u00edctimas ingirieron alcohol y drogas sint\u00e9ticas, una mezcla peligrosa que suele asociarse con las fiestas `rave` en las que los asistentes bailan hasta el amanecer.<\/p>\n<p>De hecho, una fuente de la Polic\u00eda Federal inform\u00f3 que durante el desarrollo de la fiesta fueron detenidas 14 personas y decomisada gran cantidad de pastillas de drogas de dise\u00f1o.<\/p>\n<p>La fiesta en cuesti\u00f3n era el Ultra Music Festival, uno de los eventos de m\u00fasica electr\u00f3nica m\u00e1s importantes del mundo, que en su edici\u00f3n para Buenos Aires realiz\u00f3 una jornada el martes pasado y otra anoche, ambas en la Costanera Sur, s\u00f3lo para mayores de 18 a\u00f1os.<\/p>\n<p>El festival se desarrollaba en un predio con tres escenarios pr\u00f3ximo al que alguna vez alberg\u00f3 la Ciudad Deportiva de Boca, m\u00e1s all\u00e1 de Puerto Madero y la Reserva Ecol\u00f3gica, con acceso por Benito Correa y la avenida Dellepiane.<\/p>\n<p>Los decesos se produjeron en el hospital \u00abCosme Argerich\u00bb al que ambos fueron llevados por ambulancias del Sistema de Atenci\u00f3n M\u00e9dica de Emergencia (SAME), inform\u00f3 la jefa de guardia Ana Mar\u00eda Bianchi.<br \/>\nLa entrada general costaba 390 pesos, y la preferencial 600, mientras que para estacionar se requer\u00edan 100 pesos m\u00e1s.<\/p>\n<p>Las disposiciones de seguridad de los organizadores no permit\u00edan el ingreso con bengalas ni pirotecnia, tampoco aerosoles aunque se tratara de desodorantes ni art\u00edculos de vidrio, paraguas ni \u00abcualquier otro objeto que ponga en riesgo tu seguridad y la de otros\u00bb. No permit\u00edan tampoco llevar comida, bebidas ni c\u00e1maras.<\/p>\n<p>Pero el operativo de la Federal contra el narcotr\u00e1fico, bajo supervisi\u00f3n del Ministerio de Seguridad, permiti\u00f3 secuestar 115 pastillas de \u00e9xtasis, 22 envoltorios con coca\u00edna, seis cigarrillos y cuatro envoltorios de marihuana, tres c\u00e1psulas de MDMA, ocho troqueles de LSD 25, con cuatro microdosis cada uno y cinco frascos de \u00abKetamina\u00bb l\u00edquida.<\/p>\n<p>La operaci\u00f3n estuvo a cargo de la Superintendencia de Drogas Peligrosas de la Polic\u00eda Federal comisionada por el juez Luis Rodr\u00edguez, a cargo del Juzgado Nacional en lo Criminal y Correccional Federal 12.<\/p>\n<p>Mientras, en los escenarios se presentaron Armin van Buuren, Carl Cox, Afrojack, Knife Party, Marco Carola, Sander van Doorn, Markus Schulz y Jeff Mills, entre otros, con transmisi\u00f3n en vivo en alta definici\u00f3n por UMFTV y Clar\u00edn Vivo, y adem\u00e1s por radio a trav\u00e9s de Metro 95,1 FM.<\/p>\n<p>Intervino en el caso la fiscal del distrito de La Boca, Susana Calleja, y la jueza en lo Criminal de Instrucci\u00f3n 28 porte\u00f1a, Mar\u00eda Rita Acosta, que dispusieron la realizaci\u00f3n de las autopsias.<\/p>\n<p>&nbsp;<\/p>\n<p>&nbsp;<\/p>\n<p>&nbsp;<\/p>\n<p>&nbsp;<\/p>\n<p>&nbsp;<\/p>\n<p>&nbsp;<\/p>\n<p>&nbsp;<\/p>\n<p>&nbsp;<\/p>\n<p>&nbsp;<\/p>\n<p>&nbsp;<\/p>\n<p>&nbsp;<\/p>\n<p>&nbsp;<\/p>\n<p>&nbsp;<\/p>\n<p>&nbsp;<\/p>\n<p>&nbsp;<\/p>\n<p>&nbsp;<\/p>\n<p>&nbsp;<\/p>\n<p>&nbsp;<\/p>\n","protected":false},"excerpt":{"rendered":"<p>CAPITAL FEDERAL &#8211; Dos hombres j\u00f3venes, de entre 28 y 30 a\u00f1os, que asist\u00edan desde la noche del s\u00e1bado a una multitudinaria fiesta electr\u00f3nica en la Costanera Sur de la ciudad de Buenos Aires, murieron el domingo presuntamente por intoxicaci\u00f3n con drogas y alcohol, informaron fuentes m\u00e9dicas.<\/p>\n","protected":false},"author":4,"featured_media":0,"comment_status":"open","ping_status":"open","sticky":false,"template":"","format":"standard","meta":{"_jetpack_newsletter_access":"","_jetpack_dont_email_post_to_subs":false,"_jetpack_newsletter_tier_id":0,"_jetpack_memberships_contains_paywalled_content":false,"_jetpack_memberships_contains_paid_content":false,"footnotes":""},"categories":[1],"tags":[],"class_list":["post-16692","post","type-post","status-publish","format-standard","hentry","category-sociedad"],"jetpack_featured_media_url":"","jetpack_shortlink":"https:\/\/wp.me\/p2JWE0-4le","jetpack-related-posts":[{"id":81521,"url":"https:\/\/www.24baires.com\/?p=81521","url_meta":{"origin":16692,"position":0},"title":"Fiesta electr\u00f3nica fatal: cuatro muertos y cuatro internados graves","author":"GB","date":"16\/04\/2016","format":false,"excerpt":"Ocurri\u00f3 en el complejo Costa Salguero, donde se realizaba la tercera edici\u00f3n de la Time Warp. Los heridos fueron trasladados a los hospitales Fern\u00e1ndez y Pirovano. Las muertes ser\u00edan por sobredosis. Cuatro j\u00f3venes murieron y otros seis permanecen internados, cuatro de ellos graves por causas que se investigan mientras participaban\u2026","rel":"","context":"En \u00abSociedad\u00bb","block_context":{"text":"Sociedad","link":"https:\/\/www.24baires.com\/?cat=1"},"img":{"alt_text":"fiesta electronica","src":"https:\/\/i0.wp.com\/www.24baires.com\/wp-content\/uploads\/2016\/04\/fiesta-electronica.jpg?resize=350%2C200","width":350,"height":200,"srcset":"https:\/\/i0.wp.com\/www.24baires.com\/wp-content\/uploads\/2016\/04\/fiesta-electronica.jpg?resize=350%2C200 1x, https:\/\/i0.wp.com\/www.24baires.com\/wp-content\/uploads\/2016\/04\/fiesta-electronica.jpg?resize=525%2C300 1.5x"},"classes":[]},{"id":38519,"url":"https:\/\/www.24baires.com\/?p=38519","url_meta":{"origin":16692,"position":1},"title":"Violento choque en Capital: al menos 17 heridos","author":"Grupo Sierra","date":"15\/01\/2014","format":false,"excerpt":"Las personas afectadas contin\u00faan internadas como consecuencia del choque producido esta ma\u00f1ana entre dos colectivos y un auto en la intersecci\u00f3n de las calles Libertad y Tucum\u00e1n, en pleno centro porte\u00f1o, informaron fuentes policiales y el SAME. El accidente se produjo alrededor de las 7:00 cuando, por causas que a\u00fan\u2026","rel":"","context":"En \u00abLocales\u00bb","block_context":{"text":"Locales","link":"https:\/\/www.24baires.com\/?cat=38"},"img":{"alt_text":"choque","src":"https:\/\/i0.wp.com\/www.24baires.com\/wp-content\/uploads\/2014\/01\/choque.jpg?resize=350%2C200","width":350,"height":200,"srcset":"https:\/\/i0.wp.com\/www.24baires.com\/wp-content\/uploads\/2014\/01\/choque.jpg?resize=350%2C200 1x, https:\/\/i0.wp.com\/www.24baires.com\/wp-content\/uploads\/2014\/01\/choque.jpg?resize=525%2C300 1.5x"},"classes":[]},{"id":33486,"url":"https:\/\/www.24baires.com\/?p=33486","url_meta":{"origin":16692,"position":2},"title":"Cuatro personas fueron hospitalizadas tras un incendio en La Boca","author":"GB","date":"13\/10\/2013","format":false,"excerpt":"Cuatro personas resultaron afectadas y tuvieron que ser hospitalizadas, como consecuencia de un incendio ocurrido en un inquilinato del barrio porte\u00f1o de La Boca, informaron el SAME, Bomberos y fuentes policiales. El titular del SAME, Alberto Crescenti, dijo que dos de los afectados sufrieron quemaduras y otros dos tuvieron principio\u2026","rel":"","context":"En \u00abSociedad\u00bb","block_context":{"text":"Sociedad","link":"https:\/\/www.24baires.com\/?cat=1"},"img":{"alt_text":"","src":"","width":0,"height":0},"classes":[]},{"id":33503,"url":"https:\/\/www.24baires.com\/?p=33503","url_meta":{"origin":16692,"position":3},"title":"Dos chicos murieron por el incendio del conventillo de La Boca","author":"Grupo Sierra","date":"13\/10\/2013","format":false,"excerpt":"El titular del SAME, Alberto Crescenti, confirm\u00f3\u00a0 que dos menores fallecieron producto de las quemaduras que sufrieron en el incendio del conventillo que habitaban en el barrio porte\u00f1o de La Boca. Adem\u00e1s de los dos fallecimientos, Crescenti confirm\u00f3 que el SAME atendi\u00f3 a 11 personas en el lugar, de las\u2026","rel":"","context":"En \u00abPoliciales\u00bb","block_context":{"text":"Policiales","link":"https:\/\/www.24baires.com\/?cat=49"},"img":{"alt_text":"conventillo la boca","src":"https:\/\/i0.wp.com\/www.24baires.com\/wp-content\/uploads\/2013\/10\/conventillo-la-boca.jpg?resize=350%2C200","width":350,"height":200,"srcset":"https:\/\/i0.wp.com\/www.24baires.com\/wp-content\/uploads\/2013\/10\/conventillo-la-boca.jpg?resize=350%2C200 1x, https:\/\/i0.wp.com\/www.24baires.com\/wp-content\/uploads\/2013\/10\/conventillo-la-boca.jpg?resize=525%2C300 1.5x"},"classes":[]},{"id":112166,"url":"https:\/\/www.24baires.com\/?p=112166","url_meta":{"origin":16692,"position":4},"title":"Berisso: tres nenes murieron intoxicados con mon\u00f3xido de carbono","author":"AF","date":"20\/09\/2019","format":false,"excerpt":"Los menores ten\u00edan 2, 4 y 6 a\u00f1os. Sus padres tambi\u00e9n fueron encontrados desmayados en el piso intoxicados al inhalar el gas. Tres ni\u00f1os murieron y sus padres fueron internados en estado delicado a ra\u00edz de una aparente intoxicaci\u00f3n por mon\u00f3xido de carbono en una vivienda de la ciudad de\u2026","rel":"","context":"En \u00abLocales\u00bb","block_context":{"text":"Locales","link":"https:\/\/www.24baires.com\/?cat=38"},"img":{"alt_text":"","src":"https:\/\/i0.wp.com\/www.24baires.com\/wp-content\/uploads\/2019\/09\/hospital-berisso.jpg?resize=350%2C200","width":350,"height":200,"srcset":"https:\/\/i0.wp.com\/www.24baires.com\/wp-content\/uploads\/2019\/09\/hospital-berisso.jpg?resize=350%2C200 1x, https:\/\/i0.wp.com\/www.24baires.com\/wp-content\/uploads\/2019\/09\/hospital-berisso.jpg?resize=525%2C300 1.5x"},"classes":[]},{"id":32283,"url":"https:\/\/www.24baires.com\/?p=32283","url_meta":{"origin":16692,"position":5},"title":"En el Hospital de Ni\u00f1os hay 17 personas intoxicadas con mon\u00f3xido de carbono","author":"GB","date":"22\/09\/2013","format":false,"excerpt":"Entre las personas intoxicadas se encuentran un beb\u00e9 de cuatro meses, algunos padres y personal del hospital, que ya fueron trasladados. Fueron derivados a los hospitales Rivadavia, Pirovano, Fern\u00e1ndez y Penna. Fueron derivados a los hospitales Rivadavia, Pirovano, Fern\u00e1ndez y Penna, indicaron fuentes del SAME. El presidente de la Asociaci\u00f3n\u2026","rel":"","context":"En \u00abSociedad\u00bb","block_context":{"text":"Sociedad","link":"https:\/\/www.24baires.com\/?cat=1"},"img":{"alt_text":"","src":"","width":0,"height":0},"classes":[]}],"jetpack_sharing_enabled":true,"jetpack_likes_enabled":true,"_links":{"self":[{"href":"https:\/\/www.24baires.com\/index.php?rest_route=\/wp\/v2\/posts\/16692","targetHints":{"allow":["GET"]}}],"collection":[{"href":"https:\/\/www.24baires.com\/index.php?rest_route=\/wp\/v2\/posts"}],"about":[{"href":"https:\/\/www.24baires.com\/index.php?rest_route=\/wp\/v2\/types\/post"}],"author":[{"embeddable":true,"href":"https:\/\/www.24baires.com\/index.php?rest_route=\/wp\/v2\/users\/4"}],"replies":[{"embeddable":true,"href":"https:\/\/www.24baires.com\/index.php?rest_route=%2Fwp%2Fv2%2Fcomments&post=16692"}],"version-history":[{"count":1,"href":"https:\/\/www.24baires.com\/index.php?rest_route=\/wp\/v2\/posts\/16692\/revisions"}],"predecessor-version":[{"id":16693,"href":"https:\/\/www.24baires.com\/index.php?rest_route=\/wp\/v2\/posts\/16692\/revisions\/16693"}],"wp:attachment":[{"href":"https:\/\/www.24baires.com\/index.php?rest_route=%2Fwp%2Fv2%2Fmedia&parent=16692"}],"wp:term":[{"taxonomy":"category","embeddable":true,"href":"https:\/\/www.24baires.com\/index.php?rest_route=%2Fwp%2Fv2%2Fcategories&post=16692"},{"taxonomy":"post_tag","embeddable":true,"href":"https:\/\/www.24baires.com\/index.php?rest_route=%2Fwp%2Fv2%2Ftags&post=16692"}],"curies":[{"name":"wp","href":"https:\/\/api.w.org\/{rel}","templated":true}]}}