{"id":1669,"date":"2012-10-11T11:49:03","date_gmt":"2012-10-11T14:49:03","guid":{"rendered":"http:\/\/www.24baires.com\/?p=1669"},"modified":"2012-10-11T11:49:03","modified_gmt":"2012-10-11T14:49:03","slug":"docentes-de-udocba-paran-reclamando-aumento-salarial","status":"publish","type":"post","link":"https:\/\/www.24baires.com\/?p=1669","title":{"rendered":"Docentes de UDOCBA paran reclamando aumento salarial"},"content":{"rendered":"<p>El gremio que conduce Miguel D\u00edaz reclama al Gobierno de Scioli la reapertura de paritarias y 3.900 pesos de salario b\u00e1sico inicial. Ayer apoyaron la movilizaci\u00f3n a Plaza de Mayo, convocada por la CTA de Pablo Micheli, para pedir un incremento para los trabajadores.<!--more--><br \/>\nMiguel D\u00edaz, Secretario general de UDOCBA, indic\u00f3 que el paro de hoy jueves se debe al reclamo por la reapertura de paritarias y el pago de 3.900 pesos de salario b\u00e1sico inicial.<\/p>\n<p>En ese sentido, agreg\u00f3 que \u00abel aumento es cada vez m\u00e1s urgente debido a la acelerada p\u00e9rdida del poder adquisitivo por una preocupante inflaci\u00f3n\u00bb.<br \/>\nEl dirigente destac\u00f3 que \u00abhay plata suficiente en la provincia de Buenos Aires para dar un inmediato incremento salarial y esto lo prueba el aumento de recaudaci\u00f3n y una situaci\u00f3n de super\u00e1vit operativo blanqueada en el presupuesto\u00bb.<\/p>\n<p>En declaraciones publicadas en el medio el Portal Bonaerense, D\u00edaz a\u00f1adi\u00f3: \u00abNo creo que haya una prioridad m\u00e1s significativa que la educaci\u00f3n, con lo cual el Gobierno debe poner este tema en agenda cuanto antes\u00bb. UDOCBA apoy\u00f3 ayer la marcha a Plaza de Mayo encabezada por Pablo Micheli, l\u00edder de la CTA opositora.<\/p>\n","protected":false},"excerpt":{"rendered":"<p>El gremio que conduce Miguel D\u00edaz reclama al Gobierno de Scioli la reapertura de paritarias y 3.900 pesos de salario b\u00e1sico inicial. Ayer apoyaron la movilizaci\u00f3n a Plaza de Mayo, convocada por la CTA de Pablo Micheli, para pedir un incremento para los trabajadores.<\/p>\n","protected":false},"author":4,"featured_media":0,"comment_status":"open","ping_status":"open","sticky":false,"template":"","format":"standard","meta":{"_jetpack_newsletter_access":"","_jetpack_dont_email_post_to_subs":false,"_jetpack_newsletter_tier_id":0,"_jetpack_memberships_contains_paywalled_content":false,"_jetpack_memberships_contains_paid_content":false,"footnotes":""},"categories":[1],"tags":[],"class_list":["post-1669","post","type-post","status-publish","format-standard","hentry","category-sociedad"],"jetpack_featured_media_url":"","jetpack_shortlink":"https:\/\/wp.me\/p2JWE0-qV","jetpack-related-posts":[{"id":1418,"url":"https:\/\/www.24baires.com\/?p=1418","url_meta":{"origin":1669,"position":0},"title":"Paro docente para el pr\u00f3ximo jueves: reclaman reapertura de paritarias y aumento salarial","author":"AF","date":"08\/10\/2012","format":false,"excerpt":"El secretario General de UDocBA, Miguel D\u00edaz, anunci\u00f3 que \"todos los docentes bonaerenses realizar\u00e1n un paro de actividades este jueves 11 de octubre, sin concurrencia a sus lugares de trabajo, en demanda de reapertura de paritarias y 3900 pesos de salario b\u00e1sico inicial, aumento que es cada vez m\u00e1s urgente\u2026","rel":"","context":"En \u00abSociedad\u00bb","block_context":{"text":"Sociedad","link":"https:\/\/www.24baires.com\/?cat=1"},"img":{"alt_text":"","src":"","width":0,"height":0},"classes":[]},{"id":57050,"url":"https:\/\/www.24baires.com\/?p=57050","url_meta":{"origin":1669,"position":1},"title":"Ahora, son los docentes de Udocba quienes paran por 48 horas","author":"AF","date":"13\/11\/2014","format":false,"excerpt":"Docentes nucleados en Udocba comenzar\u00e1n este jueves un paro de 48 horas en reclamo de la reapertura de paritarias para este a\u00f1o. En este sentido, el secretario general del gremio, Miguel D\u00edaz sostuvo: \u201cNuestra medida de fuerza tiene que ver con la reapertura de paritarias ahora, no es que queremos\u2026","rel":"","context":"En \u00abSociedad\u00bb","block_context":{"text":"Sociedad","link":"https:\/\/www.24baires.com\/?cat=1"},"img":{"alt_text":"Udocba Diaz Miguel","src":"https:\/\/i0.wp.com\/www.24baires.com\/wp-content\/uploads\/2012\/10\/Udocba-Diaz-Miguel.jpg?resize=350%2C200","width":350,"height":200,"srcset":"https:\/\/i0.wp.com\/www.24baires.com\/wp-content\/uploads\/2012\/10\/Udocba-Diaz-Miguel.jpg?resize=350%2C200 1x, https:\/\/i0.wp.com\/www.24baires.com\/wp-content\/uploads\/2012\/10\/Udocba-Diaz-Miguel.jpg?resize=525%2C300 1.5x"},"classes":[]},{"id":55706,"url":"https:\/\/www.24baires.com\/?p=55706","url_meta":{"origin":1669,"position":2},"title":"Docentes de UDOCBA paran por 48 horas en reclamo por salarios","author":"GB","date":"20\/10\/2014","format":false,"excerpt":"Los maestros enrolados en la Uni\u00f3n Docentes de la provincia de Buenos Aires (Udocba) realizar\u00e1n desde ma\u00f1ana un paro por 48 horas en reclamo a que el gobierno provincial reabra la paritaria salarial. El titular de ese gremio, Miguel D\u00edaz explic\u00f3 que reclaman la reapertura de la paritaria salarial \u201cpara\u2026","rel":"","context":"En \u00abProvincia\u00bb","block_context":{"text":"Provincia","link":"https:\/\/www.24baires.com\/?cat=40"},"img":{"alt_text":"udocba","src":"https:\/\/i0.wp.com\/www.24baires.com\/wp-content\/uploads\/2014\/08\/udocba.jpg?resize=350%2C200","width":350,"height":200,"srcset":"https:\/\/i0.wp.com\/www.24baires.com\/wp-content\/uploads\/2014\/08\/udocba.jpg?resize=350%2C200 1x, https:\/\/i0.wp.com\/www.24baires.com\/wp-content\/uploads\/2014\/08\/udocba.jpg?resize=525%2C300 1.5x"},"classes":[]},{"id":53652,"url":"https:\/\/www.24baires.com\/?p=53652","url_meta":{"origin":1669,"position":3},"title":"M\u00e9dicos de Cicop y docentes de Udocba comienzan una semana de paros","author":"AF","date":"15\/09\/2014","format":false,"excerpt":"Los m\u00e9dicos enrolados en Cicop y los docentes de Udocba volver\u00e1n a complicar esta semana la atenci\u00f3n en hospitales y escuelas p\u00fablicas de la provincia ya que realizar\u00e1n nuevos paros para reclamar otra suba salarial antes de que finalice el a\u00f1o. La Uni\u00f3n de Docentes bonaerenses (Udocba), gremio minoritario del\u2026","rel":"","context":"En \u00abSociedad\u00bb","block_context":{"text":"Sociedad","link":"https:\/\/www.24baires.com\/?cat=1"},"img":{"alt_text":"udocba","src":"https:\/\/i0.wp.com\/www.24baires.com\/wp-content\/uploads\/2014\/08\/udocba.jpg?resize=350%2C200","width":350,"height":200,"srcset":"https:\/\/i0.wp.com\/www.24baires.com\/wp-content\/uploads\/2014\/08\/udocba.jpg?resize=350%2C200 1x, https:\/\/i0.wp.com\/www.24baires.com\/wp-content\/uploads\/2014\/08\/udocba.jpg?resize=525%2C300 1.5x"},"classes":[]},{"id":81545,"url":"https:\/\/www.24baires.com\/?p=81545","url_meta":{"origin":1669,"position":4},"title":"Udocba anticip\u00f3 que parar\u00e1 el pr\u00f3ximo 11 de mayo","author":"AF","date":"17\/04\/2016","format":false,"excerpt":"El secretario general de Udocba, Miguel \u00c1ngel D\u00edaz, adelant\u00f3 que ese gremio llevar\u00e1 adelante un paro el pr\u00f3ximo 11 de mayo para exigir una reapertura \u201cde la negociaci\u00f3n salarial\u201d. En declaraciones period\u00edsticas, el gremialista adelant\u00f3 que llevar\u00e1n adelante desde esa organizaci\u00f3n un paro el 11 de mayo en reclamo de\u2026","rel":"","context":"En \u00abSociedad\u00bb","block_context":{"text":"Sociedad","link":"https:\/\/www.24baires.com\/?cat=1"},"img":{"alt_text":"udocba","src":"https:\/\/i0.wp.com\/www.24baires.com\/wp-content\/uploads\/2014\/08\/udocba.jpg?resize=350%2C200","width":350,"height":200,"srcset":"https:\/\/i0.wp.com\/www.24baires.com\/wp-content\/uploads\/2014\/08\/udocba.jpg?resize=350%2C200 1x, https:\/\/i0.wp.com\/www.24baires.com\/wp-content\/uploads\/2014\/08\/udocba.jpg?resize=525%2C300 1.5x"},"classes":[]},{"id":49028,"url":"https:\/\/www.24baires.com\/?p=49028","url_meta":{"origin":1669,"position":5},"title":"Comedores: Udocba vuelve a la huelga y ATE para este mi\u00e9rcoles","author":"AF","date":"01\/07\/2014","format":false,"excerpt":"La Uni\u00f3n de Docentes bonaerenses (Udocba) anunci\u00f3 que volver\u00e1 al paro en las escuelas el mi\u00e9rcoles 16 de julio mientras que los estatales de ATE ratificaron para este mi\u00e9rcoles una huelga provincial y una movilizaci\u00f3n en La Plata para reclamar la reapertura de paritarias y la restituci\u00f3n de cupos recortados\u2026","rel":"","context":"En \u00abSociedad\u00bb","block_context":{"text":"Sociedad","link":"https:\/\/www.24baires.com\/?cat=1"},"img":{"alt_text":"estatales_udocba_marcha","src":"https:\/\/i0.wp.com\/www.24baires.com\/wp-content\/uploads\/2013\/03\/estatales_udocba_marcha.jpg?resize=350%2C200","width":350,"height":200,"srcset":"https:\/\/i0.wp.com\/www.24baires.com\/wp-content\/uploads\/2013\/03\/estatales_udocba_marcha.jpg?resize=350%2C200 1x, https:\/\/i0.wp.com\/www.24baires.com\/wp-content\/uploads\/2013\/03\/estatales_udocba_marcha.jpg?resize=525%2C300 1.5x"},"classes":[]}],"jetpack_sharing_enabled":true,"jetpack_likes_enabled":true,"_links":{"self":[{"href":"https:\/\/www.24baires.com\/index.php?rest_route=\/wp\/v2\/posts\/1669","targetHints":{"allow":["GET"]}}],"collection":[{"href":"https:\/\/www.24baires.com\/index.php?rest_route=\/wp\/v2\/posts"}],"about":[{"href":"https:\/\/www.24baires.com\/index.php?rest_route=\/wp\/v2\/types\/post"}],"author":[{"embeddable":true,"href":"https:\/\/www.24baires.com\/index.php?rest_route=\/wp\/v2\/users\/4"}],"replies":[{"embeddable":true,"href":"https:\/\/www.24baires.com\/index.php?rest_route=%2Fwp%2Fv2%2Fcomments&post=1669"}],"version-history":[{"count":0,"href":"https:\/\/www.24baires.com\/index.php?rest_route=\/wp\/v2\/posts\/1669\/revisions"}],"wp:attachment":[{"href":"https:\/\/www.24baires.com\/index.php?rest_route=%2Fwp%2Fv2%2Fmedia&parent=1669"}],"wp:term":[{"taxonomy":"category","embeddable":true,"href":"https:\/\/www.24baires.com\/index.php?rest_route=%2Fwp%2Fv2%2Fcategories&post=1669"},{"taxonomy":"post_tag","embeddable":true,"href":"https:\/\/www.24baires.com\/index.php?rest_route=%2Fwp%2Fv2%2Ftags&post=1669"}],"curies":[{"name":"wp","href":"https:\/\/api.w.org\/{rel}","templated":true}]}}