{"id":16686,"date":"2013-02-25T10:00:14","date_gmt":"2013-02-25T13:00:14","guid":{"rendered":"http:\/\/www.24baires.com\/?p=16686"},"modified":"2013-02-25T11:19:43","modified_gmt":"2013-02-25T14:19:43","slug":"demandan-al-estado-y-policias-por-el-caso-de-torturas-en-la-comisaria-de-olavarria","status":"publish","type":"post","link":"https:\/\/www.24baires.com\/?p=16686","title":{"rendered":"Demandan al Estado y polic\u00edas por el caso de torturas en la Comisar\u00eda de Olavarr\u00eda"},"content":{"rendered":"<p>Mientras se aguarda que la fiscal Susana Alonso eleve la causa a juicio, el abogado de Diego Alejandro Gonz\u00e1lez, el hombre torturado el a\u00f1o pasado en la Seccional Primera de Polic\u00eda de Olavarr\u00eda, Gustavo Scotto, confirm\u00f3 que en los pr\u00f3ximos d\u00edas presentar\u00e1 una demanda civil contra los oficiales imputados y el Estado provincial, que es responsable por los actos de sus funcionarios y empleados seg\u00fan el Derecho vigente.<!--more--><\/p>\n<p>Todav\u00eda no se ha planteado un monto para el resarcimiento econ\u00f3mico de la v\u00edctima, ya que eso depende de \u00abmuchas variables que deben ser analizadas\u00bb, precis\u00f3 el representante legal de Diego Gonz\u00e1lez.<\/p>\n<p>De este modo, se abre una nueva instancia en uno de los casos m\u00e1s conmocionantes en la historia penal de Olavarr\u00eda tanto por las caracter\u00edsticas del episodio como por la ausencia aparente de razones para que un hombre sufriera vej\u00e1menes de tal magnitud.<\/p>\n<p>Lo que debi\u00f3 haber sido una simple contravenci\u00f3n por ebriedad, lo que se resuelve generalmente con una multa y unas horas durmiendo en la Comisar\u00eda se transform\u00f3 en un esc\u00e1ndalo que termin\u00f3 con tres oficiales presos y en riesgo concreto de pasar una larga temporada en la c\u00e1rcel, otros dos polic\u00edas y un m\u00e9dico procesados por omisi\u00f3n de denuncia y todos los miembros de la fuerza de seguridad en Olavarr\u00eda como blanco de todas las miradas.<\/p>\n<p>La \u00fanica hip\u00f3tesis con visos de l\u00f3gica es que Gonz\u00e1lez fue torturado al ser confundido con un hom\u00f3nimo al que se buscaba por una serie de delitos graves y que se hab\u00eda esfumado presumiblemente con dinero de los botines y armas de fuego.<\/p>\n<p>Esa conjetura se fundamente en que mientras lo golpeaban y le arrojaban agua hirviendo le ped\u00edan que les dijera d\u00f3nde estaban \u00abel dinero y las armas\u00bb. Gonz\u00e1lez viv\u00eda desde un par de meses atr\u00e1s en Olavarr\u00eda y se alojaba en la casa de un t\u00edo, quien tambi\u00e9n le daba empleo.<\/p>\n<p>Los acusados de ser los autores materiales de las torturas son el capit\u00e1n N\u00e9stor \u00abNene\u00bb Rodr\u00edguez y los oficiales Nicol\u00e1s Manuel y Edgardo Constancio. Los tres est\u00e1n presos en la c\u00e1rcel de General Alvear. Hasta ahora todos los recursos presentados para conseguir la libertad o la prisi\u00f3n morigerada han sido rechazados.<\/p>\n<p>El m\u00e1s insistente es Rodr\u00edguez, cuya defensa argumenta que la diabetes que padece requiere de una atenci\u00f3n que no puede recibir en la c\u00e1rcel.<\/p>\n<p><strong>Nacido para ser v\u00edctima<\/strong><\/p>\n<p>Tal vez la peor experiencia en los 31 a\u00f1os de vida que ten\u00eda en ese momento Diego Alejandro Gonz\u00e1lez fueron las torturas que le inflingieron ese triste s\u00e1bado 12 de mayo de 2012, pero no fue la \u00fanica oportunidad en la que desempe\u00f1\u00f3 el rol de v\u00edctima.<\/p>\n<p>A juzgar por la documentaci\u00f3n obrante en la causa, fue v\u00edctima pr\u00e1cticamente desde su nacimiento.<\/p>\n<p>Al referirse a su historia de vida, la s\u00edntesis del estudio dirigido por la doctora Emma Virginia Creimer se\u00f1ala que \u00abconforme a los datos aportados por el se\u00f1or Gonz\u00e1lez, es posible identificar una din\u00e1mica familiar inestable signada por una precariedad social, econ\u00f3mica y laboral, sumado a ello la deserci\u00f3n escolar y la fragilidad de los soportes vinculares y relacionales\u00bb.<\/p>\n<p>Se agrega que \u00abla sumatoria de estos factores conformaron una zona de vulnerabilidad que comprende toda una gama de familias como la descripta, caracterizada por trabajadores independientes sin reserva econ\u00f3mica que no pueden beneficiarse de sus ganancias as\u00ed como satisfacer las necesidades b\u00e1sicas\u00bb.<\/p>\n<p>Diego Gonz\u00e1lez no pudo eludir el destino triste de los v\u00e1stagos de estas familias disfuncionales. Termin\u00f3 convirti\u00e9ndose en un chico de la calle y \u00ablas formas cl\u00ednicas de este aislamiento aparecieron bajo la forma de excesos: droga, alcohol y delito\u00bb, indica el informe.<\/p>\n<p>Se cas\u00f3, tuvo hijos, pero la familia que pudo armar tambi\u00e9n se disolvi\u00f3. Form\u00f3 otra pareja, tuvo m\u00e1s hijos, fue vendedor ambulante en los colectivos. Despu\u00e9s de una nueva separaci\u00f3n se vino a Olavarr\u00eda en busca de torcer un destino aciago.<\/p>\n<p>Nunca se pudo desprender del alcoholismo. Por eso el s\u00e1bado 12 de mayo \u00absimplemente me qued\u00e9 dormido en una cancha de golf, qued\u00e9 tomado, me hab\u00eda quedado dormido de la borrachera que ten\u00eda, hab\u00eda tomado vino, cerveza y una botellita de ginebra. Me qued\u00e9 dormido en el club, como daba mal aspecto el de seguridad llam\u00f3 a la polic\u00eda y me llevaron a la comisar\u00eda. Ah\u00ed comenz\u00f3 el calvario. Todo el tiempo me ped\u00edan plata, me tiraban agua caliente y me pegaban en la boca del est\u00f3mago porque gritaba del dolor, les ped\u00eda por favor que no me echen m\u00e1s agua, que plata no tengo. Me echaron una, me echaron como seis o siete teteras, pero estuve pr\u00e1cticamente como una hora, todos los golpes, me exig\u00edan plata, me gritaban echale agua&#8230;\u00bb, seg\u00fan se\u00f1ala su declaraci\u00f3n textual ante los forenses.<\/p>\n<p>La consecuencia fue que qued\u00f3 con m\u00e1s del 20 por ciento de su cuerpo quemado, con lesiones calificadas de graves por los m\u00e9dicos.<\/p>\n<p>Y \u00abcomo reacci\u00f3n al impacto traum\u00e1tico producto del menoscabo de su integridad psicof\u00edsica ha desarrollado sentimientos de temor y horror intensos, la reexperimentaci\u00f3n persistente a trav\u00e9s de los sue\u00f1os del acontecimiento traum\u00e1tico, un estado de hiperalerta a cualquier est\u00edmulo, respuestas fisiol\u00f3gicas como reacci\u00f3n a los sue\u00f1os recurrentes, esfuerzos para evitar pensamientos y sentimientos sobre el suceso traum\u00e1tico, incapacidad para recordar aspectos importantes del trauma, sensaci\u00f3n de un futuro incierto, dificultades para conciliar y mantener el sue\u00f1o, dificultades para concentrarse, elementos todos que confluyen en una profunda perturbaci\u00f3n del equilibrio ps\u00edquico que hasta ese momento el entrevistado hab\u00eda logrado y su v\u00ednculo con el mundo exterior\u00bb.<\/p>\n<p>&nbsp;<\/p>\n<p>&nbsp;<\/p>\n<p>&nbsp;<\/p>\n<p>&nbsp;<\/p>\n<p>&nbsp;<\/p>\n<p>&nbsp;<\/p>\n<p>&nbsp;<\/p>\n<p>&nbsp;<\/p>\n<p>&nbsp;<\/p>\n<p>&nbsp;<\/p>\n<p>&nbsp;<\/p>\n<p>&nbsp;<\/p>\n<p>&nbsp;<\/p>\n<p>&nbsp;<\/p>\n<p>&nbsp;<\/p>\n","protected":false},"excerpt":{"rendered":"<p>Mientras se aguarda que la fiscal Susana Alonso eleve la causa a juicio, el abogado de Diego Alejandro Gonz\u00e1lez, el hombre torturado el a\u00f1o pasado en la Seccional Primera de Polic\u00eda de Olavarr\u00eda, Gustavo Scotto, confirm\u00f3 que en los pr\u00f3ximos d\u00edas presentar\u00e1 una demanda civil contra los oficiales imputados y el Estado provincial, que es responsable por los actos de [&#8230;]<\/p>\n","protected":false},"author":4,"featured_media":0,"comment_status":"open","ping_status":"open","sticky":false,"template":"","format":"standard","meta":{"_jetpack_newsletter_access":"","_jetpack_dont_email_post_to_subs":false,"_jetpack_newsletter_tier_id":0,"_jetpack_memberships_contains_paywalled_content":false,"_jetpack_memberships_contains_paid_content":false,"footnotes":""},"categories":[1],"tags":[],"class_list":["post-16686","post","type-post","status-publish","format-standard","hentry","category-sociedad"],"jetpack_featured_media_url":"","jetpack_shortlink":"https:\/\/wp.me\/p2JWE0-4l8","jetpack-related-posts":[{"id":31594,"url":"https:\/\/www.24baires.com\/?p=31594","url_meta":{"origin":16686,"position":0},"title":"Polic\u00eda acusado de torturas en comisar\u00eda de Olavarr\u00eda sostiene su inocencia","author":"AF","date":"10\/09\/2013","format":false,"excerpt":"Est\u00e1 imputado por omisi\u00f3n de denuncia, junto con otras dos personas. Es un polic\u00eda que custodi\u00f3 durante algunas horas al hombre de 32 a\u00f1os que fue torturado. Uno de los polic\u00edas imputado por omisi\u00f3n de denuncia en una causa por torturas inflingidas en la comisar\u00eda Primera a un hombre de\u2026","rel":"","context":"En \u00abLocales\u00bb","block_context":{"text":"Locales","link":"https:\/\/www.24baires.com\/?cat=38"},"img":{"alt_text":"torturas olavarr\u00eda","src":"https:\/\/i0.wp.com\/www.24baires.com\/wp-content\/uploads\/2013\/09\/torturas-olavarr%C3%ADa.jpg?resize=350%2C200","width":350,"height":200,"srcset":"https:\/\/i0.wp.com\/www.24baires.com\/wp-content\/uploads\/2013\/09\/torturas-olavarr%C3%ADa.jpg?resize=350%2C200 1x, https:\/\/i0.wp.com\/www.24baires.com\/wp-content\/uploads\/2013\/09\/torturas-olavarr%C3%ADa.jpg?resize=525%2C300 1.5x"},"classes":[]},{"id":111849,"url":"https:\/\/www.24baires.com\/?p=111849","url_meta":{"origin":16686,"position":1},"title":"Grave: un genocida con prisi\u00f3n domiciliaria fue visto caminando sin custodio en Olavarr\u00eda","author":"GB","date":"29\/08\/2019","format":false,"excerpt":"La Comisi\u00f3n Provincial por la Memoria lo denunci\u00f3 y dej\u00f3 en manifiesto el buen estado de salud del ex polic\u00eda, Alberto Balquinta, imputado por delitos de lesa humanidad en la causa Monte Pelloni. Luego que el Tribunal Oral Federal de Mar del Plata ratificara la prisi\u00f3n domiciliaria de Alberto Balquinta,\u2026","rel":"","context":"En \u00abMemoria\u00bb","block_context":{"text":"Memoria","link":"https:\/\/www.24baires.com\/?cat=50"},"img":{"alt_text":"","src":"https:\/\/i0.wp.com\/www.24baires.com\/wp-content\/uploads\/2019\/08\/represor.jpeg?resize=350%2C200","width":350,"height":200,"srcset":"https:\/\/i0.wp.com\/www.24baires.com\/wp-content\/uploads\/2019\/08\/represor.jpeg?resize=350%2C200 1x, https:\/\/i0.wp.com\/www.24baires.com\/wp-content\/uploads\/2019\/08\/represor.jpeg?resize=525%2C300 1.5x"},"classes":[]},{"id":107767,"url":"https:\/\/www.24baires.com\/?p=107767","url_meta":{"origin":16686,"position":2},"title":"Detuvieron al secretario general de la Uocra seccional Olavarr\u00eda","author":"GB","date":"23\/04\/2019","format":false,"excerpt":"Se trata de Roberto D\u2019Amico, de 78 a\u00f1os. Lo aprehendieron en una casa de calle Cortes al 2800. Es el tercer integrante de esa seccional del gremio que fue apresado. Los otros dos, pasan sus d\u00edas en la c\u00e1rcel de Sierra Chica El secretario General de la Uocra, seccional Olavarr\u00eda,\u2026","rel":"","context":"En \u00abMunicipios\u00bb","block_context":{"text":"Municipios","link":"https:\/\/www.24baires.com\/?cat=44"},"img":{"alt_text":"","src":"","width":0,"height":0},"classes":[]},{"id":121723,"url":"https:\/\/www.24baires.com\/?p=121723","url_meta":{"origin":16686,"position":3},"title":"Acampe de los municipales de Olavarr\u00eda y tensi\u00f3n con la polic\u00eda","author":"GB","date":"08\/10\/2024","format":false,"excerpt":"La polic\u00eda acudi\u00f3 al acampe de los municipales de Olavarr\u00eda ante una denuncia por \u201cruidos molestos\u201d. El sindicato denuncia \u201crepresi\u00f3n\u201d y culpa a Wesner. El momento m\u00e1s tenso desde que los trabajadores municipales de Olavarr\u00eda decidieron acampanar frente al Palacio Comunal se vivi\u00f3 este lunes, cuando la polic\u00eda intent\u00f3 ingresar\u2026","rel":"","context":"En \u00abMunicipios\u00bb","block_context":{"text":"Municipios","link":"https:\/\/www.24baires.com\/?cat=44"},"img":{"alt_text":"","src":"https:\/\/i0.wp.com\/www.24baires.com\/wp-content\/uploads\/2024\/10\/acampe-olavarria.webp?resize=350%2C200","width":350,"height":200,"srcset":"https:\/\/i0.wp.com\/www.24baires.com\/wp-content\/uploads\/2024\/10\/acampe-olavarria.webp?resize=350%2C200 1x, https:\/\/i0.wp.com\/www.24baires.com\/wp-content\/uploads\/2024\/10\/acampe-olavarria.webp?resize=525%2C300 1.5x, https:\/\/i0.wp.com\/www.24baires.com\/wp-content\/uploads\/2024\/10\/acampe-olavarria.webp?resize=700%2C400 2x"},"classes":[]},{"id":104686,"url":"https:\/\/www.24baires.com\/?p=104686","url_meta":{"origin":16686,"position":4},"title":"Olavarr\u00eda: aprueban un paquete de medidas que busca combatir la pobreza y el hambre","author":"GB","date":"28\/09\/2018","format":false,"excerpt":"El proyecto cont\u00f3 con el apoyo de Foro Olavarr\u00eda, el Frente Renovador, Radicales Convergentes y Unidad Ciudadana. El bloque oficialista de Cambiemos vot\u00f3 en contra. La resoluci\u00f3n otorga m\u00e1s dinero a los comedores y merenderos para comprar comida. Una jornada tensa se vivi\u00f3 ayer en el Concejo Deliberante de Olavarr\u00eda\u2026","rel":"","context":"En \u00abMunicipios\u00bb","block_context":{"text":"Municipios","link":"https:\/\/www.24baires.com\/?cat=44"},"img":{"alt_text":"","src":"https:\/\/i0.wp.com\/www.24baires.com\/wp-content\/uploads\/2016\/06\/galli-olavarr%C3%ACa-300x164.jpg?resize=350%2C200","width":350,"height":200},"classes":[]},{"id":101485,"url":"https:\/\/www.24baires.com\/?p=101485","url_meta":{"origin":16686,"position":5},"title":"Olavarr\u00eda: mat\u00f3 a su mujer y a sus dos hijos e incendi\u00f3 la casa","author":"AF","date":"08\/04\/2018","format":false,"excerpt":"Un hombre fue detenido por la Polic\u00eda Bonaerense por ser el presunto autor de un triple homicidio, de su esposa y sus dos hijos, en el partido bonaerense de Olavarr\u00eda. El hermano del homicida fue apresado por presunto encubrimiento. A ra\u00edz de un llamado al 911 que alertaba sobre el\u2026","rel":"","context":"En \u00abPoliciales\u00bb","block_context":{"text":"Policiales","link":"https:\/\/www.24baires.com\/?cat=49"},"img":{"alt_text":"","src":"https:\/\/i0.wp.com\/www.24baires.com\/wp-content\/uploads\/2018\/04\/ola.jpg?resize=350%2C200","width":350,"height":200,"srcset":"https:\/\/i0.wp.com\/www.24baires.com\/wp-content\/uploads\/2018\/04\/ola.jpg?resize=350%2C200 1x, https:\/\/i0.wp.com\/www.24baires.com\/wp-content\/uploads\/2018\/04\/ola.jpg?resize=525%2C300 1.5x"},"classes":[]}],"jetpack_sharing_enabled":true,"jetpack_likes_enabled":true,"_links":{"self":[{"href":"https:\/\/www.24baires.com\/index.php?rest_route=\/wp\/v2\/posts\/16686","targetHints":{"allow":["GET"]}}],"collection":[{"href":"https:\/\/www.24baires.com\/index.php?rest_route=\/wp\/v2\/posts"}],"about":[{"href":"https:\/\/www.24baires.com\/index.php?rest_route=\/wp\/v2\/types\/post"}],"author":[{"embeddable":true,"href":"https:\/\/www.24baires.com\/index.php?rest_route=\/wp\/v2\/users\/4"}],"replies":[{"embeddable":true,"href":"https:\/\/www.24baires.com\/index.php?rest_route=%2Fwp%2Fv2%2Fcomments&post=16686"}],"version-history":[{"count":1,"href":"https:\/\/www.24baires.com\/index.php?rest_route=\/wp\/v2\/posts\/16686\/revisions"}],"predecessor-version":[{"id":16687,"href":"https:\/\/www.24baires.com\/index.php?rest_route=\/wp\/v2\/posts\/16686\/revisions\/16687"}],"wp:attachment":[{"href":"https:\/\/www.24baires.com\/index.php?rest_route=%2Fwp%2Fv2%2Fmedia&parent=16686"}],"wp:term":[{"taxonomy":"category","embeddable":true,"href":"https:\/\/www.24baires.com\/index.php?rest_route=%2Fwp%2Fv2%2Fcategories&post=16686"},{"taxonomy":"post_tag","embeddable":true,"href":"https:\/\/www.24baires.com\/index.php?rest_route=%2Fwp%2Fv2%2Ftags&post=16686"}],"curies":[{"name":"wp","href":"https:\/\/api.w.org\/{rel}","templated":true}]}}