{"id":16680,"date":"2013-02-25T09:00:04","date_gmt":"2013-02-25T12:00:04","guid":{"rendered":"http:\/\/www.24baires.com\/?p=16680"},"modified":"2013-02-25T10:51:19","modified_gmt":"2013-02-25T13:51:19","slug":"docentes-medicos-y-estatales-paran-hoy-en-la-provincia","status":"publish","type":"post","link":"https:\/\/www.24baires.com\/?p=16680","title":{"rendered":"Docentes, m\u00e9dicos y estatales paran hoy en la Provincia"},"content":{"rendered":"<p>En el marco de sus reclamos por aumentos salariales, los docentes, los estatales de ATE y los m\u00e9dicos de Cicop realizan una medida de fuerza que mantiene sin actividad a las escuelas, organismos p\u00fablicos y hospitales.<!--more--><!--more--><br \/>\nEl Frente Gremial Docente bonaerense que comandan FEB y Suteba realiza un paro de 48 horas que impide el normal inicio de clases para los cerca de 3 millones de chicos de los niveles inicial y primario.<br \/>\nPor su parte, estatales y m\u00e9dicos de los 77 hospitales p\u00fablicos tambi\u00e9n realizan medidas de fuerzas en reclamo de aumento de salarios.<br \/>\nLa CICOP anunci\u00f3 tambi\u00e9n que el lunes 4 de marzo brindar\u00e1 una conferencia de prensa en el hospital Fiorito de Avellaneda, para denunciar \u201cla crisis sanitaria que atraviesa la Provincia y la Naci\u00f3n\u201d.<br \/>\nCon respecto a la situaci\u00f3n docente, el titular de SUTEBA, Roberto Baradel asegur\u00f3 que \u201cen caso de que esto no se resuelva, vamos a reunirnos y plantear nuevas medidas\u201d.<br \/>\nAdem\u00e1s, Baradel sugiri\u00f3 que Scioli \u201cdiga cu\u00e1nto es el aporte que recibe del gobierno nacional\u201d para demostrar que \u201cno es s\u00f3lo falta de dinero, sino un problema de gesti\u00f3n\u201d por lo que no se realiza una oferta superadora para los maestros.<br \/>\nEl gremialista record\u00f3 que, hasta el momento, con los otros sindicatos que integran el Frente Gremial Bonaerense se ha definido hacer 48 horas de paro este lunes y martes, \u201cactividades distritales el mi\u00e9rcoles\u201d y el jueves \u201cuna movilizaci\u00f3n a la Casa de la Provincia\u201d.<\/p>\n<p>&nbsp;<\/p>\n<p>&nbsp;<\/p>\n<p>&nbsp;<\/p>\n<p>&nbsp;<\/p>\n<p>&nbsp;<\/p>\n<p>&nbsp;<\/p>\n<p>&nbsp;<\/p>\n<p>&nbsp;<\/p>\n<p>&nbsp;<\/p>\n<p>&nbsp;<\/p>\n<p>&nbsp;<\/p>\n<p>&nbsp;<\/p>\n<p>&nbsp;<\/p>\n<p>&nbsp;<\/p>\n","protected":false},"excerpt":{"rendered":"<p>En el marco de sus reclamos por aumentos salariales, los docentes, los estatales de ATE y los m\u00e9dicos de Cicop realizan una medida de fuerza que mantiene sin actividad a las escuelas, organismos p\u00fablicos y hospitales.<\/p>\n","protected":false},"author":4,"featured_media":0,"comment_status":"open","ping_status":"open","sticky":false,"template":"","format":"standard","meta":{"_jetpack_newsletter_access":"","_jetpack_dont_email_post_to_subs":false,"_jetpack_newsletter_tier_id":0,"_jetpack_memberships_contains_paywalled_content":false,"_jetpack_memberships_contains_paid_content":false,"footnotes":""},"categories":[1],"tags":[],"class_list":["post-16680","post","type-post","status-publish","format-standard","hentry","category-sociedad"],"jetpack_featured_media_url":"","jetpack_shortlink":"https:\/\/wp.me\/p2JWE0-4l2","jetpack-related-posts":[{"id":101290,"url":"https:\/\/www.24baires.com\/?p=101290","url_meta":{"origin":16680,"position":0},"title":"Docentes bonaerenses parar\u00e1n el jueves 5 de abril","author":"AF","date":"26\/03\/2018","format":false,"excerpt":"Los gremios que componen el Frente de Unidad Docente (FUD) -Suteba, FEB, Udocba y Amet- parar\u00e1n el jueves 5 de abril, junto a los estatales de ATE, los m\u00e9dicos de Cicop y los judiciales de AJB. La medida ser\u00e1 anunciada ma\u00f1ana en conferencia de prensa por representantes de todos los\u2026","rel":"","context":"En \u00abSociedad\u00bb","block_context":{"text":"Sociedad","link":"https:\/\/www.24baires.com\/?cat=1"},"img":{"alt_text":"","src":"https:\/\/i0.wp.com\/www.24baires.com\/wp-content\/uploads\/2017\/11\/docentes.jpg?resize=350%2C200","width":350,"height":200,"srcset":"https:\/\/i0.wp.com\/www.24baires.com\/wp-content\/uploads\/2017\/11\/docentes.jpg?resize=350%2C200 1x, https:\/\/i0.wp.com\/www.24baires.com\/wp-content\/uploads\/2017\/11\/docentes.jpg?resize=525%2C300 1.5x"},"classes":[]},{"id":101270,"url":"https:\/\/www.24baires.com\/?p=101270","url_meta":{"origin":16680,"position":1},"title":"Estatales, docentes, m\u00e9dicos y judiciales instalar\u00e1n una carpa frente a gobernaci\u00f3n","author":"GB","date":"26\/03\/2018","format":false,"excerpt":"ATE, Cicop, AJB junto a Suteba, FEB y Udocba resolvieron la medida para expresar el rechazo de 15% de incremento salarial a la gobernadora Mar\u00eda Eugenia Vidal. La semana se prev\u00e9 un posible paro con movilizaci\u00f3n. Finalmente los estatales bonaerenses unificaron sus reclamos salariales e instalar\u00e1n una carpa frente a\u2026","rel":"","context":"En \u00abProvincia\u00bb","block_context":{"text":"Provincia","link":"https:\/\/www.24baires.com\/?cat=40"},"img":{"alt_text":"","src":"https:\/\/i0.wp.com\/www.24baires.com\/wp-content\/uploads\/2018\/03\/ate-docentes-300x200.jpg?resize=350%2C200","width":350,"height":200},"classes":[]},{"id":101142,"url":"https:\/\/www.24baires.com\/?p=101142","url_meta":{"origin":16680,"position":2},"title":"Estatales y docentes ponen en marcha la unidad y planean medidas en conjunto","author":"GB","date":"19\/03\/2018","format":false,"excerpt":"Cuatro gremios que representan a trabajadores estatales de la provincia de Buenos Aires \u2013ATE, docentes de Suteba, m\u00e9dicos de Cicop y judiciales de la AJB- ratificaron que planean realizar medidas en conjunto tras presentar un documento de unidad con reclamos salariales y laborales al Gobierno de Mar\u00eda Eugenia Vidal. En\u2026","rel":"","context":"En \u00abProvincia\u00bb","block_context":{"text":"Provincia","link":"https:\/\/www.24baires.com\/?cat=40"},"img":{"alt_text":"","src":"https:\/\/i0.wp.com\/www.24baires.com\/wp-content\/uploads\/2018\/03\/ate-docentes-300x200.jpg?resize=350%2C200","width":350,"height":200},"classes":[]},{"id":107890,"url":"https:\/\/www.24baires.com\/?p=107890","url_meta":{"origin":16680,"position":3},"title":"Paro nacional: los principales gremios docentes de la provincia se suman a la medida de fuerza ma\u00f1ana. Adem\u00e1s parar\u00e1n ATE, CICOP y AJB.","author":"AF","date":"29\/04\/2019","format":false,"excerpt":"En el marco del paro nacional que realizar\u00e1n algunos sindicatos, los principales gremios docentes de la provincia de Buenos Aires no dictar\u00e1n clases durante el martes, medida a la que se suman adem\u00e1s los estatales de ATE, profesionales de la salud de Cicop y judiciales de la AJB. M\u00e1s all\u00e1\u2026","rel":"","context":"En \u00abSociedad\u00bb","block_context":{"text":"Sociedad","link":"https:\/\/www.24baires.com\/?cat=1"},"img":{"alt_text":"","src":"https:\/\/i0.wp.com\/www.24baires.com\/wp-content\/uploads\/2012\/11\/paro-docente.jpg?resize=350%2C200","width":350,"height":200,"srcset":"https:\/\/i0.wp.com\/www.24baires.com\/wp-content\/uploads\/2012\/11\/paro-docente.jpg?resize=350%2C200 1x, https:\/\/i0.wp.com\/www.24baires.com\/wp-content\/uploads\/2012\/11\/paro-docente.jpg?resize=525%2C300 1.5x"},"classes":[]},{"id":104948,"url":"https:\/\/www.24baires.com\/?p=104948","url_meta":{"origin":16680,"position":4},"title":"Docentes bonaerenses parar\u00e1n jueves y viernes","author":"GB","date":"16\/10\/2018","format":false,"excerpt":"Lo anunciaron este mediod\u00eda, durante una conferencia de prensa de la que participaron gremios estatales. Con los dos nuevos d\u00edas de paro, las jornadas perdidas de clase trepan a 26. Los gremios reunidos en el Frente de Unidad Docente anunciaron este mediod\u00eda nuevas medidas de fuerza para rechazar las pol\u00edticas\u2026","rel":"","context":"En \u00abProvincia\u00bb","block_context":{"text":"Provincia","link":"https:\/\/www.24baires.com\/?cat=40"},"img":{"alt_text":"","src":"https:\/\/i0.wp.com\/www.24baires.com\/wp-content\/uploads\/2018\/04\/paro-docente.jpg?resize=350%2C200","width":350,"height":200,"srcset":"https:\/\/i0.wp.com\/www.24baires.com\/wp-content\/uploads\/2018\/04\/paro-docente.jpg?resize=350%2C200 1x, https:\/\/i0.wp.com\/www.24baires.com\/wp-content\/uploads\/2018\/04\/paro-docente.jpg?resize=525%2C300 1.5x"},"classes":[]},{"id":101449,"url":"https:\/\/www.24baires.com\/?p=101449","url_meta":{"origin":16680,"position":5},"title":"Baradel: \u00abLa intenci\u00f3n de Vidal no es solucionar el conflicto, es disciplinar\u00bb","author":"AF","date":"05\/04\/2018","format":false,"excerpt":"El titular de Suteba destac\u00f3 la masiva marcha a La Plata y el alto acatamiento del paro docente que integr\u00f2 a estatales bonaerenses \"en rechazo al ajuste y al 15% de aumento salarial\" ofrecido por el gobierno provincial. El titular de Suteba, Roberto Baradel, destac\u00f3 el alto acatamiento del paro\u2026","rel":"","context":"En \u00abSociedad\u00bb","block_context":{"text":"Sociedad","link":"https:\/\/www.24baires.com\/?cat=1"},"img":{"alt_text":"","src":"https:\/\/i0.wp.com\/www.24baires.com\/wp-content\/uploads\/2017\/07\/baradel.jpg?resize=350%2C200","width":350,"height":200,"srcset":"https:\/\/i0.wp.com\/www.24baires.com\/wp-content\/uploads\/2017\/07\/baradel.jpg?resize=350%2C200 1x, https:\/\/i0.wp.com\/www.24baires.com\/wp-content\/uploads\/2017\/07\/baradel.jpg?resize=525%2C300 1.5x"},"classes":[]}],"jetpack_sharing_enabled":true,"jetpack_likes_enabled":true,"_links":{"self":[{"href":"https:\/\/www.24baires.com\/index.php?rest_route=\/wp\/v2\/posts\/16680","targetHints":{"allow":["GET"]}}],"collection":[{"href":"https:\/\/www.24baires.com\/index.php?rest_route=\/wp\/v2\/posts"}],"about":[{"href":"https:\/\/www.24baires.com\/index.php?rest_route=\/wp\/v2\/types\/post"}],"author":[{"embeddable":true,"href":"https:\/\/www.24baires.com\/index.php?rest_route=\/wp\/v2\/users\/4"}],"replies":[{"embeddable":true,"href":"https:\/\/www.24baires.com\/index.php?rest_route=%2Fwp%2Fv2%2Fcomments&post=16680"}],"version-history":[{"count":2,"href":"https:\/\/www.24baires.com\/index.php?rest_route=\/wp\/v2\/posts\/16680\/revisions"}],"predecessor-version":[{"id":16682,"href":"https:\/\/www.24baires.com\/index.php?rest_route=\/wp\/v2\/posts\/16680\/revisions\/16682"}],"wp:attachment":[{"href":"https:\/\/www.24baires.com\/index.php?rest_route=%2Fwp%2Fv2%2Fmedia&parent=16680"}],"wp:term":[{"taxonomy":"category","embeddable":true,"href":"https:\/\/www.24baires.com\/index.php?rest_route=%2Fwp%2Fv2%2Fcategories&post=16680"},{"taxonomy":"post_tag","embeddable":true,"href":"https:\/\/www.24baires.com\/index.php?rest_route=%2Fwp%2Fv2%2Ftags&post=16680"}],"curies":[{"name":"wp","href":"https:\/\/api.w.org\/{rel}","templated":true}]}}