{"id":16659,"date":"2013-02-24T21:30:19","date_gmt":"2013-02-25T00:30:19","guid":{"rendered":"http:\/\/www.24baires.com\/?p=16659"},"modified":"2013-02-24T21:30:19","modified_gmt":"2013-02-25T00:30:19","slug":"decenas-de-bandas-rinden-tres-dias-de-homenaje-a-pappo","status":"publish","type":"post","link":"https:\/\/www.24baires.com\/?p=16659","title":{"rendered":"Decenas de bandas rinden tres d\u00edas de homenaje a Pappo"},"content":{"rendered":"<p><img data-recalc-dims=\"1\" loading=\"lazy\" decoding=\"async\" class=\"aligncenter size-full wp-image-15202\" alt=\"pappo\" src=\"https:\/\/i0.wp.com\/www.24baires.com\/wp-content\/uploads\/2013\/02\/pappo.jpg?resize=560%2C352\" width=\"560\" height=\"352\" srcset=\"https:\/\/i0.wp.com\/www.24baires.com\/wp-content\/uploads\/2013\/02\/pappo.jpg?w=560&amp;ssl=1 560w, https:\/\/i0.wp.com\/www.24baires.com\/wp-content\/uploads\/2013\/02\/pappo.jpg?resize=300%2C188&amp;ssl=1 300w\" sizes=\"auto, (max-width: 560px) 100vw, 560px\" \/><\/p>\n<p><strong>LUJ\u00c1N.-<\/strong> A ocho a\u00f1os del fallecimiento del Carpo, este viernes comenzaron los recitales en su recuerdo, organizados por su hijo Luciano. Durante el fin de semana, pasaron m\u00e1s de 70 bandas por el escenario ubicado en el predio del barrio San Emilio del Club Luj\u00e1n.\u00a0<!--more--><\/p>\n<p>Durante la tarde del viernes, el predio del barrio San Emilio que tiene el Club Luj\u00e1n fue tomando color con el correr de las horas. Hasta que por la noche comenzaron los recitales que, adem\u00e1s, iniciaron el homenaje a Pappo Napolitano en el octavo aniversario de su fallecimiento, ocurrido el 25 de febrero de 2005 en un tr\u00e1gico accidente ocurrido en el kil\u00f3metro 71,5 de la ruta nacional 5.<br \/>\nEn el primer d\u00eda de recitales, que se extender\u00e1 hasta el domingo inclusive, la apertura estuvo a cargo de las bandas locales: Las gordas y Maldita Milonga. Luego, pasaron las bandas Monz\u00f3n del rock, Los templarios, Rockear, Sin apuros, Jeriko, Sordidez, La 250, Tribu t\u00f3xica, Magnun 44 y La naranja, entre otros. Por su parte, Luciano Napolitano, hijo del Carpo y encargado de la organizaci\u00f3n, que estuvo toda la tarde en el predio, adelant\u00f3 que este s\u00e1bado se presentar\u00e1n los hist\u00f3ricos grupos Vox Dei y Horcas.<br \/>\n\u00abContaremos con m\u00e1s de 75 bandas locales y de diferentes provincias de nuestro pa\u00eds; adem\u00e1s, la presencia de m\u00fasicos internacionales y como siempre con m\u00fasicos invitados de gran prestigio de nuestro rock que participar\u00e1n del homenaje. Sin dudas nos esperan tres d\u00edas con el mejor rock. Contaremos con todos los servicios necesarios para la estad\u00eda: lugar para acampar, ba\u00f1os qu\u00edmicos, seguridad, servicio de ambulancia, bomberos, vestuarios, servicio de cantinas con variedad de comidas y bebida (precios populares y econ\u00f3micos), almac\u00e9n, kiosco, estacionamiento de autos y motos, castillos inflables a disposici\u00f3n de los m\u00e1s chiquitos\u00bb, detallaron los organizadores<br \/>\nLa entrada es libre y gratuita, aunque solicitaron a los asistentes la donaci\u00f3n de alimentos no perecederos que ser\u00e1n destinados a una escuelita y un comedor comunitario de nuestra ciudad.<\/p>\n<p><img data-recalc-dims=\"1\" loading=\"lazy\" decoding=\"async\" class=\"aligncenter size-full wp-image-16660\" alt=\"pappo_lucianonapolitano\" src=\"https:\/\/i0.wp.com\/www.24baires.com\/wp-content\/uploads\/2013\/02\/pappo_lucianonapolitano.jpg?resize=560%2C334\" width=\"560\" height=\"334\" srcset=\"https:\/\/i0.wp.com\/www.24baires.com\/wp-content\/uploads\/2013\/02\/pappo_lucianonapolitano.jpg?w=560&amp;ssl=1 560w, https:\/\/i0.wp.com\/www.24baires.com\/wp-content\/uploads\/2013\/02\/pappo_lucianonapolitano.jpg?resize=300%2C178&amp;ssl=1 300w\" sizes=\"auto, (max-width: 560px) 100vw, 560px\" \/><br \/>\nDesde el 2006 y hasta el 2010, los homenajes se realizaron en el mismo lugar del accidente, donde se levant\u00f3 un monumento en su memoria. Pero la gran convocatoria que fue tomando el evento gener\u00f3 la obligaci\u00f3n de mudarlo de escenario ante la peligrosidad de la zona por el intenso tr\u00e1nsito de veh\u00edculos. En el 2011, el lugar elegido fue el Campo Municipal de Deportes, donde participaron m\u00e1s de 14.000 personas. Mientras que el a\u00f1o pasado el marat\u00f3nico recital regres\u00f3 a la vera de la ruta 5, en el predio que el Club Luj\u00e1n posee en el barrio San Emilio. \u00abFueron tres d\u00edas de rock sin precedente\u00bb, afirmaron.<br \/>\nEn ese mismo lugar, desde el viernes 22, a partir de las 15, seg\u00fan el programa anunciado, se recibir\u00e1n \u00aba los seguidores que quieran homenajearlo, continuando el d\u00eda s\u00e1bado a partir de las 10. Y finalizando la jornada este domingo desde las 10.<\/p>\n<p>&nbsp;<\/p>\n<p>&nbsp;<\/p>\n<p>&nbsp;<\/p>\n<p>&nbsp;<\/p>\n<p>&nbsp;<\/p>\n","protected":false},"excerpt":{"rendered":"<p>LUJ\u00c1N.- A ocho a\u00f1os del fallecimiento del Carpo, este viernes comenzaron los recitales en su recuerdo, organizados por su hijo Luciano. Durante el fin de semana, pasaron m\u00e1s de 70 bandas por el escenario ubicado en el predio del barrio San Emilio del Club Luj\u00e1n.\u00a0<\/p>\n","protected":false},"author":11,"featured_media":0,"comment_status":"open","ping_status":"open","sticky":false,"template":"","format":"standard","meta":{"_jetpack_newsletter_access":"","_jetpack_dont_email_post_to_subs":false,"_jetpack_newsletter_tier_id":0,"_jetpack_memberships_contains_paywalled_content":false,"_jetpack_memberships_contains_paid_content":false,"footnotes":""},"categories":[1],"tags":[],"class_list":["post-16659","post","type-post","status-publish","format-standard","hentry","category-sociedad"],"jetpack_featured_media_url":"","jetpack_shortlink":"https:\/\/wp.me\/p2JWE0-4kH","jetpack-related-posts":[{"id":15200,"url":"https:\/\/www.24baires.com\/?p=15200","url_meta":{"origin":16659,"position":0},"title":"Luj\u00e1n se prepara para ser sede del homenaje a Pappo a ocho a\u00f1os de su muerte","author":"AF","date":"09\/02\/2013","format":false,"excerpt":"En el octavo aniversario del fallecimiento de Norberto Pappo Napolitano, ocurrido el 25 de febrero de 2005, realizar\u00e1n un nuevo homenaje al m\u00fasico a puro rock y blues. El evento es organizado por su hijo, Luciano, y ser\u00e1 en el Club Luj\u00e1n entre los d\u00edas 22 y 24 del corriente.\u2026","rel":"","context":"En \u00abSociedad\u00bb","block_context":{"text":"Sociedad","link":"https:\/\/www.24baires.com\/?cat=1"},"img":{"alt_text":"pappo","src":"https:\/\/i0.wp.com\/www.24baires.com\/wp-content\/uploads\/2013\/02\/pappo.jpg?resize=350%2C200","width":350,"height":200,"srcset":"https:\/\/i0.wp.com\/www.24baires.com\/wp-content\/uploads\/2013\/02\/pappo.jpg?resize=350%2C200 1x, https:\/\/i0.wp.com\/www.24baires.com\/wp-content\/uploads\/2013\/02\/pappo.jpg?resize=525%2C300 1.5x"},"classes":[]},{"id":37993,"url":"https:\/\/www.24baires.com\/?p=37993","url_meta":{"origin":16659,"position":1},"title":"La Costa festeja los 40 en la m\u00fasica de Don Vilanova","author":"Grupo Sierra","date":"06\/01\/2014","format":false,"excerpt":"El guitarrista y cantautor de rock & blues Don Vilanova (Botafogo) continuar\u00e1 festejando sus 40 a\u00f1os de carrera con una serie de recitales durante enero por la costa atl\u00e1ntica. Miguel Vilanova, que debut\u00f3 a los 17 a\u00f1os como profesional con la legendaria agrupaci\u00f3n Pappo\u00b4s Blues, nunca m\u00e1s dejo de sonar,\u2026","rel":"","context":"En \u00abEspectaculos\u00bb","block_context":{"text":"Espectaculos","link":"https:\/\/www.24baires.com\/?cat=41"},"img":{"alt_text":"don_vilanova","src":"https:\/\/i0.wp.com\/www.24baires.com\/wp-content\/uploads\/2014\/01\/don_vilanova.jpg?resize=350%2C200","width":350,"height":200,"srcset":"https:\/\/i0.wp.com\/www.24baires.com\/wp-content\/uploads\/2014\/01\/don_vilanova.jpg?resize=350%2C200 1x, https:\/\/i0.wp.com\/www.24baires.com\/wp-content\/uploads\/2014\/01\/don_vilanova.jpg?resize=525%2C300 1.5x"},"classes":[]},{"id":55504,"url":"https:\/\/www.24baires.com\/?p=55504","url_meta":{"origin":16659,"position":2},"title":"La Beriso presentar\u00e1 \u00abHistorias\u00bb durante una gira por distintos puntos del pa\u00eds","author":"GB","date":"16\/10\/2014","format":false,"excerpt":"La banda de Avellaneda La Beriso iniciar\u00e1 ma\u00f1ana la gira presentaci\u00f3n de \"Historias\", cuarto trabajo discogr\u00e1fico de estudio que navega las medio tempo con el ADN bien marcado del rock argentino, con shows por distintos puntos del pa\u00eds. La seguidilla de recitales que comenzar\u00e1 el viernes 17 en Molino Marconetti\u2026","rel":"","context":"En \u00abEspectaculos\u00bb","block_context":{"text":"Espectaculos","link":"https:\/\/www.24baires.com\/?cat=41"},"img":{"alt_text":"la beriso","src":"https:\/\/i0.wp.com\/www.24baires.com\/wp-content\/uploads\/2014\/10\/la-beriso.jpg?resize=350%2C200","width":350,"height":200,"srcset":"https:\/\/i0.wp.com\/www.24baires.com\/wp-content\/uploads\/2014\/10\/la-beriso.jpg?resize=350%2C200 1x, https:\/\/i0.wp.com\/www.24baires.com\/wp-content\/uploads\/2014\/10\/la-beriso.jpg?resize=525%2C300 1.5x"},"classes":[]},{"id":93499,"url":"https:\/\/www.24baires.com\/?p=93499","url_meta":{"origin":16659,"position":3},"title":"La Renga denunci\u00f3 \u00abodio y discriminaci\u00f3n\u00bb tras la suspensi\u00f3n de su show","author":"GB","date":"31\/03\/2017","format":false,"excerpt":"En un comunicado, el grupo de rock La Renga denunci\u00f3 \"las propias inseguridades (del gobierno sanjuanino) alimentadas por el odio y la desinformaci\u00f3n\" tras la suspensi\u00f3n del recital que iban a realizar en esa provincia el 29 de abril. El convocante grupo rockero argentino La Renga consider\u00f3 que la decisi\u00f3n\u2026","rel":"","context":"En \u00abEspectaculos\u00bb","block_context":{"text":"Espectaculos","link":"https:\/\/www.24baires.com\/?cat=41"},"img":{"alt_text":"","src":"https:\/\/i0.wp.com\/www.24baires.com\/wp-content\/uploads\/2017\/03\/la-renga.jpg?resize=350%2C200","width":350,"height":200,"srcset":"https:\/\/i0.wp.com\/www.24baires.com\/wp-content\/uploads\/2017\/03\/la-renga.jpg?resize=350%2C200 1x, https:\/\/i0.wp.com\/www.24baires.com\/wp-content\/uploads\/2017\/03\/la-renga.jpg?resize=525%2C300 1.5x"},"classes":[]},{"id":93377,"url":"https:\/\/www.24baires.com\/?p=93377","url_meta":{"origin":16659,"position":4},"title":"El Intendente de Olavarr\u00eda neg\u00f3 ser responsable de las muertes durante el recital del Indio","author":"AF","date":"28\/03\/2017","format":false,"excerpt":"Ezequiel Galli apunt\u00f3 hacia los organizadores y la polic\u00eda encargada del operativo de seguridad. Anoche fue interpelado por el Concejo Deliberante local con m\u00e1s de 300 preguntas. El intendente de Olavarr\u00eda, Ezequiel Galli, deslind\u00f3 la responsabilidad del municipio en las dos muertes ocurridas durante el recital del \"Indio\" Solari en\u2026","rel":"","context":"En \u00abSociedad\u00bb","block_context":{"text":"Sociedad","link":"https:\/\/www.24baires.com\/?cat=1"},"img":{"alt_text":"","src":"https:\/\/i0.wp.com\/www.24baires.com\/wp-content\/uploads\/2017\/03\/recital-indio-1.jpg?resize=350%2C200","width":350,"height":200,"srcset":"https:\/\/i0.wp.com\/www.24baires.com\/wp-content\/uploads\/2017\/03\/recital-indio-1.jpg?resize=350%2C200 1x, https:\/\/i0.wp.com\/www.24baires.com\/wp-content\/uploads\/2017\/03\/recital-indio-1.jpg?resize=525%2C300 1.5x"},"classes":[]},{"id":43784,"url":"https:\/\/www.24baires.com\/?p=43784","url_meta":{"origin":16659,"position":5},"title":"M\u00e1s de 170 mil personas vibraron en el recital del Indio","author":"GB","date":"13\/04\/2014","format":false,"excerpt":"El Indio Solari convoc\u00f3 m\u00e1s de 170.000 personas en el Hip\u00f3dromo de la ciudad entrerriana, que presenciaron la experiencia del reencuentro sobre tablas de algunos de los m\u00fasicos hist\u00f3ricos de Patricio Rey y sus Redonditos de Ricota, disuelta en 2001. Durante una noche fr\u00eda, en la cual el barro cubr\u00eda\u2026","rel":"","context":"En \u00abEspectaculos\u00bb","block_context":{"text":"Espectaculos","link":"https:\/\/www.24baires.com\/?cat=41"},"img":{"alt_text":"indio solari","src":"https:\/\/i0.wp.com\/www.24baires.com\/wp-content\/uploads\/2014\/04\/indio-solari.jpg?resize=350%2C200","width":350,"height":200,"srcset":"https:\/\/i0.wp.com\/www.24baires.com\/wp-content\/uploads\/2014\/04\/indio-solari.jpg?resize=350%2C200 1x, https:\/\/i0.wp.com\/www.24baires.com\/wp-content\/uploads\/2014\/04\/indio-solari.jpg?resize=525%2C300 1.5x"},"classes":[]}],"jetpack_sharing_enabled":true,"jetpack_likes_enabled":true,"_links":{"self":[{"href":"https:\/\/www.24baires.com\/index.php?rest_route=\/wp\/v2\/posts\/16659","targetHints":{"allow":["GET"]}}],"collection":[{"href":"https:\/\/www.24baires.com\/index.php?rest_route=\/wp\/v2\/posts"}],"about":[{"href":"https:\/\/www.24baires.com\/index.php?rest_route=\/wp\/v2\/types\/post"}],"author":[{"embeddable":true,"href":"https:\/\/www.24baires.com\/index.php?rest_route=\/wp\/v2\/users\/11"}],"replies":[{"embeddable":true,"href":"https:\/\/www.24baires.com\/index.php?rest_route=%2Fwp%2Fv2%2Fcomments&post=16659"}],"version-history":[{"count":2,"href":"https:\/\/www.24baires.com\/index.php?rest_route=\/wp\/v2\/posts\/16659\/revisions"}],"predecessor-version":[{"id":16662,"href":"https:\/\/www.24baires.com\/index.php?rest_route=\/wp\/v2\/posts\/16659\/revisions\/16662"}],"wp:attachment":[{"href":"https:\/\/www.24baires.com\/index.php?rest_route=%2Fwp%2Fv2%2Fmedia&parent=16659"}],"wp:term":[{"taxonomy":"category","embeddable":true,"href":"https:\/\/www.24baires.com\/index.php?rest_route=%2Fwp%2Fv2%2Fcategories&post=16659"},{"taxonomy":"post_tag","embeddable":true,"href":"https:\/\/www.24baires.com\/index.php?rest_route=%2Fwp%2Fv2%2Ftags&post=16659"}],"curies":[{"name":"wp","href":"https:\/\/api.w.org\/{rel}","templated":true}]}}