{"id":16649,"date":"2013-02-24T19:40:11","date_gmt":"2013-02-24T22:40:11","guid":{"rendered":"http:\/\/www.24baires.com\/?p=16649"},"modified":"2013-02-24T18:54:31","modified_gmt":"2013-02-24T21:54:31","slug":"el-parque-pereyra-iraola-celebra-su-aniversario-en-lucha-por-la-defensa-de-su-reserva","status":"publish","type":"post","link":"https:\/\/www.24baires.com\/?p=16649","title":{"rendered":"El Parque Pereyra Iraola celebra su aniversario en lucha por la defensa de su reserva"},"content":{"rendered":"<p><img data-recalc-dims=\"1\" loading=\"lazy\" decoding=\"async\" class=\"aligncenter size-full wp-image-16650\" alt=\"Parque Pereyra\" src=\"https:\/\/i0.wp.com\/www.24baires.com\/wp-content\/uploads\/2013\/02\/Parque-Pereyra.jpg?resize=560%2C311\" width=\"560\" height=\"311\" srcset=\"https:\/\/i0.wp.com\/www.24baires.com\/wp-content\/uploads\/2013\/02\/Parque-Pereyra.jpg?w=560&amp;ssl=1 560w, https:\/\/i0.wp.com\/www.24baires.com\/wp-content\/uploads\/2013\/02\/Parque-Pereyra.jpg?resize=300%2C166&amp;ssl=1 300w\" sizes=\"auto, (max-width: 560px) 100vw, 560px\" \/><\/p>\n<p>El Parque de los Derechos de la Ancianidad, m\u00e1s conocido como Pereyra Iraola, fue inaugurado por el presidente Juan Domingo Per\u00f3n y su esposa Eva Duarte un 24 de febrero de 1950. Hoy, a 63 a\u00f1os, ambientalistas y guarda-parques manifiestan su preocupaci\u00f3n por la falta de protecci\u00f3n gubernamental a una de las reservas naturales m\u00e1s importantes de Buenos Aires.<!--more--><\/p>\n<p>El predio pertenec\u00eda originalmente a la familia Pereyra Iraola, pero en 1949 fue expropiado por el gobierno peronista y declarado espacio comunitario al a\u00f1o siguiente. Con una extensi\u00f3n que supera las 10 mil hect\u00e1reas, ocupa tierras que hoy son parte de los municipios de Berazategui, Florencio Varela, Encenada y La Plata.<\/p>\n<p>La puja entre los gobiernos comunales por qui\u00e9n debe hacerse cargo del parque data de largo plazo, sin embargo en el \u00faltimo tiempo se potenci\u00f3 debido al aumento de casos de inseguridad y al notable deterioro ecol\u00f3gico que presenta la zona. Tal es as\u00ed, que en varias oportunidades los Intendentes elevaron el reclamo a la gobernaci\u00f3n de Buenos Aires para sumar colaboraci\u00f3n.<\/p>\n<p>Seg\u00fan el comunicado que emiti\u00f3 con motivo del aniversario la Asamblea Reserva de la biosfera Pereyra Iraola, el parque provincial \u201cnac\u00eda hace 63 a\u00f1os con un \u00edmpetu de solidaridad, igualdad y resguardo de la salud f\u00edsica y mental de los ciudadanos\u201d, pero \u201choy nos encuentra en plena lucha por su supervivencia dado que, ir\u00f3nicamente y contrariamente a lo que fue en la d\u00e9cada del \u00b440, la clase pol\u00edtica que le dio vida y lo larg\u00f3 a caminar, hoy hace todo lo posible para que se apague su luz\u201d.<\/p>\n<p>La Asamblea surge como movimiento de ecologistas, en su mayor\u00eda trabajadores del parque, que se opusieron al trazado de una autopista que cruzar\u00eda al \u201c\u00faltimo pulm\u00f3n verde del Gran Buenos Aires\u201d. Luego, con reuniones peri\u00f3dicas y participaci\u00f3n de los vecinos, continuaron con su lucha y difusi\u00f3n en busca de mejores condiciones ambientales para la regi\u00f3n.<\/p>\n<p>En 2008, la UNESCO declar\u00f3 Reserva de la biosfera al Parque Pereyra Iraola, con motivo de preservar la biodiversidad y evitar que se construyan edificaciones que atenten contra la naturaleza del lugar.<\/p>\n<p>&nbsp;<\/p>\n<p>&nbsp;<\/p>\n<p>&nbsp;<\/p>\n<p>&nbsp;<\/p>\n<p>&nbsp;<\/p>\n<p>&nbsp;<\/p>\n<p>&nbsp;<\/p>\n<p>&nbsp;<\/p>\n<p>&nbsp;<\/p>\n<p>&nbsp;<\/p>\n<p>&nbsp;<\/p>\n","protected":false},"excerpt":{"rendered":"<p>El Parque de los Derechos de la Ancianidad, m\u00e1s conocido como Pereyra Iraola, fue inaugurado por el presidente Juan Domingo Per\u00f3n y su esposa Eva Duarte un 24 de febrero de 1950. Hoy, a 63 a\u00f1os, ambientalistas y guarda-parques manifiestan su preocupaci\u00f3n por la falta de protecci\u00f3n gubernamental a una de las reservas naturales m\u00e1s importantes de Buenos Aires.<\/p>\n","protected":false},"author":11,"featured_media":0,"comment_status":"open","ping_status":"open","sticky":false,"template":"","format":"standard","meta":{"_jetpack_newsletter_access":"","_jetpack_dont_email_post_to_subs":false,"_jetpack_newsletter_tier_id":0,"_jetpack_memberships_contains_paywalled_content":false,"_jetpack_memberships_contains_paid_content":false,"footnotes":""},"categories":[1],"tags":[],"class_list":["post-16649","post","type-post","status-publish","format-standard","hentry","category-sociedad"],"jetpack_featured_media_url":"","jetpack_shortlink":"https:\/\/wp.me\/p2JWE0-4kx","jetpack-related-posts":[{"id":16015,"url":"https:\/\/www.24baires.com\/?p=16015","url_meta":{"origin":16649,"position":0},"title":"Preparan los festejos por el aniversario del Parque Pereyra Iraola","author":"Grupo Sierra","date":"18\/02\/2013","format":false,"excerpt":"LA PLATA.- El Ministerio de Asuntos Agrarios organiza una serie de actividades para la semana pr\u00f3xima con motivo de la celebraci\u00f3n del 63\u00ba aniversario de la inauguraci\u00f3n de Parque de los Derechos de la Ancianidad, hoy Parque Pereyra Iraola. El jueves 1\u00ba de marzo el ministro Gustavo Arrieta encabezar\u00e1 un\u2026","rel":"","context":"En \u00abLocales\u00bb","block_context":{"text":"Locales","link":"https:\/\/www.24baires.com\/?cat=38"},"img":{"alt_text":"","src":"","width":0,"height":0},"classes":[]},{"id":32106,"url":"https:\/\/www.24baires.com\/?p=32106","url_meta":{"origin":16649,"position":1},"title":"Denuncian abandono del Parque Pereyra Iraola, la zona de mayor biodiversidad en la Provincia","author":"AF","date":"19\/09\/2013","format":false,"excerpt":"El Foro para la Defensa del predio se present\u00f3 en la Fiscal\u00eda de Estado por el deterioro del ecosistema declarado \u201cReserva de la Bi\u00f3sfera\u201d por la UNESCO. El Foro para la Defensa del Parque Pereyra Iraola denunci\u00f3 ante la Fiscal\u00eda de Estado de la Provincia de Buenos Aires el abandono\u2026","rel":"","context":"En \u00abLocales\u00bb","block_context":{"text":"Locales","link":"https:\/\/www.24baires.com\/?cat=38"},"img":{"alt_text":"parque iraola","src":"https:\/\/i0.wp.com\/www.24baires.com\/wp-content\/uploads\/2013\/09\/parque-iraola.jpg?resize=350%2C200","width":350,"height":200},"classes":[]},{"id":43454,"url":"https:\/\/www.24baires.com\/?p=43454","url_meta":{"origin":16649,"position":2},"title":"Villa Elisa: los vecinos y su cruzada en defensa del Parque Pereyra Iraola","author":"Grupo Sierra","date":"07\/04\/2014","format":false,"excerpt":"Vecinos de Villa Elisa convocaron a movilizarse este martes hasta las oficinas de Vialidad Nacional en Capital Federal, para oponerse al proyecto que prev\u00e9 construir el tramo IV de la Autopista Presidente Per\u00f3n sobre el Parque Pereyra Iraola. Los vecinos informaron que la convocatoria se realizar\u00e1 a las 14 horas\u2026","rel":"","context":"En \u00abLocales\u00bb","block_context":{"text":"Locales","link":"https:\/\/www.24baires.com\/?cat=38"},"img":{"alt_text":"parque pereyra iraola","src":"https:\/\/i0.wp.com\/www.24baires.com\/wp-content\/uploads\/2014\/04\/parque-pereyra-iraola-300x200.jpg?resize=350%2C200","width":350,"height":200},"classes":[]},{"id":50191,"url":"https:\/\/www.24baires.com\/?p=50191","url_meta":{"origin":16649,"position":3},"title":"Buscan declarar como Reserva Natural el Parque Pereyra Iraola","author":"Grupo Sierra","date":"19\/07\/2014","format":false,"excerpt":"La diputada provincial Valeria Amendolara (FPV) present\u00f3 el proyecto de Ley. De esta manera \u201cse dispondr\u00e1n medidas de protecci\u00f3n, conservaci\u00f3n, administraci\u00f3n y uso\u201d del predio emplazado en los municipios de La Plata, Berazategui, Ensenada y Florencio Varela. Respecto a la iniciativa ingresada en la C\u00e1mara Baja, Amendolara indic\u00f3 que \u201clo\u2026","rel":"","context":"En \u00abMunicipios\u00bb","block_context":{"text":"Municipios","link":"https:\/\/www.24baires.com\/?cat=44"},"img":{"alt_text":"parque pereyra iraola","src":"https:\/\/i0.wp.com\/www.24baires.com\/wp-content\/uploads\/2014\/04\/parque-pereyra-iraola.jpg?resize=350%2C200","width":350,"height":200,"srcset":"https:\/\/i0.wp.com\/www.24baires.com\/wp-content\/uploads\/2014\/04\/parque-pereyra-iraola.jpg?resize=350%2C200 1x, https:\/\/i0.wp.com\/www.24baires.com\/wp-content\/uploads\/2014\/04\/parque-pereyra-iraola.jpg?resize=525%2C300 1.5x"},"classes":[]},{"id":24745,"url":"https:\/\/www.24baires.com\/?p=24745","url_meta":{"origin":16649,"position":4},"title":"Mariotto debati\u00f3 con vecinos leyes ambientales y de agroqu\u00edmicos","author":"AF","date":"30\/05\/2013","format":false,"excerpt":"El vicegobernador y un grupo de asesores visitaron a productores del Parque Pereyra Iraola que trabajan en agricultura familiar y sustentable en una segunda ronda de conversaciones para impulsar leyes que proh\u00edben los agroqu\u00edmicos en el \u00e1rea y otras iniciativas sobre guardaparques, protecci\u00f3n de humedales, red estaciones meteorol\u00f3gicas terrestres y\u2026","rel":"","context":"En \u00abLocales\u00bb","block_context":{"text":"Locales","link":"https:\/\/www.24baires.com\/?cat=38"},"img":{"alt_text":"mariotto2","src":"https:\/\/i0.wp.com\/www.24baires.com\/wp-content\/uploads\/2012\/10\/mariotto2-300x190.jpg?resize=350%2C200","width":350,"height":200},"classes":[]},{"id":35753,"url":"https:\/\/www.24baires.com\/?p=35753","url_meta":{"origin":16649,"position":5},"title":"Vecinos protestaron sobre la Ruta 2 por el trazado de una autopista","author":"AF","date":"26\/11\/2013","format":false,"excerpt":"Distribuyeron volantes y recolectaron firmas a la altura de Ingeniero Allan para oponerse al proyecto que atravesar\u00e1 el Parque Pereyra. Vecinos organizados en distintos espacios realizaron ayer una protesta a la altura de la localidad de Ingeniero Allan, sobre la ruta 2, contra el avance de la autopista Presidente Per\u00f3n\u2026","rel":"","context":"En \u00abLocales\u00bb","block_context":{"text":"Locales","link":"https:\/\/www.24baires.com\/?cat=38"},"img":{"alt_text":"corte ruta","src":"https:\/\/i0.wp.com\/www.24baires.com\/wp-content\/uploads\/2013\/11\/corte-ruta.jpg?resize=350%2C200","width":350,"height":200},"classes":[]}],"jetpack_sharing_enabled":true,"jetpack_likes_enabled":true,"_links":{"self":[{"href":"https:\/\/www.24baires.com\/index.php?rest_route=\/wp\/v2\/posts\/16649","targetHints":{"allow":["GET"]}}],"collection":[{"href":"https:\/\/www.24baires.com\/index.php?rest_route=\/wp\/v2\/posts"}],"about":[{"href":"https:\/\/www.24baires.com\/index.php?rest_route=\/wp\/v2\/types\/post"}],"author":[{"embeddable":true,"href":"https:\/\/www.24baires.com\/index.php?rest_route=\/wp\/v2\/users\/11"}],"replies":[{"embeddable":true,"href":"https:\/\/www.24baires.com\/index.php?rest_route=%2Fwp%2Fv2%2Fcomments&post=16649"}],"version-history":[{"count":2,"href":"https:\/\/www.24baires.com\/index.php?rest_route=\/wp\/v2\/posts\/16649\/revisions"}],"predecessor-version":[{"id":16653,"href":"https:\/\/www.24baires.com\/index.php?rest_route=\/wp\/v2\/posts\/16649\/revisions\/16653"}],"wp:attachment":[{"href":"https:\/\/www.24baires.com\/index.php?rest_route=%2Fwp%2Fv2%2Fmedia&parent=16649"}],"wp:term":[{"taxonomy":"category","embeddable":true,"href":"https:\/\/www.24baires.com\/index.php?rest_route=%2Fwp%2Fv2%2Fcategories&post=16649"},{"taxonomy":"post_tag","embeddable":true,"href":"https:\/\/www.24baires.com\/index.php?rest_route=%2Fwp%2Fv2%2Ftags&post=16649"}],"curies":[{"name":"wp","href":"https:\/\/api.w.org\/{rel}","templated":true}]}}