{"id":16637,"date":"2013-02-24T12:00:30","date_gmt":"2013-02-24T15:00:30","guid":{"rendered":"http:\/\/www.24baires.com\/?p=16637"},"modified":"2013-02-24T18:24:00","modified_gmt":"2013-02-24T21:24:00","slug":"crece-la-preocupacion-por-el-aumento-de-casos-de-sindrome-uremico-hemolitico","status":"publish","type":"post","link":"https:\/\/www.24baires.com\/?p=16637","title":{"rendered":"Crece la preocupaci\u00f3n por el aumento de casos de S\u00edndrome Ur\u00e9mico Hemol\u00edtico"},"content":{"rendered":"<p><strong>BAH\u00cdA BLANCA.-<\/strong> En los \u00faltimos dos meses y medios aumentaron en Bah\u00eda Blanca y la zona, los casos de S\u00edndrome Ur\u00e9mico Hemol\u00edtico, igualando la cantidad que antes se daban en un a\u00f1o entero. Hubo que lamentar la muerte de un ni\u00f1o de 7 a\u00f1os.<!--more--><\/p>\n<p>Nos encontramos en verano y esta estaci\u00f3n es m\u00e1s proclive para que aparezcan casos de S\u00edndrome Ur\u00e9mico Hemol\u00edtico (SUH). Lo que nadie pens\u00f3 es que se iban a producir, en Bah\u00eda y en la zona, tantos en tan poco tiempo. Cinco casos en los \u00faltimos 15 d\u00edas que hacen a 12 en dos meses y medio, igualan el promedio anual que se ven\u00eda dando. Por todo esto, la preocupaci\u00f3n se incrementa y se reclama un mayor papel del Estado en esta dif\u00edcil problem\u00e1tica que puede poner en peligro la vida de las personas que la padecen.<br \/>\nEl portal local EcoDias dialog\u00f3 con Miguel Caracciolo, titular de la Asociaci\u00f3n para la Prevenci\u00f3n del S\u00edndrome Ur\u00e9mico Hemol\u00edtico de Bah\u00eda Blanca (APRESUH). Al respecto, Caracciolo se\u00f1al\u00f3 que desde que se encuentran trabajando, nunca se hab\u00edan dado tantos casos seguidos: \u201cHabr\u00eda que contabilizar por ejemplo dos meses y medio, quiero decir noviembre y diciembre del \u00faltimo a\u00f1o y la primera quincena de este a\u00f1o y en total suman doce casos. Lo que se viene sumando desde 2010, 2011 que fueron 12 casos en el a\u00f1o, ahora se dieron en dos meses y medio. Eso genera una cierta preocupaci\u00f3n y adem\u00e1s porque uno que est\u00e1 en el tema y que toma contacto con personas de otros lugares, tambi\u00e9n vemos que hay muchos casos en el interior de la provincia, en C\u00f3rdoba, en Rosario y en la zona de Capital y Gran Buenos Aires tambi\u00e9n casos que no se conocen p\u00fablicamente pero que los familiares se comunican con nosotros ya sea a trav\u00e9s de la p\u00e1gina o del facebook\u201d.<\/p>\n<p><strong>Causas<\/strong><br \/>\nDe los \u00faltimos cinco casos de SUH, 3 son de personas de Bah\u00eda Blanca, uno de Carmen de Patagones y el restante de la localidad de Coronel Dorrego.<br \/>\nAcerca de las causas, Caracciolo relat\u00f3 que no se sabe a ciencia cierta como para poder identificar cu\u00e1les fueron: \u201cTenemos sospechas pero las sospechas a veces no sirven porque en realidad para ser serios tendr\u00edamos que tener los datos fehacientes, con los an\u00e1lisis hechos y corroborando de que la bacteria que se encuentre en el alimento, en el agua o en donde fuese, coincida con el del paciente. Como no hemos podido comprobar porque no tenemos muestras de todo eso, la verdad es que nunca se llega a determinar cu\u00e1l es la causa\u201d.<br \/>\nSin embargo, hay otras causas m\u00e1s all\u00e1 de las que residen en indicar el foco de contagio y \u00e9stas son las que refieren quiz\u00e1s a la falta de prevenci\u00f3n de las personas pero fundamentalmente a la carencia de una fuerte pol\u00edtica de Estado para realizar campa\u00f1as con un objetivo, justamente, preventivo: \u201cLas campa\u00f1as est\u00e1n de parte nuestra y con el apoyo del periodismo pero lamentablemente eso no alcanza. Ac\u00e1 hay dos factores que son fundamentales del por qu\u00e9 de que esto se repita y son fundamentalmente el tema de que no hay prevenci\u00f3n por parte de las autoridades gubernamentales a nivel nacional y provincial fundamentalmente. No hay ninguna campa\u00f1a y tampoco hay el control que deber\u00eda haber en los alimentos. El C\u00f3digo Alimentario es un c\u00f3digo que est\u00e1 bien hecho y muy claro pero que lamentablemente no se cumple como se debiera cumplir\u201d.<\/p>\n<p><strong>Ciudadanos de cuarta<\/strong><br \/>\nAnte lo dicho anteriormente, Caracciolo agreg\u00f3 que por un lado no se le brinda a la comunidad las campa\u00f1as de prevenci\u00f3n que se merece como ocurre con cualquier otra enfermedad y, por otro lado, tampoco se controla y se termina con el llamado doble est\u00e1ndar de los frigor\u00edficos: \u201cEl doble est\u00e1ndar es aquello de que un frigor\u00edfico que vende carne para exportaci\u00f3n y que vende carne para el consumo interno, en la exportaci\u00f3n hace los controles que debe y en el consumo interno no hace los controles por lo tanto parecemos ciudadanos de cuarta categor\u00eda. Hasta que no se tome conciencia de eso, lamentablemente los casos van a continuar, y en mayor o menor medida dependemos de la suerte de que haya m\u00e1s o menos casos\u201d.<br \/>\nCaracciolo pidi\u00f3 por este medio tanto al intendente como al ministro de Producci\u00f3n bonaerense Cristian Breitensten, que efectivicen los contactos necesarios a nivel provincial y nacional con los respectivos Ministerios de Salud \u201cpara charlar este tema y para ver qu\u00e9 es lo que se puede hacer, qu\u00e9 est\u00e1 dispuesto a hacer el Estado en favor de evitar este tipo de enfermedades que justamente son evitables pero como no se hace nada siguen habiendo cada vez m\u00e1s casos y los pacientes son los que realmente pagan el costo de esta situaci\u00f3n\u201d.<br \/>\nA nivel local, Caracciolo destac\u00f3 el trabajo de la Secretar\u00eda de Salud y del \u00e1rea de Bromatolog\u00eda municipal aunque, como puede verse, los esfuerzos parecen no alcanzar: \u201cHay que decir que lamentablemente la parte de Bromatolog\u00eda de la ciudad tiene solamente dos inspectores y con dos inspectores es muy dif\u00edcil poder trabajar. Yo conozco c\u00f3mo trabaja esta gente, la responsabilidad y las ganas que le ponen a la tarea pero lamentablemente no alcanza con dos inspectores, se necesitan por lo menos ocho o diez inspectores m\u00e1s como para empezar a tener un control un poquito m\u00e1s serio porque Bah\u00eda Blanca es grande y tiene much\u00edsimos comercios que lamentablemente no pueden ser controlados porque no alcanza la gente y no se puede hacer magia\u201d.<\/p>\n<p>&nbsp;<\/p>\n<p>&nbsp;<\/p>\n<p>&nbsp;<\/p>\n<p>&nbsp;<\/p>\n<p>&nbsp;<\/p>\n<p>&nbsp;<\/p>\n","protected":false},"excerpt":{"rendered":"<p>BAH\u00cdA BLANCA.- En los \u00faltimos dos meses y medios aumentaron en Bah\u00eda Blanca y la zona, los casos de S\u00edndrome Ur\u00e9mico Hemol\u00edtico, igualando la cantidad que antes se daban en un a\u00f1o entero. Hubo que lamentar la muerte de un ni\u00f1o de 7 a\u00f1os.<\/p>\n","protected":false},"author":11,"featured_media":0,"comment_status":"open","ping_status":"open","sticky":false,"template":"","format":"standard","meta":{"_jetpack_newsletter_access":"","_jetpack_dont_email_post_to_subs":false,"_jetpack_newsletter_tier_id":0,"_jetpack_memberships_contains_paywalled_content":false,"_jetpack_memberships_contains_paid_content":false,"footnotes":""},"categories":[1],"tags":[],"class_list":["post-16637","post","type-post","status-publish","format-standard","hentry","category-sociedad"],"jetpack_featured_media_url":"","jetpack_shortlink":"https:\/\/wp.me\/p2JWE0-4kl","jetpack-related-posts":[{"id":56289,"url":"https:\/\/www.24baires.com\/?p=56289","url_meta":{"origin":16637,"position":0},"title":"Muri\u00f3 una nena y otra est\u00e1 internada por intoxicaci\u00f3n en Adrogu\u00e9","author":"GB","date":"30\/10\/2014","format":false,"excerpt":"Una ni\u00f1a de dos a\u00f1os falleci\u00f3 y otra de la misma edad permanece internada en estado delicado en el Hospital Italiano de la Ciudad de Buenos Aires, luego de ser afectadas por el S\u00edndrome Ur\u00e9mico Hemol\u00edtico, aparentemente por ingerir carne mal cocida en el comedor de un colegio privado de\u2026","rel":"","context":"En \u00abLocales\u00bb","block_context":{"text":"Locales","link":"https:\/\/www.24baires.com\/?cat=38"},"img":{"alt_text":"","src":"","width":0,"height":0},"classes":[]},{"id":41704,"url":"https:\/\/www.24baires.com\/?p=41704","url_meta":{"origin":16637,"position":1},"title":"La historia de una joven y la lucha contra su obra social","author":"Grupo Sierra","date":"07\/03\/2014","format":false,"excerpt":"Romina tiene 25 a\u00f1os y desde hace dos padece S\u00edndrome Ur\u00e9mico Hemol\u00edtico At\u00edpico, una grave enfermedad que compromete su vida. Su caso tom\u00f3 estado p\u00fablico a partir de la difusi\u00f3n en las redes sociales de una carta que dirigi\u00f3 a la Presidenta en la cual pide la intervenci\u00f3n de la\u2026","rel":"","context":"En \u00abSociedad\u00bb","block_context":{"text":"Sociedad","link":"https:\/\/www.24baires.com\/?cat=1"},"img":{"alt_text":"medicamentos","src":"https:\/\/i0.wp.com\/www.24baires.com\/wp-content\/uploads\/2013\/03\/medicamentos.jpg?resize=350%2C200","width":350,"height":200},"classes":[]},{"id":112346,"url":"https:\/\/www.24baires.com\/?p=112346","url_meta":{"origin":16637,"position":2},"title":"Preocupaci\u00f3n en Bah\u00eda Blanca por la aparici\u00f3n de 5 bombas de uso militar","author":"GB","date":"03\/10\/2019","format":false,"excerpt":"En solo tres d\u00edas, distintos vecinos de la ciudad encontraron cinco artefactos explosivos aeronavales Todo comenz\u00f3 el lunes, cuando un chatarrero del barrio 9 de Noviembre de Bah\u00eda blanca hall\u00f3 dos bombas en un contenedor mientras reciclaba objetos en un terreno bald\u00edo ubicado en Rosales y Pablo Lejarraga. El hombre\u2026","rel":"","context":"En \u00abMunicipios\u00bb","block_context":{"text":"Municipios","link":"https:\/\/www.24baires.com\/?cat=44"},"img":{"alt_text":"","src":"https:\/\/i0.wp.com\/www.24baires.com\/wp-content\/uploads\/2019\/10\/armas-militares.jpg?resize=350%2C200","width":350,"height":200,"srcset":"https:\/\/i0.wp.com\/www.24baires.com\/wp-content\/uploads\/2019\/10\/armas-militares.jpg?resize=350%2C200 1x, https:\/\/i0.wp.com\/www.24baires.com\/wp-content\/uploads\/2019\/10\/armas-militares.jpg?resize=525%2C300 1.5x"},"classes":[]},{"id":17090,"url":"https:\/\/www.24baires.com\/?p=17090","url_meta":{"origin":16637,"position":3},"title":"En Bah\u00eda Blanca aumentaron las denuncias de hombres golpeados por sus parejas","author":"AF","date":"01\/03\/2013","format":false,"excerpt":"Durante el mes de Febrero del corriente a\u00f1o se presentaron un total de 22 denuncias de hombres maltratados por mujeres en la ciudad de Bah\u00eda Blanca. Este n\u00famero representa una importante suba en la cifra que se ubicaba en 4 casos denunciados en enero. Las denuncias indican que, en su\u2026","rel":"","context":"En \u00abLocales\u00bb","block_context":{"text":"Locales","link":"https:\/\/www.24baires.com\/?cat=38"},"img":{"alt_text":"hombre golpeado","src":"https:\/\/i0.wp.com\/www.24baires.com\/wp-content\/uploads\/2013\/03\/hombre-golpeado.jpg?resize=350%2C200","width":350,"height":200,"srcset":"https:\/\/i0.wp.com\/www.24baires.com\/wp-content\/uploads\/2013\/03\/hombre-golpeado.jpg?resize=350%2C200 1x, https:\/\/i0.wp.com\/www.24baires.com\/wp-content\/uploads\/2013\/03\/hombre-golpeado.jpg?resize=525%2C300 1.5x"},"classes":[]},{"id":105627,"url":"https:\/\/www.24baires.com\/?p=105627","url_meta":{"origin":16637,"position":4},"title":"Sancor cierra su planta de Bah\u00eda Blanca","author":"AF","date":"27\/11\/2018","format":false,"excerpt":"La cooperativa l\u00e1ctea lo anunci\u00f3 al sindicato. Las y los 50 trabajadores tendr\u00e1n que optar entre recibir indemnizaciones o un traslado a la f\u00e1brica de la ciudad santafesina de Sunchales, a mil kil\u00f3metros de distancia. La empresa ech\u00f3 tres mil operarios en los \u00faltimos dos a\u00f1os. \"Sancor, una empresa que\u2026","rel":"","context":"En \u00abPol\u00edtica\u00bb","block_context":{"text":"Pol\u00edtica","link":"https:\/\/www.24baires.com\/?cat=51"},"img":{"alt_text":"","src":"https:\/\/i0.wp.com\/www.24baires.com\/wp-content\/uploads\/2017\/04\/sancor.jpg?resize=350%2C200","width":350,"height":200,"srcset":"https:\/\/i0.wp.com\/www.24baires.com\/wp-content\/uploads\/2017\/04\/sancor.jpg?resize=350%2C200 1x, https:\/\/i0.wp.com\/www.24baires.com\/wp-content\/uploads\/2017\/04\/sancor.jpg?resize=525%2C300 1.5x"},"classes":[]},{"id":71744,"url":"https:\/\/www.24baires.com\/?p=71744","url_meta":{"origin":16637,"position":5},"title":"Declaran en rebeld\u00eda a juez bahiense vinculado a la Triple A","author":"GB","date":"07\/09\/2015","format":false,"excerpt":"Montezanti ya recibi\u00f3 un dictamen en su contra para ser sometido a juicio pol\u00edtico por la acusaci\u00f3n de haber sido miembro de la \"Triple A\". Est\u00e1 acusado de pertenecer a dicha banda paraestatal terrorista y de ser agente civil de inteligencia durante la dictadura. Se niega sistem\u00e1ticamente a presentarse a\u2026","rel":"","context":"En \u00abMemoria\u00bb","block_context":{"text":"Memoria","link":"https:\/\/www.24baires.com\/?cat=50"},"img":{"alt_text":"juez triple a","src":"https:\/\/i0.wp.com\/www.24baires.com\/wp-content\/uploads\/2015\/09\/juez-triple-a.jpg?resize=350%2C200","width":350,"height":200,"srcset":"https:\/\/i0.wp.com\/www.24baires.com\/wp-content\/uploads\/2015\/09\/juez-triple-a.jpg?resize=350%2C200 1x, https:\/\/i0.wp.com\/www.24baires.com\/wp-content\/uploads\/2015\/09\/juez-triple-a.jpg?resize=525%2C300 1.5x"},"classes":[]}],"jetpack_sharing_enabled":true,"jetpack_likes_enabled":true,"_links":{"self":[{"href":"https:\/\/www.24baires.com\/index.php?rest_route=\/wp\/v2\/posts\/16637","targetHints":{"allow":["GET"]}}],"collection":[{"href":"https:\/\/www.24baires.com\/index.php?rest_route=\/wp\/v2\/posts"}],"about":[{"href":"https:\/\/www.24baires.com\/index.php?rest_route=\/wp\/v2\/types\/post"}],"author":[{"embeddable":true,"href":"https:\/\/www.24baires.com\/index.php?rest_route=\/wp\/v2\/users\/11"}],"replies":[{"embeddable":true,"href":"https:\/\/www.24baires.com\/index.php?rest_route=%2Fwp%2Fv2%2Fcomments&post=16637"}],"version-history":[{"count":3,"href":"https:\/\/www.24baires.com\/index.php?rest_route=\/wp\/v2\/posts\/16637\/revisions"}],"predecessor-version":[{"id":16640,"href":"https:\/\/www.24baires.com\/index.php?rest_route=\/wp\/v2\/posts\/16637\/revisions\/16640"}],"wp:attachment":[{"href":"https:\/\/www.24baires.com\/index.php?rest_route=%2Fwp%2Fv2%2Fmedia&parent=16637"}],"wp:term":[{"taxonomy":"category","embeddable":true,"href":"https:\/\/www.24baires.com\/index.php?rest_route=%2Fwp%2Fv2%2Fcategories&post=16637"},{"taxonomy":"post_tag","embeddable":true,"href":"https:\/\/www.24baires.com\/index.php?rest_route=%2Fwp%2Fv2%2Ftags&post=16637"}],"curies":[{"name":"wp","href":"https:\/\/api.w.org\/{rel}","templated":true}]}}