{"id":1661,"date":"2012-10-11T11:23:22","date_gmt":"2012-10-11T14:23:22","guid":{"rendered":"http:\/\/www.24baires.com\/?p=1661"},"modified":"2012-10-11T11:23:22","modified_gmt":"2012-10-11T14:23:22","slug":"de-venezuela-a-mar-del-plata","status":"publish","type":"post","link":"https:\/\/www.24baires.com\/?p=1661","title":{"rendered":"\u00bfDe Venezuela a Mar del Plata?"},"content":{"rendered":"<p><img data-recalc-dims=\"1\" loading=\"lazy\" decoding=\"async\" class=\"alignleft size-medium wp-image-1662\" title=\"cheppi\" src=\"https:\/\/i0.wp.com\/www.24baires.com\/wp-content\/uploads\/2012\/10\/cheppi.jpg?resize=300%2C218\" alt=\"\" width=\"300\" height=\"218\" srcset=\"https:\/\/i0.wp.com\/www.24baires.com\/wp-content\/uploads\/2012\/10\/cheppi.jpg?resize=300%2C218&amp;ssl=1 300w, https:\/\/i0.wp.com\/www.24baires.com\/wp-content\/uploads\/2012\/10\/cheppi.jpg?w=362&amp;ssl=1 362w\" sizes=\"auto, (max-width: 300px) 100vw, 300px\" \/>El kirchnerismo marplatense insiste en volver a apostar en Carlos Cheppi para las elecciones legislativas del distrito. Por esto no descartan que el actual embajador argentino en Venezuela pegue la vuelta para pelearle el Concejo a Pulti.<!--more--><\/p>\n<p>En las elecciones para intendente del a\u00f1o pasado, Carlos Cheppi fue el perseguidor m\u00e1s cercano que tuvo el aliado del oficialismo, Gustavo Pulti.<\/p>\n<p>En el kirchnerismo, por esto, buscan volver a impulsar al ex candidato a jefe comunal con el fin de pelearle el concejo deliberante al mandam\u00e1s marplatense y adem\u00e1s, comenzar a pensar en el 2015.<\/p>\n<p>El prosecretario legislativo del Senado bonaerense, Diego Garciarena, anunci\u00f3, por esto, que ir\u00e1n nuevamente en busca del actual en embajador argentino en Venezuela para que encabece la lista de concejales en 2013.<\/p>\n<p>En declaraciones a Cazador de Noticias, el funcionario provincial dijo \u201cCarlos Cheppi es el mejor candidato que podemos ofrecerle a la gente\u201d.<\/p>\n<p>A pesar de esto, Garciarena aclar\u00f3 que \u201cCristina tiene la \u00faltima palabra, por lo cual, si ella dispone algo diferente, as\u00ed se cumplir\u00e1\u201d, y reiter\u00f3: \u201cEn nuestro proyecto nacional no hacemos lo que cada uno quiere, sino que tenemos una conducci\u00f3n clara, que es la de la Presidenta\u201d. \u201cDe todos modos \u2013 advirti\u00f3 \u2013 creemos que el esfuerzo y la instalaci\u00f3n que tuvo Cheppi en el 2011 no pueden ser desaprovechados en el futuro inmediato\u201d.<\/p>\n","protected":false},"excerpt":{"rendered":"<p>El kirchnerismo marplatense insiste en volver a apostar en Carlos Cheppi para las elecciones legislativas del distrito. Por esto no descartan que el actual embajador argentino en Venezuela pegue la vuelta para pelearle el Concejo a Pulti.<\/p>\n","protected":false},"author":4,"featured_media":0,"comment_status":"open","ping_status":"open","sticky":false,"template":"","format":"standard","meta":{"_jetpack_newsletter_access":"","_jetpack_dont_email_post_to_subs":false,"_jetpack_newsletter_tier_id":0,"_jetpack_memberships_contains_paywalled_content":false,"_jetpack_memberships_contains_paid_content":false,"footnotes":""},"categories":[51],"tags":[],"class_list":["post-1661","post","type-post","status-publish","format-standard","hentry","category-politica"],"jetpack_featured_media_url":"","jetpack_shortlink":"https:\/\/wp.me\/p2JWE0-qN","jetpack-related-posts":[{"id":14444,"url":"https:\/\/www.24baires.com\/?p=14444","url_meta":{"origin":1661,"position":0},"title":"El kirchnerismo marplatense repudi\u00f3 el acuerdo entre Pulti y Telef\u00f3nica","author":"Grupo Sierra","date":"02\/02\/2013","format":false,"excerpt":"MAR DEL PLATA.- El Frente para la Victoria marplatense repudi\u00f3 los acuerdos para financiar el traslado del palacio municipal, al tiempo que manifest\u00f3 su desconfianza respecto de lo que consider\u00f3 \"la limosna de las corporaciones\".\u00a0El encargado de comunicar la opini\u00f3n de la conducci\u00f3n pol\u00edtica del FpV marplatense fue el actual\u2026","rel":"","context":"En \u00abPol\u00edtica\u00bb","block_context":{"text":"Pol\u00edtica","link":"https:\/\/www.24baires.com\/?cat=51"},"img":{"alt_text":"cheppi","src":"https:\/\/i0.wp.com\/www.24baires.com\/wp-content\/uploads\/2012\/12\/cheppi-300x268.jpg?resize=350%2C200","width":350,"height":200},"classes":[]},{"id":22757,"url":"https:\/\/www.24baires.com\/?p=22757","url_meta":{"origin":1661,"position":1},"title":"\u201cEn Mar del Plata va a haber lista del Frente para la Victoria\u201d dijo Cheppi y le peg\u00f3 a Pulti","author":"Grupo Sierra","date":"05\/05\/2013","format":false,"excerpt":"Con la presencia de m\u00e1s de 400 personas, el embajador argentino en Venezuela y referente del Frente para la Victoria de General Pueyrred\u00f3n, Carlos Cheppi, encabez\u00f3 un encuentro de militantes en el Instituto Unzu\u00e9, donde se confirm\u00f3 que ese espacio trabajar\u00e1 para presentar una lista propia en las elecciones legislativas\u2026","rel":"","context":"En \u00abPol\u00edtica\u00bb","block_context":{"text":"Pol\u00edtica","link":"https:\/\/www.24baires.com\/?cat=51"},"img":{"alt_text":"Encuentro Unzu\u00e9 Mayo4","src":"https:\/\/i0.wp.com\/www.24baires.com\/wp-content\/uploads\/2013\/05\/Encuentro-Unzu%C3%A9-Mayo4.jpg?resize=350%2C200","width":350,"height":200,"srcset":"https:\/\/i0.wp.com\/www.24baires.com\/wp-content\/uploads\/2013\/05\/Encuentro-Unzu%C3%A9-Mayo4.jpg?resize=350%2C200 1x, https:\/\/i0.wp.com\/www.24baires.com\/wp-content\/uploads\/2013\/05\/Encuentro-Unzu%C3%A9-Mayo4.jpg?resize=525%2C300 1.5x"},"classes":[]},{"id":111174,"url":"https:\/\/www.24baires.com\/?p=111174","url_meta":{"origin":1661,"position":2},"title":"Una encuesta local da primera a Raverta y segundo a Montenegro en Mar del Plata","author":"GB","date":"15\/07\/2019","format":false,"excerpt":"Pero si se suman los votos de Montenegro y Baragiola, Juntos por el Cambio se impondr\u00eda ante el Frente de Todos. Una encuesta a nivel local da primera en las PASO a la precandidata a intendente del Frente de Todos Fernanda Raverta y segundo al precandidato de Juntos por el\u2026","rel":"","context":"En \u00abElecciones\u00bb","block_context":{"text":"Elecciones","link":"https:\/\/www.24baires.com\/?cat=316"},"img":{"alt_text":"","src":"https:\/\/i0.wp.com\/www.24baires.com\/wp-content\/uploads\/2019\/07\/paso-mdp.jpg?resize=350%2C200","width":350,"height":200,"srcset":"https:\/\/i0.wp.com\/www.24baires.com\/wp-content\/uploads\/2019\/07\/paso-mdp.jpg?resize=350%2C200 1x, https:\/\/i0.wp.com\/www.24baires.com\/wp-content\/uploads\/2019\/07\/paso-mdp.jpg?resize=525%2C300 1.5x"},"classes":[]},{"id":45099,"url":"https:\/\/www.24baires.com\/?p=45099","url_meta":{"origin":1661,"position":3},"title":"Mar del Plata: Marcelo Artime se suma a la interna del FpV para las PASO 2015","author":"GB","date":"30\/04\/2014","format":false,"excerpt":"Se trata del ex presidente del Concejo Deliberante Marcelo Artime, quien asegur\u00f3 que \"yo siempre dije en forma honesta que me gustar\u00eda ser intendente alg\u00fan d\u00eda\" La intendencia de Mar del Plata empieza a perfilar su contienda electoral. Poco a poco, los competidores van sumando sus nombres. En el Frente\u2026","rel":"","context":"En \u00abLocales\u00bb","block_context":{"text":"Locales","link":"https:\/\/www.24baires.com\/?cat=38"},"img":{"alt_text":"artime y boudou","src":"https:\/\/i0.wp.com\/www.24baires.com\/wp-content\/uploads\/2014\/04\/artime-y-boudou-300x188.jpg?resize=350%2C200","width":350,"height":200},"classes":[]},{"id":73798,"url":"https:\/\/www.24baires.com\/?p=73798","url_meta":{"origin":1661,"position":4},"title":"Removieron a los embajadores argentinos en Cuba y Venezuela","author":"GB","date":"19\/10\/2015","format":false,"excerpt":"La decisi\u00f3n se inform\u00f3 a trav\u00e9s del Bolet\u00edn Oficial. A\u00fan no se dieron a conocer los nombres de los reemplazantes. El gobierno nacional inform\u00f3 que ha decidi\u00f3 trasladar a los embajadores que encabezan las embajadas argentinas en Cuba y en la Rep\u00fablica Bolivariana de Venezuela. La disposici\u00f3n fue publicada esta\u2026","rel":"","context":"En \u00abPol\u00edtica\u00bb","block_context":{"text":"Pol\u00edtica","link":"https:\/\/www.24baires.com\/?cat=51"},"img":{"alt_text":"cheppi","src":"https:\/\/i0.wp.com\/www.24baires.com\/wp-content\/uploads\/2015\/10\/cheppi.jpg?resize=350%2C200","width":350,"height":200,"srcset":"https:\/\/i0.wp.com\/www.24baires.com\/wp-content\/uploads\/2015\/10\/cheppi.jpg?resize=350%2C200 1x, https:\/\/i0.wp.com\/www.24baires.com\/wp-content\/uploads\/2015\/10\/cheppi.jpg?resize=525%2C300 1.5x"},"classes":[]},{"id":43402,"url":"https:\/\/www.24baires.com\/?p=43402","url_meta":{"origin":1661,"position":5},"title":"\u201cUrribarri no es el candidato de los medios sino de las transformaciones\u201d lanz\u00f3 Cheppi","author":"Grupo Sierra","date":"06\/04\/2014","format":false,"excerpt":"El Gobernador de Entre R\u00edos, Sergio Urribarri y el embajador argentino en Venezuela, Carlos Cheppi, participaron de un acto del FPV en Mar del Plata donde analizaron la situaci\u00f3n pol\u00edtica del pa\u00eds, de la ciudad y expresaron sus intenciones pol\u00edticas y proyectos con vistas al 2015. Cheppi tuvo duros conceptos\u2026","rel":"","context":"En \u00abPol\u00edtica\u00bb","block_context":{"text":"Pol\u00edtica","link":"https:\/\/www.24baires.com\/?cat=51"},"img":{"alt_text":"cheppi urribarri","src":"https:\/\/i0.wp.com\/www.24baires.com\/wp-content\/uploads\/2014\/04\/cheppi-urribarri.jpg?resize=350%2C200","width":350,"height":200,"srcset":"https:\/\/i0.wp.com\/www.24baires.com\/wp-content\/uploads\/2014\/04\/cheppi-urribarri.jpg?resize=350%2C200 1x, https:\/\/i0.wp.com\/www.24baires.com\/wp-content\/uploads\/2014\/04\/cheppi-urribarri.jpg?resize=525%2C300 1.5x"},"classes":[]}],"jetpack_sharing_enabled":true,"jetpack_likes_enabled":true,"_links":{"self":[{"href":"https:\/\/www.24baires.com\/index.php?rest_route=\/wp\/v2\/posts\/1661","targetHints":{"allow":["GET"]}}],"collection":[{"href":"https:\/\/www.24baires.com\/index.php?rest_route=\/wp\/v2\/posts"}],"about":[{"href":"https:\/\/www.24baires.com\/index.php?rest_route=\/wp\/v2\/types\/post"}],"author":[{"embeddable":true,"href":"https:\/\/www.24baires.com\/index.php?rest_route=\/wp\/v2\/users\/4"}],"replies":[{"embeddable":true,"href":"https:\/\/www.24baires.com\/index.php?rest_route=%2Fwp%2Fv2%2Fcomments&post=1661"}],"version-history":[{"count":0,"href":"https:\/\/www.24baires.com\/index.php?rest_route=\/wp\/v2\/posts\/1661\/revisions"}],"wp:attachment":[{"href":"https:\/\/www.24baires.com\/index.php?rest_route=%2Fwp%2Fv2%2Fmedia&parent=1661"}],"wp:term":[{"taxonomy":"category","embeddable":true,"href":"https:\/\/www.24baires.com\/index.php?rest_route=%2Fwp%2Fv2%2Fcategories&post=1661"},{"taxonomy":"post_tag","embeddable":true,"href":"https:\/\/www.24baires.com\/index.php?rest_route=%2Fwp%2Fv2%2Ftags&post=1661"}],"curies":[{"name":"wp","href":"https:\/\/api.w.org\/{rel}","templated":true}]}}