{"id":16603,"date":"2013-02-24T13:10:18","date_gmt":"2013-02-24T16:10:18","guid":{"rendered":"http:\/\/www.24baires.com\/?p=16603"},"modified":"2013-02-24T13:10:18","modified_gmt":"2013-02-24T16:10:18","slug":"las-escuelas-tecnicas-ahora-tendran-siete-anos-el-ultimo-tendran-que-ir-a-trabajar","status":"publish","type":"post","link":"https:\/\/www.24baires.com\/?p=16603","title":{"rendered":"Las escuelas t\u00e9cnicas ahora tendr\u00e1n siete a\u00f1os: el \u00faltimo tendr\u00e1n que ir a trabajar"},"content":{"rendered":"<p>El sistema educativo bonaerense estrenar\u00e1 este a\u00f1o un cambio en la ense\u00f1anza t\u00e9cnica que hasta las propias autoridades y los docentes de los colegios definen como \u201cun gran salto cualitativo\u201d. Se trata de la implementaci\u00f3n, por primera vez en la historia, del 7\u00b0 a\u00f1o en las escuelas de esa modalidad, donde los alumnos deber\u00e1n integrarse a empresas grandes, Pymes o Cooperativas.\u00a0<!--more--><\/p>\n<p>Durante todo el curso lectivo, los alumnos realizar\u00e1n las denominadas \u201cpr\u00e1cticas profesionalizantes\u201d. En empresas y en la escuela deber\u00e1n aplicar los conocimientos adquiridos en los 6 primeros a\u00f1os, con el objetivo de relacionarse con el \u00e1mbito del trabajo y salir a la cancha, una vez obtenido el t\u00edtulo de t\u00e9cnico, con la experiencia necesaria para no toparse con un mundo desconocido.<\/p>\n<p>El 7\u00b0 a\u00f1o no es obligatorio, pues los alumnos se reciben al terminar 6\u00b0 el t\u00edtulo de bachiller y tienen la opci\u00f3n de terminar all\u00ed el secundario. No obstante, en los colegios afirman que \u201ccasi todos\u201d seguir\u00e1n el 7\u00b0 a\u00f1o para obtener la tecnicatura. Eso cambiar\u00e1 en el 2016.<\/p>\n<p>\u201cLa ley nacional estipula que, luego del 2015, el \u00fanico t\u00edtulo que se otorgar\u00e1 ser\u00e1 el de t\u00e9cnico, para lo cual s\u00ed es imprescindible realizar las pr\u00e1cticas profesionalizantes\u201d, explic\u00f3 el subsecretario de Educaci\u00f3n bonaerense, Carlos Gianella.<\/p>\n<p>Tras destacar que la provincia de Buenos Aires ser\u00e1 la primera del pa\u00eds en instrumentar el s\u00e9ptimo a\u00f1o, Gianella detall\u00f3 que la reforma alcanza a las 248 escuelas t\u00e9cnicas y a las 112 agrarias, y estim\u00f3 que ser\u00e1n m\u00e1s de 12.500 los alumnos que inaugurar\u00e1n esta experiencia.<\/p>\n<p>Gianella indic\u00f3 que \u201csi bien el 7\u00b0 aparece como una continuaci\u00f3n del 6\u00b0, no es lo mismo\u201d. \u201cSe pretende que sea un a\u00f1o durante el cual el alumno consolide los conocimientos adquiridos mediante su aplicaci\u00f3n, y que de ese modo conozca desde adentro el sistema de producci\u00f3n de bienes y servicios\u201d, dijo y subray\u00f3: \u201cNo se trata de pasant\u00edas, sino de pr\u00e1cticas con car\u00e1cter educativo\u201d.<\/p>\n<p>Los estudiantes tendr\u00e1n una carga horaria de 30 horas semanales, un tercio menos que durante los primeros 6 a\u00f1os. \u201cPero no s\u00f3lo har\u00e1n pr\u00e1cticas. Tambi\u00e9n tendr\u00e1n materias curriculares, en las que se trabajar\u00e1 por proyecto, donde deber\u00e1n exponer lo que hicieron (en la empresa), expresar sus dudas y obtener orientaci\u00f3n del profesor. Son asignaturas muy espec\u00edficas\u201d, explic\u00f3 Gianella.<\/p>\n<p>La cartera educativa ya firm\u00f3 convenios con importantes automotrices, con c\u00e1maras empresariales, con cooperativas de servicios y con Pymes.<\/p>\n<p>\u201cPero tambi\u00e9n con universidades, b\u00e1sicamente con la Tecnol\u00f3gica (UTN) y con las facultades de ingenier\u00eda, ya que las pr\u00e1cticas se podr\u00e1n hacer en ese \u00e1mbito\u201d, aclar\u00f3 Gianella, y remarc\u00f3 que \u201csi bien al obtener el t\u00edtulo de bachiller al finalizar 6\u00b0 a\u00f1o el alumno podr\u00e1 iniciar el 7\u00b0 en la escuela y al mismo tiempo la carrera universitaria que quiera, se har\u00e1 especial hincapi\u00e9 en las ingenier\u00edas porque el pa\u00eds necesita de esos profesionales para ampliar su competitividad\u201d, sostuvo el funcionario.<\/p>\n<p>Gianella, en tanto, dijo que \u201ceste a\u00f1o vamos a aprender todos juntos\u201d. Y finaliz\u00f3: \u201cLa escuela t\u00e9cnica tiene m\u00edstica, hay que terminar de recuperarla para que contagie al resto\u201d.<\/p>\n<p>&nbsp;<\/p>\n<p>&nbsp;<\/p>\n<p>&nbsp;<\/p>\n<p>&nbsp;<\/p>\n<p>&nbsp;<\/p>\n<p>&nbsp;<\/p>\n<p>&nbsp;<\/p>\n<p>&nbsp;<\/p>\n<p>&nbsp;<\/p>\n<p>&nbsp;<\/p>\n<p>&nbsp;<\/p>\n<p>&nbsp;<\/p>\n<p>&nbsp;<\/p>\n<p>&nbsp;<\/p>\n<p>&nbsp;<\/p>\n<p>&nbsp;<\/p>\n<p>&nbsp;<\/p>\n<p>&nbsp;<\/p>\n<p>&nbsp;<\/p>\n<p>&nbsp;<\/p>\n<p>&nbsp;<\/p>\n<p>&nbsp;<\/p>\n<p>&nbsp;<\/p>\n<p>&nbsp;<\/p>\n","protected":false},"excerpt":{"rendered":"<p>El sistema educativo bonaerense estrenar\u00e1 este a\u00f1o un cambio en la ense\u00f1anza t\u00e9cnica que hasta las propias autoridades y los docentes de los colegios definen como \u201cun gran salto cualitativo\u201d. Se trata de la implementaci\u00f3n, por primera vez en la historia, del 7\u00b0 a\u00f1o en las escuelas de esa modalidad, donde los alumnos deber\u00e1n integrarse a empresas grandes, Pymes o [&#8230;]<\/p>\n","protected":false},"author":11,"featured_media":0,"comment_status":"open","ping_status":"open","sticky":false,"template":"","format":"standard","meta":{"_jetpack_newsletter_access":"","_jetpack_dont_email_post_to_subs":false,"_jetpack_newsletter_tier_id":0,"_jetpack_memberships_contains_paywalled_content":false,"_jetpack_memberships_contains_paid_content":false,"footnotes":""},"categories":[1],"tags":[],"class_list":["post-16603","post","type-post","status-publish","format-standard","hentry","category-sociedad"],"jetpack_featured_media_url":"","jetpack_shortlink":"https:\/\/wp.me\/p2JWE0-4jN","jetpack-related-posts":[{"id":36754,"url":"https:\/\/www.24baires.com\/?p=36754","url_meta":{"origin":16603,"position":0},"title":"La Ley provincial de Educaci\u00f3n T\u00e9cnica, cada vez m\u00e1s cerca","author":"Grupo Sierra","date":"13\/12\/2013","format":false,"excerpt":"Lo anunci\u00f3 la ministra de Educaci\u00f3n bonaerense durante la entrega de diplomas y distinciones a los primeros 10500 egresados del s\u00e9ptimo a\u00f1o de escuelas t\u00e9cnicas y agrarias. La actividad se desarroll\u00f3 en el Sal\u00f3n de Usos M\u00faltiples (SUM) de la Gobernaci\u00f3n y estuvo encabezada por la directora general de Cultura\u2026","rel":"","context":"En \u00abProvincia\u00bb","block_context":{"text":"Provincia","link":"https:\/\/www.24baires.com\/?cat=40"},"img":{"alt_text":"T\u00e9cnica","src":"https:\/\/i0.wp.com\/www.24baires.com\/wp-content\/uploads\/2013\/12\/T%C3%A9cnica.jpg?resize=350%2C200","width":350,"height":200,"srcset":"https:\/\/i0.wp.com\/www.24baires.com\/wp-content\/uploads\/2013\/12\/T%C3%A9cnica.jpg?resize=350%2C200 1x, https:\/\/i0.wp.com\/www.24baires.com\/wp-content\/uploads\/2013\/12\/T%C3%A9cnica.jpg?resize=525%2C300 1.5x"},"classes":[]},{"id":46719,"url":"https:\/\/www.24baires.com\/?p=46719","url_meta":{"origin":16603,"position":1},"title":"Cada vez m\u00e1s j\u00f3venes se inscriben en las escuelas t\u00e9cnicas bonaerenses","author":"AF","date":"25\/05\/2014","format":false,"excerpt":"La matr\u00edcula aument\u00f3 un 6 por ciento en los \u00faltimos tres a\u00f1os. Seg\u00fan indic\u00f3 la Direccci\u00f3n General de Cultura y Educaci\u00f3n, en 2013 egresaron m\u00e1s de 8.000 t\u00e9cnicos, de los cuales entre el 60 y el 70 por ciento ingres\u00f3 inmediatamente al mercado laboral. Al hacer un balance de la\u2026","rel":"","context":"En \u00abSociedad\u00bb","block_context":{"text":"Sociedad","link":"https:\/\/www.24baires.com\/?cat=1"},"img":{"alt_text":"ascuela t\u00e9cnica","src":"https:\/\/i0.wp.com\/www.24baires.com\/wp-content\/uploads\/2014\/05\/ascuela-t%C3%A9cnica.jpg?resize=350%2C200","width":350,"height":200,"srcset":"https:\/\/i0.wp.com\/www.24baires.com\/wp-content\/uploads\/2014\/05\/ascuela-t%C3%A9cnica.jpg?resize=350%2C200 1x, https:\/\/i0.wp.com\/www.24baires.com\/wp-content\/uploads\/2014\/05\/ascuela-t%C3%A9cnica.jpg?resize=525%2C300 1.5x"},"classes":[]},{"id":48197,"url":"https:\/\/www.24baires.com\/?p=48197","url_meta":{"origin":16603,"position":2},"title":"Alumnos de escuela t\u00e9cnica har\u00e1n mantenimiento de la calefacci\u00f3n de otras escuelas","author":"GB","date":"17\/06\/2014","format":false,"excerpt":"Alumnos de 3\u00ba a\u00f1o de la Escuela de Ense\u00f1anza T\u00e9cnica N\u00ba 1 de la ciudad de Trenque Lauquen, en el partido hom\u00f3nimo, se ocupar\u00e1n del mantenimiento de la calefacci\u00f3n en las escuelas de la zona, a trav\u00e9s de un convenio firmado entre la instituci\u00f3n y el Consejo Escolar, se inform\u00f3\u2026","rel":"","context":"En \u00abLocales\u00bb","block_context":{"text":"Locales","link":"https:\/\/www.24baires.com\/?cat=38"},"img":{"alt_text":"","src":"","width":0,"height":0},"classes":[]},{"id":49782,"url":"https:\/\/www.24baires.com\/?p=49782","url_meta":{"origin":16603,"position":3},"title":"La Plata: j\u00f3venes reciclan computadoras y las donan a las escuelas","author":"GB","date":"13\/07\/2014","format":false,"excerpt":"Son chicos de la T\u00e9cnica N\u00ba 9 de La Plata, que conjuntamente con la UNLP trabaja en el proyecto \u201ce-basura\u201d de recuperaci\u00f3n y donaci\u00f3n de equipos en desuso, uniendo as\u00ed conocimiento y valores solidarios. Mediante esta iniciativa los estudiantes reparan y reciclan procesadores de inform\u00e1tica con los cuales arman computadoras\u2026","rel":"","context":"En \u00abSociedad\u00bb","block_context":{"text":"Sociedad","link":"https:\/\/www.24baires.com\/?cat=1"},"img":{"alt_text":"","src":"","width":0,"height":0},"classes":[]},{"id":31705,"url":"https:\/\/www.24baires.com\/?p=31705","url_meta":{"origin":16603,"position":4},"title":"Alumnos de escuela t\u00e9cnica fabricaron sem\u00e1foros LED para todo Coronel Dorrego","author":"AF","date":"12\/09\/2013","format":false,"excerpt":"Los alumnos de la \u00fanica escuela t\u00e9cnica de Coronel Dorrego, construyeron sem\u00e1foros con luz Led para toda su ciudad, con el fin de brindar un aporte a su comunidad. El aporte de los estudiantes de 7\u00ba a\u00f1o de la especializaci\u00f3n en electr\u00f3nica de la Escuela de Ense\u00f1anza T\u00e9cnica N\u00ba1, permiti\u00f3\u2026","rel":"","context":"En \u00abLocales\u00bb","block_context":{"text":"Locales","link":"https:\/\/www.24baires.com\/?cat=38"},"img":{"alt_text":"","src":"","width":0,"height":0},"classes":[]},{"id":121426,"url":"https:\/\/www.24baires.com\/?p=121426","url_meta":{"origin":16603,"position":5},"title":"La nueva escuela secundaria que se viene en la Provincia","author":"GB","date":"07\/06\/2024","format":false,"excerpt":"El Gobierno aprob\u00f3 una serie de cambios para la escuela secundaria, y a partir del a\u00f1o que viene no se repetir\u00e1 el a\u00f1o entero, sino las materias desaprobadas. El Gobierno bonaerense resolvi\u00f3 cambiar el r\u00e9gimen acad\u00e9mico en la escuela secundaria: los alumnos ya no repetir\u00e1n el a\u00f1o si se llevan\u2026","rel":"","context":"En \u00abProvincia\u00bb","block_context":{"text":"Provincia","link":"https:\/\/www.24baires.com\/?cat=40"},"img":{"alt_text":"","src":"https:\/\/i0.wp.com\/www.24baires.com\/wp-content\/uploads\/2024\/06\/escuela-sec.webp?resize=350%2C200","width":350,"height":200,"srcset":"https:\/\/i0.wp.com\/www.24baires.com\/wp-content\/uploads\/2024\/06\/escuela-sec.webp?resize=350%2C200 1x, https:\/\/i0.wp.com\/www.24baires.com\/wp-content\/uploads\/2024\/06\/escuela-sec.webp?resize=525%2C300 1.5x, https:\/\/i0.wp.com\/www.24baires.com\/wp-content\/uploads\/2024\/06\/escuela-sec.webp?resize=700%2C400 2x"},"classes":[]}],"jetpack_sharing_enabled":true,"jetpack_likes_enabled":true,"_links":{"self":[{"href":"https:\/\/www.24baires.com\/index.php?rest_route=\/wp\/v2\/posts\/16603","targetHints":{"allow":["GET"]}}],"collection":[{"href":"https:\/\/www.24baires.com\/index.php?rest_route=\/wp\/v2\/posts"}],"about":[{"href":"https:\/\/www.24baires.com\/index.php?rest_route=\/wp\/v2\/types\/post"}],"author":[{"embeddable":true,"href":"https:\/\/www.24baires.com\/index.php?rest_route=\/wp\/v2\/users\/11"}],"replies":[{"embeddable":true,"href":"https:\/\/www.24baires.com\/index.php?rest_route=%2Fwp%2Fv2%2Fcomments&post=16603"}],"version-history":[{"count":2,"href":"https:\/\/www.24baires.com\/index.php?rest_route=\/wp\/v2\/posts\/16603\/revisions"}],"predecessor-version":[{"id":16605,"href":"https:\/\/www.24baires.com\/index.php?rest_route=\/wp\/v2\/posts\/16603\/revisions\/16605"}],"wp:attachment":[{"href":"https:\/\/www.24baires.com\/index.php?rest_route=%2Fwp%2Fv2%2Fmedia&parent=16603"}],"wp:term":[{"taxonomy":"category","embeddable":true,"href":"https:\/\/www.24baires.com\/index.php?rest_route=%2Fwp%2Fv2%2Fcategories&post=16603"},{"taxonomy":"post_tag","embeddable":true,"href":"https:\/\/www.24baires.com\/index.php?rest_route=%2Fwp%2Fv2%2Ftags&post=16603"}],"curies":[{"name":"wp","href":"https:\/\/api.w.org\/{rel}","templated":true}]}}