{"id":16565,"date":"2013-02-23T20:07:56","date_gmt":"2013-02-23T23:07:56","guid":{"rendered":"http:\/\/www.24baires.com\/?p=16565"},"modified":"2013-04-18T18:25:39","modified_gmt":"2013-04-18T21:25:39","slug":"democratizacion-de-la-justicia","status":"publish","type":"post","link":"https:\/\/www.24baires.com\/?p=16565","title":{"rendered":"Democratizaci\u00f3n de la Justicia"},"content":{"rendered":"<p><img data-recalc-dims=\"1\" loading=\"lazy\" decoding=\"async\" class=\"aligncenter size-full wp-image-16566\" alt=\"jueces2\" src=\"https:\/\/i0.wp.com\/www.24baires.com\/wp-content\/uploads\/2013\/02\/jueces2.jpg?resize=560%2C424\" width=\"560\" height=\"424\" srcset=\"https:\/\/i0.wp.com\/www.24baires.com\/wp-content\/uploads\/2013\/02\/jueces2.jpg?w=560&amp;ssl=1 560w, https:\/\/i0.wp.com\/www.24baires.com\/wp-content\/uploads\/2013\/02\/jueces2.jpg?resize=300%2C227&amp;ssl=1 300w\" sizes=\"auto, (max-width: 560px) 100vw, 560px\" \/><\/p>\n<p>(Por\u00a0<em>Sebasti\u00e1n R. Narvaja*<\/em>) Si alguien se aproximara a un integrante de un tribunal de alguna de las experiencias hist\u00f3ricas de Sistemas de Justicia Republicanos y Democr\u00e1ticos en el momento en que estuviera trabajando, probablemente notar\u00eda que no se trata de un bur\u00f3crata, sino de un ciudadano llamado a cumplir una funci\u00f3n de gobierno, de manera eventual o permanente.<!--more--><\/p>\n<p>Si el mismo visitante desapercibido le preguntara: \u201cUsted, \u00bfqu\u00e9 est\u00e1 haciendo, para qu\u00e9 est\u00e1 ac\u00e1?\u201d, seguramente recibir\u00eda como respuesta: \u201cPara tomar una decisi\u00f3n, hay dos partes que no est\u00e1n de acuerdo y yo tengo que resolver qui\u00e9n tiene raz\u00f3n\u201d.<\/p>\n<p>Ahora, llevemos a nuestro visitante a cualquier juzgado de cualquiera de los sistemas de justicia tradicionales de alguna de las jurisdicciones de nuestro pa\u00eds y sent\u00e9moslo delante del despacho de alg\u00fan juez. Esta vez no ser\u00e1 evidente ni constante, pero sin dudas ser\u00e1 habitual que la persona ser\u00e1 un bur\u00f3crata, que se inici\u00f3 en el oficio poniendo sellos en el mostrador de la entrada y que hoy ocupa la oficina m\u00e1s grande del despacho. Y si preguntara nuestro desapercibido viajero \u201cUsted, \u00bfa qu\u00e9 se dedica?\u201d, la respuesta m\u00e1s honesta que podr\u00eda recibir ser\u00eda \u201cA firmar. Firmo muchas veces al d\u00eda. Sentencias, pero tambi\u00e9n autos, decretos fundados, exhortos, rogatorias, mandamientos, oficios, decretos de mero tr\u00e1mite, diligencias, notificaciones, c\u00e9dulas y actas. Pero tambi\u00e9n firmo autorizaciones para licencias, talonarios para suministro de hojas, cartuchos para impresoras, ganchitos para abrochadoras y de vez en cuando pido alg\u00fan tubo fluorescente\u201d.<\/p>\n<p><em>&#8211; Pero, \u00bfno hay mucha gente que viene a su oficina a plantearle disputas?<\/em><\/p>\n<p>&#8211; Si, las hay. A montones, cada uno de esos expedientes que forman las enormes monta\u00f1as que vio en los pasillos al ingresar y tambi\u00e9n las de aqu\u00e9l escritorio, esconden alguna disputa.<\/p>\n<p><em>&#8211; \u00bfY quien las resuelve?<\/em><\/p>\n<p>&#8211; Muchas de ellas, los bur\u00f3cratas a los que vio cuando entr\u00f3, en esas oficinas m\u00e1s peque\u00f1itas. Algunas yo, cuando son importantes. La mayor\u00eda de ellas, el tiempo, que todo lo resuelve.<\/p>\n<p>Con matices y con dignas excepciones, construidas con dedicaci\u00f3n y coraje por algunos pocos buenos funcionarios, cualquiera de los sistemas de justicia de nuestro pa\u00eds podr\u00eda ser el protagonista de la historia del visitante perplejo.<\/p>\n<p>Los jueces no toman las decisiones y las partes en disputa s\u00f3lo pueden advertirlo a medias, espiando por entre las pilas de expedientes. La delegaci\u00f3n de funciones es la regla. Este modelo de organizaci\u00f3n hace que, en los hechos, las decisiones sean tomadas por los empleados judiciales, sobre sus escritorios atiborrados de papeles.<\/p>\n<p>En d\u00edas que se discute sobre qu\u00e9 hay que hacer para avanzar con la Democratizaci\u00f3n de la Justicia, comienzan a o\u00edrse voces que opinan que una de las l\u00edneas de trabajo consiste en profundizar y volver m\u00e1s eficiente este sistema. Para que los que jueces que hoy s\u00f3lo firman puedan firmar m\u00e1s papeles.<\/p>\n<p>Para ello, se propone que los jueces sean l\u00edderes, que logren un manejo refinado de incentivos, indicadores, metas de producci\u00f3n, inputs de management y otras armas extra\u00f1as, para que los tomadores de decisiones, los empleados de la l\u00ednea de montaje, trabajen m\u00e1s eficientemente.<\/p>\n<p>Un juez sirve a la rep\u00fablica y a la democracia si es capaz de garantizar el derecho de cada persona a que su raz\u00f3n valga, a que no gane el m\u00e1s fuerte, a que sus razones sean o\u00eddas y tomadas en cuenta cuando se tomen las decisiones. Y el lugar donde este trabajo se hace es una sala de audiencias, p\u00fablica. All\u00ed se escucha a las partes y a los testigos, all\u00ed se ve la prueba sin intermediarios y de frente al pueblo. All\u00ed lo importante son las decisiones y no las firmas.<\/p>\n<p>Un bur\u00f3crata firmante no garantiza decisiones razonables. No garantiza que las partes en disputa sean o\u00eddas. No garantiza un juego justo.<\/p>\n<p>Para hacer funcionar l\u00edneas de montaje de expedientes en los que la raz\u00f3n pierde contra el burocratinaje, se necesitan capataces.<\/p>\n<p>La Rep\u00fablica y la Democracia no necesitan capataces, necesitan Jueces.<\/p>\n<p>&nbsp;<\/p>\n<p>&nbsp;<\/p>\n<p><em>[*] Miembro de la Junta Directiva del Instituto de Estudios Comparados en Ciencias Penales y Sociales INECIP<\/em><\/p>\n","protected":false},"excerpt":{"rendered":"<p>(Por\u00a0Sebasti\u00e1n R. Narvaja*) Si alguien se aproximara a un integrante de un tribunal de alguna de las experiencias hist\u00f3ricas de Sistemas de Justicia Republicanos y Democr\u00e1ticos en el momento en que estuviera trabajando, probablemente notar\u00eda que no se trata de un bur\u00f3crata, sino de un ciudadano llamado a cumplir una funci\u00f3n de gobierno, de manera eventual o permanente.<\/p>\n","protected":false},"author":11,"featured_media":0,"comment_status":"open","ping_status":"open","sticky":false,"template":"","format":"standard","meta":{"_jetpack_newsletter_access":"","_jetpack_dont_email_post_to_subs":false,"_jetpack_newsletter_tier_id":0,"_jetpack_memberships_contains_paywalled_content":false,"_jetpack_memberships_contains_paid_content":false,"footnotes":""},"categories":[64],"tags":[],"class_list":["post-16565","post","type-post","status-publish","format-standard","hentry","category-opinion"],"jetpack_featured_media_url":"","jetpack_shortlink":"https:\/\/wp.me\/p2JWE0-4jb","jetpack-related-posts":[{"id":111518,"url":"https:\/\/www.24baires.com\/?p=111518","url_meta":{"origin":16565,"position":0},"title":"El Gobierno volvi\u00f3 a aclarar que \u00abno puede y no va a haber manipulaci\u00f3n en la carga\u00bb","author":"AF","date":"08\/08\/2019","format":false,"excerpt":"En medio de las suspicacias en torno a la empresa Smartmatic, Adri\u00e1n P\u00e9rez sostuvo que \"los resultados van a estar mucho antes\" que en las elecciones anteriores. Andr\u00e9s Ibarra tambi\u00e9n sali\u00f3 a defender a la firma venezolana. El secretario de Asuntos Pol\u00edticos e Institucionales, Adri\u00e1n P\u00e9rez, tuvo que volver a\u2026","rel":"","context":"En \u00abPol\u00edtica\u00bb","block_context":{"text":"Pol\u00edtica","link":"https:\/\/www.24baires.com\/?cat=51"},"img":{"alt_text":"","src":"https:\/\/i0.wp.com\/www.24baires.com\/wp-content\/uploads\/2013\/08\/escrutinio.jpg?resize=350%2C200","width":350,"height":200,"srcset":"https:\/\/i0.wp.com\/www.24baires.com\/wp-content\/uploads\/2013\/08\/escrutinio.jpg?resize=350%2C200 1x, https:\/\/i0.wp.com\/www.24baires.com\/wp-content\/uploads\/2013\/08\/escrutinio.jpg?resize=525%2C300 1.5x"},"classes":[]},{"id":118844,"url":"https:\/\/www.24baires.com\/?p=118844","url_meta":{"origin":16565,"position":1},"title":"\u00abEl da\u00f1o que hizo Macri a la Argentina es incalculable\u00bb","author":"AF","date":"10\/05\/2022","format":false,"excerpt":"En una entrevista con el diario El Pa\u00eds durante su visita a Espa\u00f1a, el Presidente expres\u00f3 su anhelo de que \"alguna vez la justicia investigue con seriedad\" los \"negociados\" realizados por el Gobierno de Cambiemos, asegur\u00f3 que no le \"preocupa\" el debate en el Frente de Todos, opin\u00f3 sobre el\u2026","rel":"","context":"En \u00abPol\u00edtica\u00bb","block_context":{"text":"Pol\u00edtica","link":"https:\/\/www.24baires.com\/?cat=51"},"img":{"alt_text":"","src":"https:\/\/i0.wp.com\/www.24baires.com\/wp-content\/uploads\/2022\/01\/alberto-fernandez.jpg?resize=350%2C200","width":350,"height":200,"srcset":"https:\/\/i0.wp.com\/www.24baires.com\/wp-content\/uploads\/2022\/01\/alberto-fernandez.jpg?resize=350%2C200 1x, https:\/\/i0.wp.com\/www.24baires.com\/wp-content\/uploads\/2022\/01\/alberto-fernandez.jpg?resize=525%2C300 1.5x, https:\/\/i0.wp.com\/www.24baires.com\/wp-content\/uploads\/2022\/01\/alberto-fernandez.jpg?resize=700%2C400 2x"},"classes":[]},{"id":113857,"url":"https:\/\/www.24baires.com\/?p=113857","url_meta":{"origin":16565,"position":2},"title":"Desde Provincia desmintieron que el Gobierno eval\u00fae liberar presos para resolver la superpoblaci\u00f3n carcelaria","author":"GB","date":"19\/01\/2020","format":false,"excerpt":"Un miembro de la Comisi\u00f3n Provincial por la Memoria dijo que en el Servicio Penitenciario Bonaerense hay alrededor de 15 mil personas que no deber\u00edan estar detenidas. Desde el Ministerio de Justicia negaron que una liberaci\u00f3n masiva sea la soluci\u00f3n. La cartera que conduce Julio Alak neg\u00f3 que el gobierno\u2026","rel":"","context":"En \u00abProvincia\u00bb","block_context":{"text":"Provincia","link":"https:\/\/www.24baires.com\/?cat=40"},"img":{"alt_text":"","src":"https:\/\/i0.wp.com\/www.24baires.com\/wp-content\/uploads\/2020\/01\/kicillof-charla.jpg?resize=350%2C200","width":350,"height":200,"srcset":"https:\/\/i0.wp.com\/www.24baires.com\/wp-content\/uploads\/2020\/01\/kicillof-charla.jpg?resize=350%2C200 1x, https:\/\/i0.wp.com\/www.24baires.com\/wp-content\/uploads\/2020\/01\/kicillof-charla.jpg?resize=525%2C300 1.5x"},"classes":[]},{"id":118119,"url":"https:\/\/www.24baires.com\/?p=118119","url_meta":{"origin":16565,"position":3},"title":"\u00abBasta de divisiones; vamos todos de la mano por m\u00e1s justicia social\u00bb","author":"AF","date":"11\/10\/2021","format":false,"excerpt":"El Presidente inaugur\u00f3 una f\u00e1brica de dulces regionales, recorri\u00f3 una planta de chacinados y visit\u00f3 el edificio que albergar\u00e1 a una agrupaci\u00f3n de Gendarmer\u00eda Nacional en Aguilares. Tiene por delante un acto del Frente de Todos que encabezar\u00e1 en el hip\u00f3dromo de la capital tucumana. El presidente Alberto Fern\u00e1ndez afirm\u00f3\u2026","rel":"","context":"En \u00abSociedad\u00bb","block_context":{"text":"Sociedad","link":"https:\/\/www.24baires.com\/?cat=1"},"img":{"alt_text":"","src":"https:\/\/i0.wp.com\/www.24baires.com\/wp-content\/uploads\/2021\/10\/61647f85a849a_1004x565.jpg?resize=350%2C200","width":350,"height":200,"srcset":"https:\/\/i0.wp.com\/www.24baires.com\/wp-content\/uploads\/2021\/10\/61647f85a849a_1004x565.jpg?resize=350%2C200 1x, https:\/\/i0.wp.com\/www.24baires.com\/wp-content\/uploads\/2021\/10\/61647f85a849a_1004x565.jpg?resize=525%2C300 1.5x"},"classes":[]},{"id":101541,"url":"https:\/\/www.24baires.com\/?p=101541","url_meta":{"origin":16565,"position":4},"title":"Vidal presenta la reforma judicial bonaerense","author":"GB","date":"11\/04\/2018","format":false,"excerpt":"La mandataria detallar\u00e1 junto al ministro Gustavo Ferrari los principales puntos del plan integral de reforma del Sistema de Justicia. La gobernadora Mar\u00eda Eugenia Vidal y el ministro de Justicia, Gustavo Ferrari, presentar\u00e1n hoy la Reforma Integral del Sistema de Justicia que impulsa el Gobierno bonaerense. El anuncio se har\u00e1\u2026","rel":"","context":"En \u00abProvincia\u00bb","block_context":{"text":"Provincia","link":"https:\/\/www.24baires.com\/?cat=40"},"img":{"alt_text":"","src":"https:\/\/i0.wp.com\/www.24baires.com\/wp-content\/uploads\/2018\/03\/vidal-1.jpg?resize=350%2C200","width":350,"height":200,"srcset":"https:\/\/i0.wp.com\/www.24baires.com\/wp-content\/uploads\/2018\/03\/vidal-1.jpg?resize=350%2C200 1x, https:\/\/i0.wp.com\/www.24baires.com\/wp-content\/uploads\/2018\/03\/vidal-1.jpg?resize=525%2C300 1.5x"},"classes":[]},{"id":100074,"url":"https:\/\/www.24baires.com\/?p=100074","url_meta":{"origin":16565,"position":5},"title":"Diputado PRO pidi\u00f3 \u00abreconciliaci\u00f3n\u00bb y \u00abperd\u00f3n\u00bb para los genocidas de la dictadura","author":"AF","date":"21\/01\/2018","format":false,"excerpt":"El presidente del bloque de diputados del PRO, Nicol\u00e1s Massot, opin\u00f3 sobre los cr\u00edmenes de lesa humanidad cometidos en los '70 y consider\u00f3 que las v\u00edctimas de los represores quieren que \"el tema\" siga vigente porque obtienen \"alg\u00fan r\u00e9dito\". En un giro radical con la pol\u00edtica implementada en la \u00faltima\u2026","rel":"","context":"En \u00abPol\u00edtica\u00bb","block_context":{"text":"Pol\u00edtica","link":"https:\/\/www.24baires.com\/?cat=51"},"img":{"alt_text":"Resultado de imagen para massot","src":"https:\/\/i0.wp.com\/www.filo.news\/export\/sites\/claro\/img\/2017\/12\/15\/nicolas_massot_diputado.jpg_751523899.jpg?resize=350%2C200&ssl=1","width":350,"height":200,"srcset":"https:\/\/i0.wp.com\/www.filo.news\/export\/sites\/claro\/img\/2017\/12\/15\/nicolas_massot_diputado.jpg_751523899.jpg?resize=350%2C200&ssl=1 1x, https:\/\/i0.wp.com\/www.filo.news\/export\/sites\/claro\/img\/2017\/12\/15\/nicolas_massot_diputado.jpg_751523899.jpg?resize=525%2C300&ssl=1 1.5x"},"classes":[]}],"jetpack_sharing_enabled":true,"jetpack_likes_enabled":true,"_links":{"self":[{"href":"https:\/\/www.24baires.com\/index.php?rest_route=\/wp\/v2\/posts\/16565","targetHints":{"allow":["GET"]}}],"collection":[{"href":"https:\/\/www.24baires.com\/index.php?rest_route=\/wp\/v2\/posts"}],"about":[{"href":"https:\/\/www.24baires.com\/index.php?rest_route=\/wp\/v2\/types\/post"}],"author":[{"embeddable":true,"href":"https:\/\/www.24baires.com\/index.php?rest_route=\/wp\/v2\/users\/11"}],"replies":[{"embeddable":true,"href":"https:\/\/www.24baires.com\/index.php?rest_route=%2Fwp%2Fv2%2Fcomments&post=16565"}],"version-history":[{"count":3,"href":"https:\/\/www.24baires.com\/index.php?rest_route=\/wp\/v2\/posts\/16565\/revisions"}],"predecessor-version":[{"id":21380,"href":"https:\/\/www.24baires.com\/index.php?rest_route=\/wp\/v2\/posts\/16565\/revisions\/21380"}],"wp:attachment":[{"href":"https:\/\/www.24baires.com\/index.php?rest_route=%2Fwp%2Fv2%2Fmedia&parent=16565"}],"wp:term":[{"taxonomy":"category","embeddable":true,"href":"https:\/\/www.24baires.com\/index.php?rest_route=%2Fwp%2Fv2%2Fcategories&post=16565"},{"taxonomy":"post_tag","embeddable":true,"href":"https:\/\/www.24baires.com\/index.php?rest_route=%2Fwp%2Fv2%2Ftags&post=16565"}],"curies":[{"name":"wp","href":"https:\/\/api.w.org\/{rel}","templated":true}]}}